{"id":18017,"date":"2018-03-06T08:34:54","date_gmt":"2018-03-06T07:34:54","guid":{"rendered":"http:\/\/info.sadowne.pl\/?p=18017"},"modified":"2020-04-24T11:27:36","modified_gmt":"2020-04-24T09:27:36","slug":"zyj-tak","status":"publish","type":"post","link":"https:\/\/info.sadowne.pl\/?p=18017","title":{"rendered":"\u201e\u017byj tak, aby \u015blady twych st\u00f3p przetrwa\u0142y Ci\u0119&#8221;"},"content":{"rendered":"<p><strong><img loading=\"lazy\" decoding=\"async\" class=\"alignleft size-thumbnail wp-image-18018\" src=\"http:\/\/info.sadowne.pl\/wp-content\/uploads\/2018\/03\/2018.03.06.5-180x130.jpg\" alt=\"\" width=\"180\" height=\"130\" \/>Dzie\u0144 2 marca 2018 r. wpisa\u0142 si\u0119 w niecodzienny spos\u00f3b w pami\u0119ci mieszka\u0144c\u00f3w P\u0142atkownicy i go\u015bci, kt\u00f3rzy przybyli do gmachu Szko\u0142y Podstawowej w P\u0142atkownicy.<\/strong><!--more--><\/p>\n<p>Ci, kt\u00f3rzy pragn\u0119li pozna\u0107 lub pog\u0142\u0119bi\u0107 wiedz\u0119 o b\u0142ogos\u0142awionym ks. Edwardzie Grzymale mogli w tym dniu zapozna\u0107 si\u0119 z prezentacj\u0105 multimedialn\u0105 \u201e\u015aladami ksi\u0119dza Edwarda. Ko\u0142odzi\u0105\u017c- Dachau\u201d, opracowan\u0105 przez p. S\u0142awomira Akonoma. Dokumentacja fotograficzna miejsc pobytu B\u0142ogos\u0142awionego, szczeg\u00f3\u0142owy \u017cyciorys z analiz\u0105 jego tekst\u00f3w oraz wspomnienia o ksi\u0119dzu pozwoli\u0142y zebranym pozna\u0107 proces dojrzewania wiary.<\/p>\n<p>Poznaj\u0105c sylwetk\u0119 B\u0142ogos\u0142awionego, warto podkre\u015bli\u0107, \u017ce odznacza\u0142 si\u0119 niezwyk\u0142ymi przymiotami. By\u0142 zdolnym, pracowitym i wytrwa\u0142ym w d\u0105\u017ceniu do celu, zna\u0142 osiem j\u0119zyk\u00f3w obcych. Dokona\u0142 przek\u0142adu Ewangelii. Jest wzorem niez\u0142omno\u015bci i cierpliwo\u015bci w pokonywaniu trudno\u015bci. Ch\u0119tnie si\u0119 uczy\u0142, pomimo przeszk\u00f3d materialnych. A nade wszystko da\u0142 przyk\u0142ad pokory i \u015bwi\u0119to\u015bci w realiach obozu koncentracyjnego.<\/p>\n<p>W roku obchod\u00f3w 100-lecia Niepodleg\u0142o\u015bci Polski nale\u017cy doda\u0107, \u017ce ca\u0142e \u017cycie ksi\u0119dza jest bezcenn\u0105 lekcj\u0105 patriotyzmu. Zakorzeniony w wierze, j\u0119zyku i kulturze ojczystej da\u0142 si\u0119 pozna\u0107 jako charyzmatyczny kap\u0142an w Polsce wolnej i zniewolonej.<\/p>\n<p>Dzi\u0119kujemy wszystkim, kt\u00f3rzy przyczynili si\u0119 do zorganizowania tego spotkania.<\/p>\n<p><strong>El\u017cbieta i S\u0142awomir Akonomowie\u00a0 <\/strong><\/p>\n<p><strong>Zdj\u0119cia: Weronika i S\u0142awomir Akonom<\/strong><\/p>\n<p><strong><span style=\"color: #0000ff;\"><a href=\"https:\/\/photos.app.goo.gl\/feLV27hmjZM1dZgQ7\" target=\"_blank\" rel=\"noopener noreferrer\">Zdj\u0119cia w galerii Google&gt;&gt;&gt;\u00a0<\/a>\u00a0<\/span>\u00a0<\/strong><\/p>\n","protected":false},"excerpt":{"rendered":"<p>Dzie\u0144 2 marca 2018 r. wpisa\u0142 si\u0119 w niecodzienny spos\u00f3b w pami\u0119ci mieszka\u0144c\u00f3w P\u0142atkownicy i go\u015bci, kt\u00f3rzy przybyli do gmachu Szko\u0142y Podstawowej w P\u0142atkownicy.<\/p>\n","protected":false},"author":1,"featured_media":0,"comment_status":"closed","ping_status":"closed","sticky":false,"template":"","format":"standard","meta":{"footnotes":""},"categories":[5,41],"tags":[2737,2735,1995,2736],"class_list":["post-18017","post","type-post","status-publish","format-standard","hentry","category-newsy","category-wiesci-gminne","tag-bl-ks-edward-grzymala","tag-elzbieta-akonom","tag-slawomir-akonom","tag-spotkanie-w-platkownicy"],"views":2979,"_links":{"self":[{"href":"https:\/\/info.sadowne.pl\/index.php?rest_route=\/wp\/v2\/posts\/18017","targetHints":{"allow":["GET"]}}],"collection":[{"href":"https:\/\/info.sadowne.pl\/index.php?rest_route=\/wp\/v2\/posts"}],"about":[{"href":"https:\/\/info.sadowne.pl\/index.php?rest_route=\/wp\/v2\/types\/post"}],"author":[{"embeddable":true,"href":"https:\/\/info.sadowne.pl\/index.php?rest_route=\/wp\/v2\/users\/1"}],"replies":[{"embeddable":true,"href":"https:\/\/info.sadowne.pl\/index.php?rest_route=%2Fwp%2Fv2%2Fcomments&post=18017"}],"version-history":[{"count":4,"href":"https:\/\/info.sadowne.pl\/index.php?rest_route=\/wp\/v2\/posts\/18017\/revisions"}],"predecessor-version":[{"id":23066,"href":"https:\/\/info.sadowne.pl\/index.php?rest_route=\/wp\/v2\/posts\/18017\/revisions\/23066"}],"wp:attachment":[{"href":"https:\/\/info.sadowne.pl\/index.php?rest_route=%2Fwp%2Fv2%2Fmedia&parent=18017"}],"wp:term":[{"taxonomy":"category","embeddable":true,"href":"https:\/\/info.sadowne.pl\/index.php?rest_route=%2Fwp%2Fv2%2Fcategories&post=18017"},{"taxonomy":"post_tag","embeddable":true,"href":"https:\/\/info.sadowne.pl\/index.php?rest_route=%2Fwp%2Fv2%2Ftags&post=18017"}],"curies":[{"name":"wp","href":"https:\/\/api.w.org\/{rel}","templated":true}]}}