{"id":18020,"date":"2018-03-06T13:27:01","date_gmt":"2018-03-06T12:27:01","guid":{"rendered":"http:\/\/info.sadowne.pl\/?p=18020"},"modified":"2020-04-24T11:25:44","modified_gmt":"2020-04-24T09:25:44","slug":"profilaktyka-poprzez-muzyke-i-zabawe","status":"publish","type":"post","link":"https:\/\/info.sadowne.pl\/?p=18020","title":{"rendered":"Profilaktyka poprzez muzyk\u0119 i zabaw\u0119"},"content":{"rendered":"<p><strong><img loading=\"lazy\" decoding=\"async\" class=\"alignleft size-thumbnail wp-image-18021\" src=\"http:\/\/info.sadowne.pl\/wp-content\/uploads\/2018\/03\/2018.03.06.11-180x130.jpg\" alt=\"\" width=\"180\" height=\"130\" \/>Przez 30 lat dzia\u0142alno\u015bci estradowej stworzyli wiele autorskich spektakli dla dzieci i m\u0142odzie\u017cy. Koncerty zespo\u0142u<\/strong> <strong>Ma\u0142a Orkiestra Dni Naszych<\/strong> <strong>to pouczaj\u0105ca zabawa, nas\u0105czona profilaktyk\u0105.<\/strong><!--more--><\/p>\n<p>Ich najnowsze p\u0142yty obj\u0105\u0142 patronatem honorowym Rzecznik Praw Dziecka M. Michalak, Wielka Orkiestra \u015awi\u0105tecznej Pomocy oraz TVP. Piosenka\u00a0 autorstwa lidera zespo\u0142u p. J Kobyli\u0144skiego znalaz\u0142a si\u0119 w \u201eElementarzu XXI wieku\u201d wydawnictwa Nowa Era i trafi\u0142a do wielu tysi\u0119cy trzecioklasist\u00f3w w Polsce.<\/p>\n<p>Zesp\u00f3\u0142 w trzyosobowym sk\u0142adzie koncertowa\u0142 1 marca w Szkole Podstawowej w Sadownem z repertuarem pt. \u201ePiosenki m\u0105drych dzieci\u201d. W ci\u0105gu 45 minut wybornej, muzycznej zabawy nasi mali i duzi uczniowie mieli okazj\u0119 odczu\u0107 jak wielkie znaczenie w \u017cyciu ka\u017cdego cz\u0142owieka ma przyja\u017a\u0144, por\u00f3wnana przez wykonawc\u00f3w do wielkiego drzewa, kt\u00f3re nale\u017cy piel\u0119gnowa\u0107 jak ro\u015blin\u0119. Jest ona bowiem lekarstwem na wszelkie k\u0142opoty i potrafi kruszy\u0107 bariery t\u0119sknoty.<\/p>\n<p>Nasi wychowankowie wraz z artystami \u015bpiewali o tym, \u017ce nie warto my\u015ble\u0107 tylko o sobie, a w \u017cyciu trzeba odr\u00f3\u017cnia\u0107 dobro od z\u0142a, nie uwa\u017ca\u0107 si\u0119 za kogo\u015b lepszego od innych, zawsze stawa\u0107 w obronie s\u0142abszych i niewinnych ludzi, kt\u00f3rych nale\u017cy szanowa\u0107 bez wzgl\u0119du na wiek czy stan. Bo nieprawd\u0105 jest, \u017ce ca\u0142y \u015bwiat jest wielkim, bezdusznym miejscem, gdzie nikt nie dostrzega cz\u0142owieka goni\u0105cego za pieni\u0105dzem. Wyst\u0119p porusza\u0142 r\u00f3wnie\u017c tematyk\u0119 bezpiecze\u0144stwa na drodze oraz umiej\u0119tnego korzystania ze wsp\u00f3\u0142czesnych technologii informacyjnych jak telefon czy komputer.<\/p>\n<p>Z ca\u0142\u0105 pewno\u015bci\u0105 dzisiejsza lekcja profilaktyki zosta\u0142a wzorowo zrealizowana, a efekty\u2026\u2026?<\/p>\n<p>Na efekty b\u0119dziemy czeka\u0107.<\/p>\n<p><strong>Dyrekcja, rada pedagogiczna i uczniowie sk\u0142adaj\u0105 serdeczne podzi\u0119kowania Gminnej Komisji Rozwi\u0105zywania Problem\u00f3w Alkoholowych w Sadownem za sfinansowanie koncertu.<\/strong><\/p>\n<p><strong>Pedagog szkolny &#8211; Maria W\u00f3dka<\/strong><\/p>\n<p><a href=\"https:\/\/photos.app.goo.gl\/QypixhSriK4RCQa8A\" target=\"_blank\" rel=\"noopener noreferrer\"><span style=\"color: #0000ff;\"><strong>Zdj\u0119cia w galerii Google&gt;&gt;&gt;<\/strong><\/span><\/a><\/p>\n","protected":false},"excerpt":{"rendered":"<p>Przez 30 lat dzia\u0142alno\u015bci estradowej stworzyli wiele autorskich spektakli dla dzieci i m\u0142odzie\u017cy. Koncerty zespo\u0142u Ma\u0142a Orkiestra Dni Naszych to pouczaj\u0105ca zabawa, nas\u0105czona profilaktyk\u0105.<\/p>\n","protected":false},"author":1,"featured_media":0,"comment_status":"closed","ping_status":"closed","sticky":false,"template":"","format":"standard","meta":{"footnotes":""},"categories":[5,1752,84],"tags":[2738,2739,16],"class_list":["post-18020","post","type-post","status-publish","format-standard","hentry","category-newsy","category-edukacja","category-szkola-podstawowa-im-cz-wycecha","tag-maria-wodka","tag-profilaktyka-przez-nauke-i-zabawe","tag-szkola-podstawowa-w-sadownem"],"views":2711,"_links":{"self":[{"href":"https:\/\/info.sadowne.pl\/index.php?rest_route=\/wp\/v2\/posts\/18020","targetHints":{"allow":["GET"]}}],"collection":[{"href":"https:\/\/info.sadowne.pl\/index.php?rest_route=\/wp\/v2\/posts"}],"about":[{"href":"https:\/\/info.sadowne.pl\/index.php?rest_route=\/wp\/v2\/types\/post"}],"author":[{"embeddable":true,"href":"https:\/\/info.sadowne.pl\/index.php?rest_route=\/wp\/v2\/users\/1"}],"replies":[{"embeddable":true,"href":"https:\/\/info.sadowne.pl\/index.php?rest_route=%2Fwp%2Fv2%2Fcomments&post=18020"}],"version-history":[{"count":2,"href":"https:\/\/info.sadowne.pl\/index.php?rest_route=\/wp\/v2\/posts\/18020\/revisions"}],"predecessor-version":[{"id":23065,"href":"https:\/\/info.sadowne.pl\/index.php?rest_route=\/wp\/v2\/posts\/18020\/revisions\/23065"}],"wp:attachment":[{"href":"https:\/\/info.sadowne.pl\/index.php?rest_route=%2Fwp%2Fv2%2Fmedia&parent=18020"}],"wp:term":[{"taxonomy":"category","embeddable":true,"href":"https:\/\/info.sadowne.pl\/index.php?rest_route=%2Fwp%2Fv2%2Fcategories&post=18020"},{"taxonomy":"post_tag","embeddable":true,"href":"https:\/\/info.sadowne.pl\/index.php?rest_route=%2Fwp%2Fv2%2Ftags&post=18020"}],"curies":[{"name":"wp","href":"https:\/\/api.w.org\/{rel}","templated":true}]}}