{"id":18047,"date":"2018-03-11T12:46:20","date_gmt":"2018-03-11T11:46:20","guid":{"rendered":"http:\/\/info.sadowne.pl\/?p=18047"},"modified":"2020-04-24T11:24:22","modified_gmt":"2020-04-24T09:24:22","slug":"bylo-milo-i-wesolo","status":"publish","type":"post","link":"https:\/\/info.sadowne.pl\/?p=18047","title":{"rendered":"By\u0142o mi\u0142o i\u2026 weso\u0142o!"},"content":{"rendered":"<p><strong><img loading=\"lazy\" decoding=\"async\" class=\"alignleft size-thumbnail wp-image-18048\" src=\"http:\/\/info.sadowne.pl\/wp-content\/uploads\/2018\/03\/2018.03.11.1-180x130.jpg\" alt=\"\" width=\"180\" height=\"130\" \/>Ju\u017c po raz trzeci na zaproszenie W\u00f3jta Gminy Sadowne licznie odpowiedzia\u0142y mieszkanki Naszej Gminy. Na uroczystych obchodach Gminnego Dnia Kobiet w Sadownem jak zawsze nie mo\u017cna by\u0142o powstydzi\u0107 si\u0119 frekwencji.<\/strong><!--more--><\/p>\n<p>W godzinach wieczornych 10 marca w Sali OSP Sadowne odby\u0142a si\u0119 uroczysta gala z okazji Dnia Kobiet. Jej organizatorem by\u0142 W\u00f3jt Gminy Sadowne p. Waldemar Cyran oraz Gminny O\u015brodek Kultury w Sadownem. Przybywaj\u0105ce na t\u0119 uroczysto\u015b\u0107 Panie witano \u201ew progu\u201d symboliczn\u0105 r\u00f3\u017cyczk\u0105 i numerowanym losem, kt\u00f3ry w dalszej cz\u0119\u015bci spotkania dawa\u0142 szans\u0119 na otrzymanie nagrody niespodzianki.<\/p>\n<p>Uroczysto\u015b\u0107, w imieniu organizator\u00f3w, rozpocz\u0119\u0142a p. Danuta Chyli\u0144ska \u2013 instruktor teatralny Gminnego O\u015brodka Kultury w Sadownem, zapowiadaj\u0105c jednocze\u015bnie artyst\u00f3w, kt\u00f3rzy postanowili umili\u0107 czas przyby\u0142ym go\u015bciom. Pomys\u0142odawca tego spotkania p. Waldemar Cyran przekaza\u0142 wszystkim Paniom w swoim imieniu i tej \u201ebrzydszej\u201d cz\u0119\u015bci mieszka\u0144c\u00f3w Gminy najserdeczniejsze \u017cyczenia z okazji Ich \u015awi\u0119ta, a w przerwach pomi\u0119dzy wyst\u0119pami p. Dyrektor GOK Ewa Pi\u00f3rkowska wcieli\u0142a si\u0119 w rol\u0119 dobrej wr\u00f3\u017cki, obdarzaj\u0105c w\u0142a\u015bcicieli wylosowanych \u201enumerk\u00f3w\u201d drobnymi gad\u017cetami i karnetami umo\u017cliwiaj\u0105cymi skorzystanie z us\u0142ug lokalnych firm, kt\u00f3re po cz\u0119\u015bci sta\u0142y si\u0119 sponsorami naszego Dnia Kobiet.<\/p>\n<p>Jako pierwsze widz\u00f3w zabawi\u0142y grupy teatralne dzia\u0142aj\u0105ce w Gminnym O\u015brodku Kultury w Sadownem. Grupa m\u0142odsza, ale bardziej zaawansowana, zaprezentowa\u0142a przedstawienie \u201eMakabryczne igraszki\u201d. Premiera tej sztuki odby\u0142a si\u0119 16 lutego 2018 r. podczas Maratonu Siatkarskiego <em>Gramy dla Natalki.<\/em> W przedstawieniu wyst\u0105pi\u0142y bajkowe postacie, a wcielili si\u0119 w nie: Kuba Pu\u015bcion \u2013 wilk; Witek Bereza \u2013 gajowy; Oliwka Ka\u0142uska \u2013 Czerwony Kapturek; Amelka Pu\u015bcion, Zuzia Gierej, Iza Ilczuk, Sebastian Wydro i Sebastian Subda \u2013 krasnoludki; Madzia Narowska i Dominika Pacuszka \u2013 konferansjerzy. Natomiast Maja Bubrzyk odegra\u0142a dwie role \u2013 konferansjera i krasnoludka (zast\u0119pstwo za Natalk\u0119 Subd\u0119).<\/p>\n<p>Drugi wyst\u0119p by\u0142 dla wszystkich niespodziank\u0105. Zaprezentowa\u0142a go nowopowsta\u0142a grupa nieco starszych aktor\u00f3w, kt\u00f3rzy te\u017c chcieli sprawdzi\u0107 si\u0119 aktorsko i przygotowali wyst\u0119p zatytu\u0142owany \u201ePrawo jazdy\u201d. Bohaterami tego przedstawienia by\u0142y czarownice, w kt\u00f3re \u015bwietnie wcieli\u0142y si\u0119 panie: Ewa Pi\u00f3rkowska, Barbara Klimek, Monika K\u0105dziela, Agnieszka Narowska, Magda Zy\u015bk i Anna P\u0142ocharska oraz sowy, kt\u00f3rymi przez chwil\u0119 byli panowie: Sebastian Kowalczyk, Marcin Skarpetowwski i Szymon Pi\u00f3rkowski. Obydwa przedstawienia rozbawi\u0142y publiczno\u015b\u0107, kt\u00f3ra cz\u0119sto nagradza\u0142a aktor\u00f3w brawami. Przedstawienia wyre\u017cyserowa\u0142a p. Danuta Chyli\u0144ska, kt\u00f3ra zadba\u0142a r\u00f3wnie\u017c o scenografi\u0119 i kostiumy.<\/p>\n<p>Jako ostatnia, swoj\u0105 cz\u0119\u015b\u0107 artystyczn\u0105 zaprezentowa\u0142a\u00a0m\u0142odzie\u017c z Zespo\u0142u Szk\u00f3\u0142 Ponadgimnazjalnych w \u0141ochowie, wspomagana wokalnie i muzycznie przez ks. Piotra Jarosiewicza i pod kierownictwem dyrektora szko\u0142y p. Andrzeja Suchenka. Podczas programowych przerw czas widowni umila\u0142 humorystycznymi opowie\u015bciami nauczyciel ZSP w \u0141ochowie p. Wojciech Laskowski.<\/p>\n<p>Sw\u00f3j program przedstawi\u0142y dziewcz\u0119ta z Zespo\u0142u &#8222;Anio\u0142ki Andrzeja&#8221;, a kilka znanych i lubianych piosenek oraz skecz\u00f3w widzowie mogli us\u0142ysze\u0107 oraz zobaczy\u0107 w wykonaniu wyst\u0119puj\u0105cego u nas po raz kolejny zespo\u0142u m\u0119skiego ZSP w \u0141ochowie, kt\u00f3ry przyj\u0105\u0142 nazw\u0119 &#8222;Raz na jaki\u015b czas, nie cz\u0119\u015bciej ni\u017c raz w roku, zawsze na Dzie\u0144 Kobiet&#8221;.<\/p>\n<p>A fina\u0142? Tort, w\u0142a\u015bciwie dwa, z \u017cyczeniami dla naszych Pa\u0144 od W\u00f3jta Gminy Sadowne p. Waldemara Cyrana i\u2026 zapowiedzi kolejnych wsp\u00f3lnych, ciekawych spotka\u0144. A wi\u0119c do zobaczenia!<\/p>\n<p><a href=\"https:\/\/photos.app.goo.gl\/cMgpfvLXU9tfgp3FA\" target=\"_blank\" rel=\"noopener noreferrer\"><span style=\"color: #0000ff;\"><strong>Zdj\u0119cia w galerii Google&gt;&gt;&gt;<\/strong><\/span><\/a><\/p>\n<p><strong>Tekst\/foto:<\/strong> S\u0142awek Chyli\u0144ski<\/p>\n","protected":false},"excerpt":{"rendered":"<p>Ju\u017c po raz trzeci na zaproszenie W\u00f3jta Gminy Sadowne licznie odpowiedzia\u0142y mieszkanki Naszej Gminy. Na uroczystych obchodach Gminnego Dnia Kobiet w Sadownem jak zawsze nie mo\u017cna by\u0142o powstydzi\u0107 si\u0119 frekwencji.<\/p>\n","protected":false},"author":1,"featured_media":0,"comment_status":"closed","ping_status":"closed","sticky":false,"template":"","format":"standard","meta":{"footnotes":""},"categories":[5,41],"tags":[1841,169,614],"class_list":["post-18047","post","type-post","status-publish","format-standard","hentry","category-newsy","category-wiesci-gminne","tag-gminny-dzien-kobiet-w-sadownem","tag-gminny-osrodek-kultury-w-sadownem","tag-wojt-gminy-sadowne"],"views":3223,"_links":{"self":[{"href":"https:\/\/info.sadowne.pl\/index.php?rest_route=\/wp\/v2\/posts\/18047","targetHints":{"allow":["GET"]}}],"collection":[{"href":"https:\/\/info.sadowne.pl\/index.php?rest_route=\/wp\/v2\/posts"}],"about":[{"href":"https:\/\/info.sadowne.pl\/index.php?rest_route=\/wp\/v2\/types\/post"}],"author":[{"embeddable":true,"href":"https:\/\/info.sadowne.pl\/index.php?rest_route=\/wp\/v2\/users\/1"}],"replies":[{"embeddable":true,"href":"https:\/\/info.sadowne.pl\/index.php?rest_route=%2Fwp%2Fv2%2Fcomments&post=18047"}],"version-history":[{"count":4,"href":"https:\/\/info.sadowne.pl\/index.php?rest_route=\/wp\/v2\/posts\/18047\/revisions"}],"predecessor-version":[{"id":23064,"href":"https:\/\/info.sadowne.pl\/index.php?rest_route=\/wp\/v2\/posts\/18047\/revisions\/23064"}],"wp:attachment":[{"href":"https:\/\/info.sadowne.pl\/index.php?rest_route=%2Fwp%2Fv2%2Fmedia&parent=18047"}],"wp:term":[{"taxonomy":"category","embeddable":true,"href":"https:\/\/info.sadowne.pl\/index.php?rest_route=%2Fwp%2Fv2%2Fcategories&post=18047"},{"taxonomy":"post_tag","embeddable":true,"href":"https:\/\/info.sadowne.pl\/index.php?rest_route=%2Fwp%2Fv2%2Ftags&post=18047"}],"curies":[{"name":"wp","href":"https:\/\/api.w.org\/{rel}","templated":true}]}}