{"id":18071,"date":"2018-03-14T09:54:54","date_gmt":"2018-03-14T08:54:54","guid":{"rendered":"http:\/\/info.sadowne.pl\/?p=18071"},"modified":"2018-03-14T09:54:54","modified_gmt":"2018-03-14T08:54:54","slug":"zloto-i-srebro-w-miedzynarodowym-turnieju-karate-kyokushin","status":"publish","type":"post","link":"https:\/\/info.sadowne.pl\/?p=18071","title":{"rendered":"Z\u0142oto i srebro w Mi\u0119dzynarodowym Turnieju Karate Kyokushin"},"content":{"rendered":"<p><strong><a href=\"http:\/\/info.sadowne.pl\/wp-content\/uploads\/2018\/03\/2018.03.14.1.jpg\" target=\"_blank\" rel=\"noopener noreferrer\"><img loading=\"lazy\" decoding=\"async\" class=\"alignleft wp-image-18072 size-thumbnail\" src=\"http:\/\/info.sadowne.pl\/wp-content\/uploads\/2018\/03\/2018.03.14.1-180x130.jpg\" alt=\"\" width=\"180\" height=\"130\" \/><\/a>W dniu 11 marca 2018 r. w Zambrowie odby\u0142 si\u0119 Mi\u0119dzynarodowy Turniej o Puchar Burmistrza Zambrowa w Karate Kyokushin. <\/strong><!--more--><\/p>\n<p>Organizator podzieli\u0142 turniej na dwie cz\u0119\u015bci. W pierwszej prawo startu mieli tylko zawodnicy, kt\u00f3rzy posiadaj\u0105 stopnie szkoleniowe nadaj\u0105ce pomara\u0144czowy kolor pasa, w drugiej posiadacze niebieskich i wy\u017cszych pas\u00f3w. Z Brokowskiego Klubu Karate Kyokushinkai wystartowa\u0142o troje zawodnik\u00f3w: Rafa\u0142 Szul\u0119cki, Kacper Miler i Scarlett R\u00f3wna.<\/p>\n<p><a href=\"http:\/\/info.sadowne.pl\/wp-content\/uploads\/2018\/03\/2018.03.14.2.jpg\" target=\"_blank\" rel=\"noopener noreferrer\"><img loading=\"lazy\" decoding=\"async\" class=\"alignright wp-image-18073 size-medium\" src=\"http:\/\/info.sadowne.pl\/wp-content\/uploads\/2018\/03\/2018.03.14.2-300x168.jpg\" alt=\"\" width=\"300\" height=\"168\" srcset=\"https:\/\/info.sadowne.pl\/wp-content\/uploads\/2018\/03\/2018.03.14.2-300x168.jpg 300w, https:\/\/info.sadowne.pl\/wp-content\/uploads\/2018\/03\/2018.03.14.2-768x431.jpg 768w, https:\/\/info.sadowne.pl\/wp-content\/uploads\/2018\/03\/2018.03.14.2.jpg 800w\" sizes=\"auto, (max-width: 300px) 100vw, 300px\" \/><\/a>W turnieju przeznaczonym dla pomara\u0144czowych pas\u00f3w \u015bwietnie spisa\u0142a si\u0119 Scarlett R\u00f3wna. Pewnie przesz\u0142a przez tur\u0119 walk eliminacyjnych. W kolejnym pojedynku nasza zawodniczka mia\u0142a ci\u0119\u017ck\u0105 przepraw\u0119 z wymagaj\u0105c\u0105 karateczk\u0105, kt\u00f3ra fauluj\u0105c chcia\u0142a za wszelk\u0105 cen\u0119 wygra\u0107. Jednak s\u0119dziowie jednog\u0142o\u015bnie wskazali na wygran\u0105 zawodniczki z Broku. W finale Scarlett pokaza\u0142a hart ducha, walk\u0119 zako\u0144czy\u0142a przed czasem i tym samym stan\u0119\u0142a na najwy\u017cszym stopniu podium w Zambrowie.<\/p>\n<p><a href=\"http:\/\/info.sadowne.pl\/wp-content\/uploads\/2018\/03\/2018.03.14.3.jpg\" target=\"_blank\" rel=\"noopener noreferrer\"><img loading=\"lazy\" decoding=\"async\" class=\"alignleft wp-image-18074 size-medium\" src=\"http:\/\/info.sadowne.pl\/wp-content\/uploads\/2018\/03\/2018.03.14.3-300x188.jpg\" alt=\"\" width=\"300\" height=\"188\" srcset=\"https:\/\/info.sadowne.pl\/wp-content\/uploads\/2018\/03\/2018.03.14.3-300x188.jpg 300w, https:\/\/info.sadowne.pl\/wp-content\/uploads\/2018\/03\/2018.03.14.3.jpg 716w\" sizes=\"auto, (max-width: 300px) 100vw, 300px\" \/><\/a>W starszych rocznikach w grupie zaawansowanej startowali Rafa\u0142 Szul\u0119cki i Kacper Miler. Rafa\u0142 ju\u017c w pierwszym starciu trafi\u0142 na bardzo silnego reprezentanta Bia\u0142orusi Dzianisa Tukai. Mimo du\u017cych stara\u0144 ze strony zawodnika BKKK nie uda\u0142o si\u0119 pokona\u0107 rywala zza wschodniej granicy.<\/p>\n<p>Natomiast Kacper pierwszy pojedynek zako\u0144czy\u0142 przed regulaminowym czasem walki poprzez celne i mocne trafienia w udo przeciwnika. W walce fina\u0142owej musia\u0142 uzna\u0107 wy\u017cszo\u015b\u0107 zawodnika z Rosji Steganceva Borisa. \u015awietnie wyszkolony Rosjanin wygra\u0142 ca\u0142\u0105 kategori\u0119. Srebro dla zawodnika z Broku.<\/p>\n<p><a href=\"http:\/\/info.sadowne.pl\/wp-content\/uploads\/2018\/03\/2018.03.14.4.jpg\" target=\"_blank\" rel=\"noopener noreferrer\"><img loading=\"lazy\" decoding=\"async\" class=\"alignright wp-image-18075 size-medium\" src=\"http:\/\/info.sadowne.pl\/wp-content\/uploads\/2018\/03\/2018.03.14.4-300x211.jpg\" alt=\"\" width=\"300\" height=\"211\" srcset=\"https:\/\/info.sadowne.pl\/wp-content\/uploads\/2018\/03\/2018.03.14.4-300x211.jpg 300w, https:\/\/info.sadowne.pl\/wp-content\/uploads\/2018\/03\/2018.03.14.4-768x540.jpg 768w, https:\/\/info.sadowne.pl\/wp-content\/uploads\/2018\/03\/2018.03.14.4.jpg 800w\" sizes=\"auto, (max-width: 300px) 100vw, 300px\" \/><\/a>W International Tournament The Cop of Major of Zambrow in Karate Kyokushin wystartowa\u0142o 250 zawodnik\u00f3w z Polski, Rosji, Bia\u0142orusi, Japonii i Tunezji.<\/p>\n<p><strong>Zbigniew W\u00f3jcicki <\/strong><\/p>\n","protected":false},"excerpt":{"rendered":"<p>W dniu 11 marca 2018 r. w Zambrowie odby\u0142 si\u0119 Mi\u0119dzynarodowy Turniej o Puchar Burmistrza Zambrowa w Karate Kyokushin.<\/p>\n","protected":false},"author":1,"featured_media":0,"comment_status":"closed","ping_status":"closed","sticky":false,"template":"","format":"standard","meta":{"footnotes":""},"categories":[5,2029,7],"tags":[794,2368,2337,2746,2030],"class_list":["post-18071","post","type-post","status-publish","format-standard","hentry","category-newsy","category-karate","category-sport","tag-brokowski-klub-karate-kyokushinkai","tag-kacper-miler","tag-rafal-szulecki","tag-scarlett-rowna","tag-zbigniew-wojcicki"],"views":3110,"_links":{"self":[{"href":"https:\/\/info.sadowne.pl\/index.php?rest_route=\/wp\/v2\/posts\/18071","targetHints":{"allow":["GET"]}}],"collection":[{"href":"https:\/\/info.sadowne.pl\/index.php?rest_route=\/wp\/v2\/posts"}],"about":[{"href":"https:\/\/info.sadowne.pl\/index.php?rest_route=\/wp\/v2\/types\/post"}],"author":[{"embeddable":true,"href":"https:\/\/info.sadowne.pl\/index.php?rest_route=\/wp\/v2\/users\/1"}],"replies":[{"embeddable":true,"href":"https:\/\/info.sadowne.pl\/index.php?rest_route=%2Fwp%2Fv2%2Fcomments&post=18071"}],"version-history":[{"count":1,"href":"https:\/\/info.sadowne.pl\/index.php?rest_route=\/wp\/v2\/posts\/18071\/revisions"}],"predecessor-version":[{"id":18076,"href":"https:\/\/info.sadowne.pl\/index.php?rest_route=\/wp\/v2\/posts\/18071\/revisions\/18076"}],"wp:attachment":[{"href":"https:\/\/info.sadowne.pl\/index.php?rest_route=%2Fwp%2Fv2%2Fmedia&parent=18071"}],"wp:term":[{"taxonomy":"category","embeddable":true,"href":"https:\/\/info.sadowne.pl\/index.php?rest_route=%2Fwp%2Fv2%2Fcategories&post=18071"},{"taxonomy":"post_tag","embeddable":true,"href":"https:\/\/info.sadowne.pl\/index.php?rest_route=%2Fwp%2Fv2%2Ftags&post=18071"}],"curies":[{"name":"wp","href":"https:\/\/api.w.org\/{rel}","templated":true}]}}