{"id":18077,"date":"2018-03-14T12:24:31","date_gmt":"2018-03-14T11:24:31","guid":{"rendered":"http:\/\/info.sadowne.pl\/?p=18077"},"modified":"2018-03-14T12:24:31","modified_gmt":"2018-03-14T11:24:31","slug":"w-uscisku-wspomnien","status":"publish","type":"post","link":"https:\/\/info.sadowne.pl\/?p=18077","title":{"rendered":"\u201eW u\u015bcisku wspomnie\u0144\u201d"},"content":{"rendered":"<p><strong><img loading=\"lazy\" decoding=\"async\" class=\"alignleft size-thumbnail wp-image-18079\" src=\"http:\/\/info.sadowne.pl\/wp-content\/uploads\/2018\/03\/2018.03.14.11-180x130.jpg\" alt=\"\" width=\"180\" height=\"130\" \/>I kolejna doza \u015bwietnej tw\u00f3rczo\u015bci poetyckiej. Tym razem udost\u0119pniamy Pa\u0144stwu nowy tomik wierszy p. Ani Gierej, kt\u00f3ry zatytu\u0142owa\u0142a \u201eW u\u015bcisku wspomnie\u0144\u201d.<\/strong><!--more--><\/p>\n<p>Ostatnio pisali\u015bmy o tomiku wierszy p. Wies\u0142awa Maliszewskiego, o kt\u00f3ry wzbogaci\u0142a si\u0119 Gminna Biblioteka Publiczna w Sadownem, a tu\u2026 kolejna niespodzianka. Te\u017c nowiutki, debiutancki tomik poezji, kt\u00f3ry zawiera wybrane wiersze p. Anny Gierej, zwi\u0105zanej r\u00f3wnie\u017c z Grup\u0105 Poetyck\u0105 IWA.<\/p>\n<p>Mieli\u015bmy ju\u017c przyjemno\u015b\u0107 kontaktu z tw\u00f3rczo\u015bci\u0105 tej poetki, chocia\u017cby podczas spotka\u0144 poetyckich w sadowie\u0144skim Gminnym O\u015brodku Kultury, czy te\u017c zagl\u0105daj\u0105c na stron\u0119 internetow\u0105 Grupy Poetyckiej IWA. Ale mo\u017ce kilka s\u0142\u00f3w o samej autorce wspomnianego tomiku:<\/p>\n<p><strong><img loading=\"lazy\" decoding=\"async\" class=\"alignright size-full wp-image-18080\" src=\"http:\/\/info.sadowne.pl\/wp-content\/uploads\/2018\/03\/A.-Gierej.jpg\" alt=\"\" width=\"129\" height=\"173\" \/>Anna Maria Gierej<\/strong> jest magistrem pedagogiki og\u00f3lnej. Pracowa\u0142a w Szkole Podstawowej nr 1 w \u0141ochowie, w Przedszkolu w \u0141osiewicach, w Szkole Podstawowej im. Czes\u0142awa Wycecha w Sadownem. Od kilku lat pracuje jako wychowawca w internacie Specjalnego O\u015brodka Szkolno &#8211; Wychowawczego w W\u0119growie. Praca ta uczy j\u0105 empatii, cierpliwo\u015bci, pokory, wra\u017cliwo\u015bci i mi\u0142o\u015bci. W wolnych chwilach s\u0142ucha muzyki, czyta wiersze innych poet\u00f3w, m.in.: Adama Asnyka, Marii Pawlikowskiej-Jasnorzewskiej, ksi\u0119dza Jana Twardowskiego.<\/p>\n<p>W u\u015bcisku wspomnie\u0144 to jej pierwszy debiutancki tomik, w kt\u00f3rym przejawia si\u0119 \u017cywa wiara w Boga oraz wra\u017cliwo\u015b\u0107 na codzienno\u015b\u0107 i jej odcienie. Nawet szaro\u015b\u0107 ma tu sw\u00f3j poetycki walor. Od b\u00f3lu i \u017calu po rado\u015b\u0107 i szcz\u0119\u015bcie &#8211; to przekr\u00f3j jej \u017cycia. Pi\u0119kno, \u017cycie, natura, mi\u0142o\u015b\u0107, ojczyzna, B\u00f3g &#8211; to s\u0142owa, kt\u00f3re najlepiej opisuj\u0105 ten tomik.<\/p>\n<p><strong>A jak inni postrzegaj\u0105 zawarto\u015b\u0107 tego poetyckiego wydania? <\/strong><\/p>\n<p>Najdobitniej jego tre\u015b\u0107 i sens oddaje w swojej recenzji p. Kazimierz Kocha\u0144ski &#8211; poeta, animator kultury, za\u0142o\u017cyciel Klubu Mi\u0142o\u015bnik\u00f3w Literatury i\u00a0Sztuki w\u00a0Gr\u00f3jcu, kt\u00f3ry wsp\u00f3\u0142pracowa\u0142 z\u00a0\u00f3wczesn\u0105 Miejsko-Gminn\u0105 Bibliotek\u0105 Publiczn\u0105, potem Centrum Kultury Regionalnej, obecnie Gr\u00f3jeckim O\u015brodkiem Kultury &#8211; wsp\u00f3\u0142organizuj\u0105c mi\u0119dzy innymi zamiejscowe prezentacje Warszawskiej Jesieni Poezji, a\u00a0z obecn\u0105 Bibliotek\u0105 Publiczn\u0105 w\u00a0Gr\u00f3jcu Og\u00f3lnopolskie Konkursy Poetyckie &#8222;O Laur Jab\u0142oni&#8221;.\u00a0Dotychczas ukaza\u0142y si\u0119 jego nast\u0119puj\u0105ce zbiory wierszy: &#8222;Konfesje&#8221;, &#8222;Kroki&#8221;, &#8222;Krecha&#8221;, wyb\u00f3r wierszy &#8222;Kolekta&#8221; oraz retrospektywny tom &#8222;Kulminacje&#8221;. Wyda\u0142 tak\u017ce zbiory fraszek &#8222;Karambol&#8221;, &#8222;Kipiel&#8221;, &#8222;Kakofonia&#8221;, &#8222;Kuriozalia&#8221; oraz &#8222;Kolczyki&#8221;. Autor zbior\u00f3w aforyzm\u00f3w &#8222;Kartkuj\u0105c&#8221; i\u00a0&#8222;Kre\u015blone kred\u0105&#8221;. Pisze r\u00f3wnie\u017c teksty do piosenek: zbi\u00f3r &#8222;Kanty-Lenki&#8221;.<\/p>\n<p><strong><a href=\"http:\/\/info.sadowne.pl\/wp-content\/uploads\/2018\/03\/2018.03.14.11.jpg\" target=\"_blank\" rel=\"noopener noreferrer\"><img loading=\"lazy\" decoding=\"async\" class=\"alignleft wp-image-18079 size-medium\" src=\"http:\/\/info.sadowne.pl\/wp-content\/uploads\/2018\/03\/2018.03.14.11-211x300.jpg\" alt=\"\" width=\"211\" height=\"300\" srcset=\"https:\/\/info.sadowne.pl\/wp-content\/uploads\/2018\/03\/2018.03.14.11-211x300.jpg 211w, https:\/\/info.sadowne.pl\/wp-content\/uploads\/2018\/03\/2018.03.14.11.jpg 422w\" sizes=\"auto, (max-width: 211px) 100vw, 211px\" \/><\/a>Ot\u00f3\u017c pisze on, tytu\u0142uj\u0105c swoj\u0105 recenzj\u0119: \u201eLek na ca\u0142e z\u0142o?\u201d<\/strong><\/p>\n<p><em>Nie wierz\u0119 w oboj\u0119tno\u015b\u0107!<\/em><em><br \/>\nMo\u017cecie przyk\u0142ada\u0107 s\u0142owa i czyny do fakt\u00f3w; nic to. Istnieje jednak wielorako\u015b\u0107 uczu\u0107, a tej tak \u0142atwo nie prze\u0142o\u017cymy na j\u0119zyk ludzkich zachowa\u0144.<br \/>\nZnam m\u00f3wi\u0105cych w\u0142a\u015bciwymi s\u0142owami, a i oni nie zawsze odczytywani s\u0105 wed\u0142ug ich mowy. Wa\u017cne sytuacje wymagaj\u0105 wa\u017cnych i odwa\u017cnych s\u0142\u00f3w. Ale jak uchroni\u0107 je przed \u015bwiadomymi wypaczeniami, albo nieodpowiedzialnym przekierowywaniem adresu?<br \/>\nPisanie wierszy \u2013 niekoniecznie poezji \u2013 prowadzi do samodoskonalenia.<br \/>\nW czym?<br \/>\nPrzyjmijmy, \u017ce chodzi o prawd\u0119; czemu mieliby\u015bmy brn\u0105\u0107 w bezsens?<br \/>\n\u201eW u\u015bcisku wspomnie\u0144\u201d Anny Marii Gierej sama prawda. Czuje si\u0119 jej u\u015bcisk.<br \/>\nOtrzymujemy \u201es\u0142owa cenniejsze od skarb\u00f3w\u201d, \u201emy\u015bli \u017cywe\u201d oraz \u201eczekanie na szcz\u0119\u015bcie spok\u00f3j i cisz\u0119.\u201d \u201eO\u0142tarz w duszy p\u0142onie\u201d, wi\u0119c st\u0105pa ostro\u017cnie; \u201ekroczki ma\u0142e.\u201d Ufa, \u017ce \u201emi\u0142o\u015b\u0107 \/&#8230;\/niezapisana umiera\/ a przelana na papier trwa.\u201d Wyznaje: \u201ejestem pust\u0105 przestrzeni\u0105 \/zagubion\u0105\/ zamkni\u0119t\u0105 pomi\u0119dzy niebem a ziemi\u0105.\u201d<br \/>\n\u201eUs\u0142ysz m\u00f3j p\u0142acz \/m\u00f3j b\u00f3l\/ Bo\u017ce\u201d &#8211; czytamy \u2013 \u201eTy zabra\u0142e\u015b moje dziecko.\u201d<br \/>\nTo jej b\u00f3l, osobisty, ale nie wy\u0142\u0105czny. Dzieli si\u0119 nim, wiedz\u0105c, wierz\u0105c w powszechno\u015b\u0107 b\u00f3lu, nie godz\u0105c si\u0119 na cierpienie. Szuka&#8230; Nie zamyka si\u0119 w zw\u0105tpieniu &#8211; \u201ePoranek \/w blasku wschodz\u0105cego dnia zaja\u015bnia\u0142y kolory&#8230;\u201d<br \/>\nKasi i Krzysiowi podpowiada: \u201ewy potraficie \/z ma\u0142ych rzeczy\/ stworzy\u0107 wielkie dzie\u0142o.\u201d I dalej, w wielkiej nadziei twierdzi: \u201eka\u017cdy z nas jest takim czarodziejem.\u201d<br \/>\nA ona?<br \/>\n\u201eBiegn\u0119 do poci\u0105gu \/&#8230;\/ my\u015bl\u0119, \u017ce dojad\u0119 do nieba.\u201d Wi\u0119cej: \u201epi\u0119kno dojrzewa powoli \/ w kielichach kwiat\u00f3w.\u201d Licz\u0105c na nasze pod\u0105\u017canie za ni\u0105, roz\u015bcie\u0142a obrazy przyrody, \u201eniesie wiar\u0119 na lepsze jutro\u201d, by \u201edosta\u0107 gwiazdk\u0119 z nieba \/lub nic nie dosta\u0107 w zamian.\u201d<br \/>\nNawo\u0142uje, nie oczekuj\u0105c. Wskazuje, nie nakazuj\u0105c. U\u015bwiadamia, nie pouczaj\u0105c&#8230; To niecz\u0119ste w\u015br\u00f3d m\u0105dro\u015bci samo\u015bwiadomych, pewnych siebie, a bywa, butnych.<br \/>\n\u201e\u017bycie to nie bajka \/szybko si\u0119 ko\u0144czy\/ nie zawsze ma dobry fina\u0142.\u201d<br \/>\nI tu mi r\u0119ka zadr\u017ca\u0142a.<br \/>\nJak sfinalizowa\u0107 moj\u0105 pr\u00f3b\u0119 pod\u0105\u017cenia za Ann\u0105 Mari\u0105 Gierej?<br \/>\nMo\u017ce lepiej i\u015b\u0107 \u201ena rynek \/on \u017cyje.\u201d<br \/>\nSpr\u00f3buj\u0119, pani Aniu. Gdy b\u0119d\u0119 w W\u0119growie \u2013 pani kochanym mie\u015bcie.<\/p>\n<p><\/em><\/p>\n<p>No c\u00f3\u017c, wi\u0119cej ju\u017c nie da si\u0119 do tego opisu doda\u0107, ale warto samodzielnie zajrze\u0107 do nowego tomiku i umili\u0107 sobie zimowo \u2013 wiosenne jeszcze d\u0142ugie wieczory. Zach\u0119camy do tego i przypominamy, \u017ce tomik wierszy p. Anny Marii Gierej \u201eW u\u015bcisku wspomnie\u0144\u201d czeka ju\u017c na Pa\u0144stwa w Gminnej Bibliotece Publicznej w Sadownem. Autorka dedykuje go swojej c\u00f3rce Julii, rodzicom, rodze\u0144stwu \u2013 Monice i Micha\u0142owi oraz przyjacio\u0142om od serca i po pi\u00f3rze. A na zach\u0119t\u0119 dwa wiersze, kt\u00f3re stanowi\u0105 prolog d\u0142ugiej listy poetyckiej zawarto\u015bci tego woluminu\u2026<\/p>\n<p style=\"text-align: center;\">***<\/p>\n<p style=\"text-align: center;\"><strong>Mamo<\/strong><\/p>\n<p style=\"text-align: center;\">***<\/p>\n<p style=\"text-align: center;\">Tajemniczy r\u0105bek uchyl\u0119<\/p>\n<p style=\"text-align: center;\">Zamy\u015bl\u0119 si\u0119<\/p>\n<p style=\"text-align: center;\">Przywo\u0142am dzieci\u0119ce lata<\/p>\n<p style=\"text-align: center;\">Twoj\u0105 twarz zobacz\u0119<\/p>\n<p style=\"text-align: center;\">U\u015bmiechem ogarn\u0119<\/p>\n<p style=\"text-align: center;\">Przenikn\u0119 serce<\/p>\n<p style=\"text-align: center;\">I znajd\u0119 mi\u0142o\u015b\u0107<\/p>\n<p style=\"text-align: center;\">Twoje d\u0142onie ciep\u0142em bij\u0105ce<\/p>\n<p style=\"text-align: center;\">Pachn\u0105ce kwiatami<\/p>\n<p style=\"text-align: center;\">Zamkn\u0119 w szkatu\u0142ce czasu<\/p>\n<p style=\"text-align: center;\">Nie uciekn\u0105 wtedy<\/p>\n<p style=\"text-align: center;\">Nie p\u00f3jd\u0105 w zapomnienie<\/p>\n<p style=\"text-align: center;\">Dam Ci s\u0142owa<\/p>\n<p style=\"text-align: center;\">Cenniejsze od skarb\u00f3w<\/p>\n<p style=\"text-align: center;\">Ukrytych za oceanem s\u0142\u00f3w<\/p>\n<p style=\"text-align: center;\">My\u015bli wci\u0105\u017c \u017cywe<\/p>\n<p style=\"text-align: center;\">I poca\u0142unek<\/p>\n<p style=\"text-align: center;\">Z r\u00f3\u017c utworzony<\/p>\n<p style=\"text-align: center;\">***<\/p>\n<p style=\"text-align: center;\"><strong>Cztery pory roku<\/strong><\/p>\n<p style=\"text-align: center;\">\u00a0 \u00a0 \u00a0 \u00a0 \u00a0 \u00a0 \u00a0 \u00a0 \u00a0 \u00a0 \u00a0 \u00a0 \u00a0 \u00a0 \u00a0 \u00a0 \u00a0 \u00a0 \u00a0 \u00a0 \u00a0 \u00a0 \u00a0 \u00a0 \u00a0Dla mamy<\/p>\n<p style=\"text-align: center;\">****<\/p>\n<p style=\"text-align: center;\">Jeste\u015b wiosn\u0105 kt\u00f3ra rodzi si\u0119 do \u017cycia<\/p>\n<p style=\"text-align: center;\">Latem gdy promieniejesz usmiechem<\/p>\n<p style=\"text-align: center;\">Jesieni\u0105 gdy si\u0119 smucisz<\/p>\n<p style=\"text-align: center;\">A zim\u0105 gdy zasypiasz<\/p>\n<p style=\"text-align: center;\">Zm\u0119czona wiecznym czekaniem<\/p>\n<p style=\"text-align: center;\">Na szcz\u0119\u015bcie<\/p>\n<p style=\"text-align: center;\">Spok\u00f3j<\/p>\n<p style=\"text-align: center;\">I cisz\u0119<\/p>\n<p style=\"text-align: center;\">***<\/p>\n<p><strong>Tekst:<\/strong> S\u0142awek Chyli\u0144ski<\/p>\n","protected":false},"excerpt":{"rendered":"<p>I kolejna doza \u015bwietnej tw\u00f3rczo\u015bci poetyckiej. Tym razem udost\u0119pniamy Pa\u0144stwu nowy tomik wierszy p. Ani Gierej, kt\u00f3ry zatytu\u0142owa\u0142a \u201eW u\u015bcisku wspomnie\u0144\u201d.<\/p>\n","protected":false},"author":1,"featured_media":0,"comment_status":"closed","ping_status":"closed","sticky":false,"template":"","format":"standard","meta":{"footnotes":""},"categories":[5,48,108],"tags":[2747,131,109,2730],"class_list":["post-18077","post","type-post","status-publish","format-standard","hentry","category-newsy","category-kacik-literacki","category-okienko-poetyckie","tag-w-uscisku-wspomnien","tag-anna-maria-gierej","tag-grupa-poetycka-iwa","tag-poezja"],"views":3341,"_links":{"self":[{"href":"https:\/\/info.sadowne.pl\/index.php?rest_route=\/wp\/v2\/posts\/18077","targetHints":{"allow":["GET"]}}],"collection":[{"href":"https:\/\/info.sadowne.pl\/index.php?rest_route=\/wp\/v2\/posts"}],"about":[{"href":"https:\/\/info.sadowne.pl\/index.php?rest_route=\/wp\/v2\/types\/post"}],"author":[{"embeddable":true,"href":"https:\/\/info.sadowne.pl\/index.php?rest_route=\/wp\/v2\/users\/1"}],"replies":[{"embeddable":true,"href":"https:\/\/info.sadowne.pl\/index.php?rest_route=%2Fwp%2Fv2%2Fcomments&post=18077"}],"version-history":[{"count":1,"href":"https:\/\/info.sadowne.pl\/index.php?rest_route=\/wp\/v2\/posts\/18077\/revisions"}],"predecessor-version":[{"id":18081,"href":"https:\/\/info.sadowne.pl\/index.php?rest_route=\/wp\/v2\/posts\/18077\/revisions\/18081"}],"wp:attachment":[{"href":"https:\/\/info.sadowne.pl\/index.php?rest_route=%2Fwp%2Fv2%2Fmedia&parent=18077"}],"wp:term":[{"taxonomy":"category","embeddable":true,"href":"https:\/\/info.sadowne.pl\/index.php?rest_route=%2Fwp%2Fv2%2Fcategories&post=18077"},{"taxonomy":"post_tag","embeddable":true,"href":"https:\/\/info.sadowne.pl\/index.php?rest_route=%2Fwp%2Fv2%2Ftags&post=18077"}],"curies":[{"name":"wp","href":"https:\/\/api.w.org\/{rel}","templated":true}]}}