{"id":18103,"date":"2018-03-16T11:33:22","date_gmt":"2018-03-16T10:33:22","guid":{"rendered":"http:\/\/info.sadowne.pl\/?p=18103"},"modified":"2018-03-16T11:48:16","modified_gmt":"2018-03-16T10:48:16","slug":"wszystko-sie-zmienia-ale","status":"publish","type":"post","link":"https:\/\/info.sadowne.pl\/?p=18103","title":{"rendered":"Wszystko si\u0119 zmienia, ale\u2026"},"content":{"rendered":"<p><strong><a href=\"http:\/\/info.sadowne.pl\/wp-content\/uploads\/2018\/03\/2018.03.16.11.jpg\" target=\"_blank\" rel=\"noopener noreferrer\"><img loading=\"lazy\" decoding=\"async\" class=\"alignleft wp-image-18104 size-thumbnail\" src=\"http:\/\/info.sadowne.pl\/wp-content\/uploads\/2018\/03\/2018.03.16.11-180x130.jpg\" alt=\"\" width=\"180\" height=\"130\" \/><\/a>\u2026 czy na dobre? Kto pomo\u017ce?<\/strong><!--more--><\/p>\n<p>Mieszka\u0144cy Gminy Sadowne che\u0142pi\u0105 si\u0119 tym, \u017ce zamieszkuj\u0105 tereny zielone, stanowi\u0105ce Zielone P\u0142uca Polski. Jak m\u00f3wi\u0105, nasz teren jest unikatowym obszarem, kt\u00f3rego ziele\u0144 powoli staje si\u0119 swoistym \u201etowarem\u201d eksportowym Gminy, wyr\u00f3\u017cniaj\u0105cym nas po\u015br\u00f3d innych gmin wiejskich.<\/p>\n<p><strong><a href=\"http:\/\/info.sadowne.pl\/wp-content\/uploads\/2018\/03\/2018.03.16.12.jpg\" target=\"_blank\" rel=\"noopener noreferrer\"><img loading=\"lazy\" decoding=\"async\" class=\"alignright wp-image-18105 size-thumbnail\" src=\"http:\/\/info.sadowne.pl\/wp-content\/uploads\/2018\/03\/2018.03.16.12-180x130.jpg\" alt=\"\" width=\"180\" height=\"130\" \/><\/a>A co mamy?<\/strong> Rzadko spotykan\u0105 gdzie indziej sp\u00f3jno\u015b\u0107 infrastruktury z warunkami naturalnymi \u2013 zr\u00f3wnowa\u017con\u0105 sie\u0107 osadnicz\u0105. Warto te\u017c wspomnie\u0107 o jeszcze kilku cechach, kt\u00f3re nas wyr\u00f3\u017cniaj\u0105: spok\u00f3j i czyste powietrze; dobra jako\u015b\u0107 \u015brodowiska przyrodniczego; unikatowa r\u00f3\u017cnorodno\u015b\u0107 systemu przyrodniczego; atrakcyjne kompleksy las\u00f3w; mo\u017cliwo\u015b\u0107 obcowania z przyrod\u0105 nie zmienion\u0105 przez cywilizacj\u0119, ale te\u017c dobre warunki do produkcji zdrowej \u017cywno\u015bci i lokalizacji \u201eczystego przemys\u0142u\u201d.<\/p>\n<p><strong><a href=\"http:\/\/info.sadowne.pl\/wp-content\/uploads\/2018\/03\/2018.03.16.13.jpg\" target=\"_blank\" rel=\"noopener noreferrer\"><img loading=\"lazy\" decoding=\"async\" class=\"alignleft wp-image-18106 size-thumbnail\" src=\"http:\/\/info.sadowne.pl\/wp-content\/uploads\/2018\/03\/2018.03.16.13-180x130.jpg\" alt=\"\" width=\"180\" height=\"130\" \/><\/a>Jeszcze mamy?<\/strong> Z wolna jednak co\u015b si\u0119 zmienia, ubywa nam przyrody, ubywa teren\u00f3w zielonych, ubywa\u2026 las\u00f3w. Ubytki staj\u0105 si\u0119 ju\u017c widoczne, dotar\u0142y do naszych g\u0142\u00f3wnych ci\u0105g\u00f3w komunikacyjnych. Dotychczas nie zwracali\u015bmy uwagi na ubywaj\u0105ce po\u0142acie lasu, bo znika\u0142y poza zasi\u0119giem naszego wzroku, wewn\u0105trz kompleks\u00f3w le\u015bnych \u2013 mo\u017ce ubytki s\u0105 widoczne jedynie z lotu ptaka.<\/p>\n<p><a href=\"http:\/\/info.sadowne.pl\/wp-content\/uploads\/2018\/03\/2018.03.16.14.jpg\" target=\"_blank\" rel=\"noopener noreferrer\"><img loading=\"lazy\" decoding=\"async\" class=\"alignright wp-image-18107 size-thumbnail\" src=\"http:\/\/info.sadowne.pl\/wp-content\/uploads\/2018\/03\/2018.03.16.14-180x130.jpg\" alt=\"\" width=\"180\" height=\"130\" \/><\/a>O brakach wiedz\u0105 spacerowicze, grzybiarze, tury\u015bci, kt\u00f3rzy \u017c\u0105dni widok\u00f3w i kontaktu z przyrod\u0105 zaszywaj\u0105 si\u0119 czasami w ost\u0119py le\u015bne Naszej Gminy. Jak m\u00f3wi\u0105, zdarza si\u0119 im pob\u0142\u0105dzi\u0107, gdy\u017c lasy ju\u017c jakby nie te same, po prostu ich nie ma, a nowe nasadzenia wprowadzaj\u0105 spacerowicz\u00f3w w b\u0142\u0105d, uniemo\u017cliwiaj\u0105 w\u0142a\u015bciw\u0105 orientacj\u0119 w znanym dotychczas sobie lesie.<\/p>\n<p><strong><a href=\"http:\/\/info.sadowne.pl\/wp-content\/uploads\/2018\/03\/2018.03.16.15.jpg\" target=\"_blank\" rel=\"noopener noreferrer\"><img loading=\"lazy\" decoding=\"async\" class=\"alignleft wp-image-18108 size-thumbnail\" src=\"http:\/\/info.sadowne.pl\/wp-content\/uploads\/2018\/03\/2018.03.16.15-180x130.jpg\" alt=\"\" width=\"180\" height=\"130\" \/><\/a>Dlaczego tak musi by\u0107?<\/strong> Czy\u017c intensywne dzia\u0142ania w zakresie pozyskiwania drewna dotar\u0142y ju\u017c te\u017c do nas? Nie omijaj\u0105 nawet Parku Krajobrazowego? Ale c\u00f3\u017c si\u0119 dziwi\u0107, je\u015bli nie omijaj\u0105 Narodowego, to co znaczy Krajobrazowy!<br \/>\nPoradzili\u015bmy sobie z pomys\u0142em utylizacji znacznej ilo\u015bci odpad\u00f3w na naszym terenie, ale z planow\u0105 gospodark\u0105 le\u015bn\u0105 chyba sobie nie poradzimy. Oby si\u0119 tylko nie sprawdzi\u0142o przewidywanie, \u017ce wkr\u00f3tce \u201ego\u0142ym okiem\u201d b\u0119dziemy obserwowa\u0107 modernizacj\u0119 naszej stacji kolejowej, np. stoj\u0105c na \u201ekrzy\u017c\u00f3wkach\u201d w Sadownem. Oby nie!<\/p>\n<p><strong><a href=\"http:\/\/info.sadowne.pl\/wp-content\/uploads\/2018\/03\/2018.03.16.16.jpg\" target=\"_blank\" rel=\"noopener noreferrer\"><img loading=\"lazy\" decoding=\"async\" class=\"alignright wp-image-18109 size-thumbnail\" src=\"http:\/\/info.sadowne.pl\/wp-content\/uploads\/2018\/03\/2018.03.16.16-180x130.jpg\" alt=\"\" width=\"180\" height=\"130\" \/><\/a>A mo\u017ce wycinanie las\u00f3w ma na celu ods\u0142oni\u0119cie i ukazanie przeje\u017cd\u017caj\u0105cym naszymi drogami innego waloru Gminy <\/strong>\u2013 polodowcowych wydm, kt\u00f3rych nam nie brakuje.<\/p>\n<p><strong>Chocia\u017c z wydmami to jeszcze inny temat.<\/strong> Pieczo\u0142owicie dbali\u015bmy o niekt\u00f3re z nich, nawet obejmuj\u0105c je rezerwatem czy u\u017cytkiem ekologicznym. W tej formie funkcjonuje np. Torfowisko Kules i Wydmy Zielenieckie. Troch\u0119 jednak o nich zapomniano i pozostawiono samym sobie, ale takie dzia\u0142anie jest ryzykowne \u2013 u nas nie mo\u017ce nic pozostawa\u0107 bez opieki i dozoru. <strong>Tak by\u0142o na wydmach&#8230;<\/strong><\/p>\n\n\t\t<style type=\"text\/css\">\n\t\t\t#gallery-1 {\n\t\t\t\tmargin: auto;\n\t\t\t}\n\t\t\t#gallery-1 .gallery-item {\n\t\t\t\tfloat: left;\n\t\t\t\tmargin-top: 10px;\n\t\t\t\ttext-align: center;\n\t\t\t\twidth: 33%;\n\t\t\t}\n\t\t\t#gallery-1 img {\n\t\t\t\tborder: 2px solid #cfcfcf;\n\t\t\t}\n\t\t\t#gallery-1 .gallery-caption {\n\t\t\t\tmargin-left: 0;\n\t\t\t}\n\t\t\t\/* see gallery_shortcode() in wp-includes\/media.php *\/\n\t\t<\/style>\n\t\t<div id='gallery-1' class='gallery galleryid-18103 gallery-columns-3 gallery-size-thumbnail'><dl class='gallery-item'>\n\t\t\t<dt class='gallery-icon landscape'>\n\t\t\t\t<a href='https:\/\/info.sadowne.pl\/wp-content\/uploads\/2018\/03\/2018.03.16.19.jpg'><img loading=\"lazy\" decoding=\"async\" width=\"180\" height=\"130\" src=\"https:\/\/info.sadowne.pl\/wp-content\/uploads\/2018\/03\/2018.03.16.19-180x130.jpg\" class=\"attachment-thumbnail size-thumbnail\" alt=\"\" \/><\/a>\n\t\t\t<\/dt><\/dl><dl class='gallery-item'>\n\t\t\t<dt class='gallery-icon landscape'>\n\t\t\t\t<a href='https:\/\/info.sadowne.pl\/wp-content\/uploads\/2018\/03\/2018.03.16.18.jpg'><img loading=\"lazy\" decoding=\"async\" width=\"180\" height=\"130\" src=\"https:\/\/info.sadowne.pl\/wp-content\/uploads\/2018\/03\/2018.03.16.18-180x130.jpg\" class=\"attachment-thumbnail size-thumbnail\" alt=\"\" \/><\/a>\n\t\t\t<\/dt><\/dl><dl class='gallery-item'>\n\t\t\t<dt class='gallery-icon landscape'>\n\t\t\t\t<a href='https:\/\/info.sadowne.pl\/wp-content\/uploads\/2018\/03\/2018.03.16.17.jpg'><img loading=\"lazy\" decoding=\"async\" width=\"180\" height=\"130\" src=\"https:\/\/info.sadowne.pl\/wp-content\/uploads\/2018\/03\/2018.03.16.17-180x130.jpg\" class=\"attachment-thumbnail size-thumbnail\" alt=\"\" \/><\/a>\n\t\t\t<\/dt><\/dl><br style=\"clear: both\" \/>\n\t\t<\/div>\n\n<p><strong>A tak jest&#8230; Wydmy i unikatowa ich flora niszczej\u0105, a w\u0142a\u015bciwie\u2026 s\u0105 niszczone.<\/strong> Kto\u015b bardzo \u201em\u0105dry\u201d i rezolutny zmienia je powoli w tor wy\u015bcigowy, albo bardziej \u2013 quadowy, pokonuj\u0105c wielokrotnie wszystkie pustynne wzniesienia i jeziorka.<\/p>\n\n\t\t<style type=\"text\/css\">\n\t\t\t#gallery-2 {\n\t\t\t\tmargin: auto;\n\t\t\t}\n\t\t\t#gallery-2 .gallery-item {\n\t\t\t\tfloat: left;\n\t\t\t\tmargin-top: 10px;\n\t\t\t\ttext-align: center;\n\t\t\t\twidth: 33%;\n\t\t\t}\n\t\t\t#gallery-2 img {\n\t\t\t\tborder: 2px solid #cfcfcf;\n\t\t\t}\n\t\t\t#gallery-2 .gallery-caption {\n\t\t\t\tmargin-left: 0;\n\t\t\t}\n\t\t\t\/* see gallery_shortcode() in wp-includes\/media.php *\/\n\t\t<\/style>\n\t\t<div id='gallery-2' class='gallery galleryid-18103 gallery-columns-3 gallery-size-thumbnail'><dl class='gallery-item'>\n\t\t\t<dt class='gallery-icon landscape'>\n\t\t\t\t<a href='https:\/\/info.sadowne.pl\/wp-content\/uploads\/2018\/03\/2018.03.16.20.jpg'><img loading=\"lazy\" decoding=\"async\" width=\"180\" height=\"130\" src=\"https:\/\/info.sadowne.pl\/wp-content\/uploads\/2018\/03\/2018.03.16.20-180x130.jpg\" class=\"attachment-thumbnail size-thumbnail\" alt=\"\" \/><\/a>\n\t\t\t<\/dt><\/dl><dl class='gallery-item'>\n\t\t\t<dt class='gallery-icon landscape'>\n\t\t\t\t<a href='https:\/\/info.sadowne.pl\/wp-content\/uploads\/2018\/03\/2018.03.16.21.jpg'><img loading=\"lazy\" decoding=\"async\" width=\"180\" height=\"130\" src=\"https:\/\/info.sadowne.pl\/wp-content\/uploads\/2018\/03\/2018.03.16.21-180x130.jpg\" class=\"attachment-thumbnail size-thumbnail\" alt=\"\" \/><\/a>\n\t\t\t<\/dt><\/dl><dl class='gallery-item'>\n\t\t\t<dt class='gallery-icon landscape'>\n\t\t\t\t<a href='https:\/\/info.sadowne.pl\/wp-content\/uploads\/2018\/03\/2018.03.16.22.jpg'><img loading=\"lazy\" decoding=\"async\" width=\"180\" height=\"130\" src=\"https:\/\/info.sadowne.pl\/wp-content\/uploads\/2018\/03\/2018.03.16.22-180x130.jpg\" class=\"attachment-thumbnail size-thumbnail\" alt=\"\" \/><\/a>\n\t\t\t<\/dt><\/dl><br style=\"clear: both\" \/><dl class='gallery-item'>\n\t\t\t<dt class='gallery-icon landscape'>\n\t\t\t\t<a href='https:\/\/info.sadowne.pl\/wp-content\/uploads\/2018\/03\/2018.03.16.23.jpg'><img loading=\"lazy\" decoding=\"async\" width=\"180\" height=\"130\" src=\"https:\/\/info.sadowne.pl\/wp-content\/uploads\/2018\/03\/2018.03.16.23-180x130.jpg\" class=\"attachment-thumbnail size-thumbnail\" alt=\"\" \/><\/a>\n\t\t\t<\/dt><\/dl><dl class='gallery-item'>\n\t\t\t<dt class='gallery-icon landscape'>\n\t\t\t\t<a href='https:\/\/info.sadowne.pl\/wp-content\/uploads\/2018\/03\/2018.03.16.24.jpg'><img loading=\"lazy\" decoding=\"async\" width=\"180\" height=\"130\" src=\"https:\/\/info.sadowne.pl\/wp-content\/uploads\/2018\/03\/2018.03.16.24-180x130.jpg\" class=\"attachment-thumbnail size-thumbnail\" alt=\"\" \/><\/a>\n\t\t\t<\/dt><\/dl><dl class='gallery-item'>\n\t\t\t<dt class='gallery-icon landscape'>\n\t\t\t\t<a href='https:\/\/info.sadowne.pl\/wp-content\/uploads\/2018\/03\/2018.03.16.25.jpg'><img loading=\"lazy\" decoding=\"async\" width=\"180\" height=\"130\" src=\"https:\/\/info.sadowne.pl\/wp-content\/uploads\/2018\/03\/2018.03.16.25-180x130.jpg\" class=\"attachment-thumbnail size-thumbnail\" alt=\"\" \/><\/a>\n\t\t\t<\/dt><\/dl><br style=\"clear: both\" \/><dl class='gallery-item'>\n\t\t\t<dt class='gallery-icon landscape'>\n\t\t\t\t<a href='https:\/\/info.sadowne.pl\/wp-content\/uploads\/2018\/03\/2018.03.16.26.jpg'><img loading=\"lazy\" decoding=\"async\" width=\"180\" height=\"130\" src=\"https:\/\/info.sadowne.pl\/wp-content\/uploads\/2018\/03\/2018.03.16.26-180x130.jpg\" class=\"attachment-thumbnail size-thumbnail\" alt=\"\" \/><\/a>\n\t\t\t<\/dt><\/dl><dl class='gallery-item'>\n\t\t\t<dt class='gallery-icon landscape'>\n\t\t\t\t<a href='https:\/\/info.sadowne.pl\/wp-content\/uploads\/2018\/03\/2018.03.16.27.jpg'><img loading=\"lazy\" decoding=\"async\" width=\"180\" height=\"130\" src=\"https:\/\/info.sadowne.pl\/wp-content\/uploads\/2018\/03\/2018.03.16.27-180x130.jpg\" class=\"attachment-thumbnail size-thumbnail\" alt=\"\" \/><\/a>\n\t\t\t<\/dt><\/dl><dl class='gallery-item'>\n\t\t\t<dt class='gallery-icon landscape'>\n\t\t\t\t<a href='https:\/\/info.sadowne.pl\/wp-content\/uploads\/2018\/03\/2018.03.16.28.jpg'><img loading=\"lazy\" decoding=\"async\" width=\"180\" height=\"130\" src=\"https:\/\/info.sadowne.pl\/wp-content\/uploads\/2018\/03\/2018.03.16.28-180x130.jpg\" class=\"attachment-thumbnail size-thumbnail\" alt=\"\" \/><\/a>\n\t\t\t<\/dt><\/dl><br style=\"clear: both\" \/><dl class='gallery-item'>\n\t\t\t<dt class='gallery-icon landscape'>\n\t\t\t\t<a href='https:\/\/info.sadowne.pl\/wp-content\/uploads\/2018\/03\/2018.03.16.29.jpg'><img loading=\"lazy\" decoding=\"async\" width=\"180\" height=\"130\" src=\"https:\/\/info.sadowne.pl\/wp-content\/uploads\/2018\/03\/2018.03.16.29-180x130.jpg\" class=\"attachment-thumbnail size-thumbnail\" alt=\"\" \/><\/a>\n\t\t\t<\/dt><\/dl>\n\t\t\t<br style='clear: both' \/>\n\t\t<\/div>\n\n<p><strong>I tu nasuwa si\u0119 pytanie: czy tereny, kt\u00f3re maj\u0105 taki status, nie powinny by\u0107 odizolowane, zamkni\u0119te chocia\u017cby zaporami i dozorowane przez zarz\u0105dc\u0119 terenu?<\/strong> Mo\u017ce odpowied\u017a b\u0119dzie brzmia\u0142a, \u017ce nie ma na to w\u0142a\u015bciwych \u201esi\u0142 i \u015brodk\u00f3w\u201d, ale\u2026 niech b\u0119d\u0105 chocia\u017c ku temu ch\u0119ci i od czasu do czasu przys\u0142owiowa \u201epa\u0142ka\u201d na wandala niszcz\u0105cego nam to, o posiadaniu czego inni mog\u0105 tylko pomarzy\u0107. <strong>Ale\u2026 kto si\u0119 tym zajmie i komu na tym zale\u017cy???<\/strong><\/p>\n<p><strong>Wszystko dalej si\u0119 zmienia, ale\u2026 czy na dobre? Kto pomo\u017ce? Szkoda \u201egada\u0107\u201d, czas poka\u017ce\u2026<\/strong><\/p>\n<p><strong>Tekst\/foto:<\/strong> S\u0142awek Chyli\u0144ski<\/p>\n","protected":false},"excerpt":{"rendered":"<p>\u2026 czy na dobre? Kto pomo\u017ce?<\/p>\n","protected":false},"author":1,"featured_media":0,"comment_status":"closed","ping_status":"closed","sticky":false,"template":"","format":"standard","meta":{"footnotes":""},"categories":[5,1],"tags":[1827,2752,1569,2751,2512],"class_list":["post-18103","post","type-post","status-publish","format-standard","hentry","category-newsy","category-inne","tag-gmina-sadowne","tag-gospodarka-lesna","tag-torfowisko-kules","tag-wszystko-sie-zmienia","tag-wydmy-zielenieckie"],"views":3413,"_links":{"self":[{"href":"https:\/\/info.sadowne.pl\/index.php?rest_route=\/wp\/v2\/posts\/18103","targetHints":{"allow":["GET"]}}],"collection":[{"href":"https:\/\/info.sadowne.pl\/index.php?rest_route=\/wp\/v2\/posts"}],"about":[{"href":"https:\/\/info.sadowne.pl\/index.php?rest_route=\/wp\/v2\/types\/post"}],"author":[{"embeddable":true,"href":"https:\/\/info.sadowne.pl\/index.php?rest_route=\/wp\/v2\/users\/1"}],"replies":[{"embeddable":true,"href":"https:\/\/info.sadowne.pl\/index.php?rest_route=%2Fwp%2Fv2%2Fcomments&post=18103"}],"version-history":[{"count":4,"href":"https:\/\/info.sadowne.pl\/index.php?rest_route=\/wp\/v2\/posts\/18103\/revisions"}],"predecessor-version":[{"id":18126,"href":"https:\/\/info.sadowne.pl\/index.php?rest_route=\/wp\/v2\/posts\/18103\/revisions\/18126"}],"wp:attachment":[{"href":"https:\/\/info.sadowne.pl\/index.php?rest_route=%2Fwp%2Fv2%2Fmedia&parent=18103"}],"wp:term":[{"taxonomy":"category","embeddable":true,"href":"https:\/\/info.sadowne.pl\/index.php?rest_route=%2Fwp%2Fv2%2Fcategories&post=18103"},{"taxonomy":"post_tag","embeddable":true,"href":"https:\/\/info.sadowne.pl\/index.php?rest_route=%2Fwp%2Fv2%2Ftags&post=18103"}],"curies":[{"name":"wp","href":"https:\/\/api.w.org\/{rel}","templated":true}]}}