{"id":18132,"date":"2018-03-18T18:58:07","date_gmt":"2018-03-18T17:58:07","guid":{"rendered":"http:\/\/info.sadowne.pl\/?p=18132"},"modified":"2018-03-18T18:59:03","modified_gmt":"2018-03-18T17:59:03","slug":"dzien-kobiet-w-itamed-zie","status":"publish","type":"post","link":"https:\/\/info.sadowne.pl\/?p=18132","title":{"rendered":"Dzie\u0144 Kobiet w ITAMED-zie"},"content":{"rendered":"<p><strong><img loading=\"lazy\" decoding=\"async\" class=\"alignleft size-thumbnail wp-image-18133\" src=\"http:\/\/info.sadowne.pl\/wp-content\/uploads\/2018\/03\/2018.03.1-1-180x130.jpg\" alt=\"\" width=\"180\" height=\"130\" \/>U\u015bmiechem, serdeczno\u015bci\u0105 i entuzjazmem powitali mieszka\u0144cy o\u015brodka ITAMED w Sadolesiu Wolontariuszki ze Szkolnego Ko\u0142a Wolontariatu dzia\u0142aj\u0105cego w Zespole Szk\u00f3\u0142 Ponadgimnazjalnych w Sadownem. <\/strong><!--more--><\/p>\n<p>Zaprezentowali\u015bmy kr\u00f3tk\u0105 cz\u0119\u015b\u0107 artystyczn\u0105 z okazji minionego ju\u017c Dnia Kobiet. Po przedstawieniu by\u0142 czas na herbatk\u0119 \u00a0wypit\u0105 w mi\u0142y towarzystwie mieszka\u0144c\u00f3w oraz rozmowy. W zamian za kilka wierszy i piosenek otrzymali\u015bmy ca\u0142e mn\u00f3stwo \u017cycze\u0144 zdrowia i powodzenia nie tylko dla nas, ale i dla naszych rodzin. By\u0142o nam bardzo mi\u0142o go\u015bci\u0107 w ITAMED-zie\u00a0i ju\u017c planujemy nast\u0119pn\u0105 wizyt\u0119.<\/p>\n<p><strong>Opiekun SKW<\/strong><\/p>\n<p><strong>Marta Osman<\/strong><\/p>\n\n\t\t<style type=\"text\/css\">\n\t\t\t#gallery-1 {\n\t\t\t\tmargin: auto;\n\t\t\t}\n\t\t\t#gallery-1 .gallery-item {\n\t\t\t\tfloat: left;\n\t\t\t\tmargin-top: 10px;\n\t\t\t\ttext-align: center;\n\t\t\t\twidth: 33%;\n\t\t\t}\n\t\t\t#gallery-1 img {\n\t\t\t\tborder: 2px solid #cfcfcf;\n\t\t\t}\n\t\t\t#gallery-1 .gallery-caption {\n\t\t\t\tmargin-left: 0;\n\t\t\t}\n\t\t\t\/* see gallery_shortcode() in wp-includes\/media.php *\/\n\t\t<\/style>\n\t\t<div id='gallery-1' class='gallery galleryid-18132 gallery-columns-3 gallery-size-thumbnail'><dl class='gallery-item'>\n\t\t\t<dt class='gallery-icon landscape'>\n\t\t\t\t<a href='https:\/\/info.sadowne.pl\/wp-content\/uploads\/2018\/03\/2018.03.1-1.jpg'><img loading=\"lazy\" decoding=\"async\" width=\"180\" height=\"130\" src=\"https:\/\/info.sadowne.pl\/wp-content\/uploads\/2018\/03\/2018.03.1-1-180x130.jpg\" class=\"attachment-thumbnail size-thumbnail\" alt=\"\" \/><\/a>\n\t\t\t<\/dt><\/dl><dl class='gallery-item'>\n\t\t\t<dt class='gallery-icon landscape'>\n\t\t\t\t<a href='https:\/\/info.sadowne.pl\/wp-content\/uploads\/2018\/03\/2018.03.1-2.jpg'><img loading=\"lazy\" decoding=\"async\" width=\"180\" height=\"130\" src=\"https:\/\/info.sadowne.pl\/wp-content\/uploads\/2018\/03\/2018.03.1-2-180x130.jpg\" class=\"attachment-thumbnail size-thumbnail\" alt=\"\" \/><\/a>\n\t\t\t<\/dt><\/dl><dl class='gallery-item'>\n\t\t\t<dt class='gallery-icon landscape'>\n\t\t\t\t<a href='https:\/\/info.sadowne.pl\/wp-content\/uploads\/2018\/03\/2018.03.1-3.jpg'><img loading=\"lazy\" decoding=\"async\" width=\"180\" height=\"130\" src=\"https:\/\/info.sadowne.pl\/wp-content\/uploads\/2018\/03\/2018.03.1-3-180x130.jpg\" class=\"attachment-thumbnail size-thumbnail\" alt=\"\" \/><\/a>\n\t\t\t<\/dt><\/dl><br style=\"clear: both\" \/><dl class='gallery-item'>\n\t\t\t<dt class='gallery-icon portrait'>\n\t\t\t\t<a href='https:\/\/info.sadowne.pl\/wp-content\/uploads\/2018\/03\/2018.03.1-4.jpg'><img loading=\"lazy\" decoding=\"async\" width=\"180\" height=\"130\" src=\"https:\/\/info.sadowne.pl\/wp-content\/uploads\/2018\/03\/2018.03.1-4-180x130.jpg\" class=\"attachment-thumbnail size-thumbnail\" alt=\"\" \/><\/a>\n\t\t\t<\/dt><\/dl><dl class='gallery-item'>\n\t\t\t<dt class='gallery-icon landscape'>\n\t\t\t\t<a href='https:\/\/info.sadowne.pl\/wp-content\/uploads\/2018\/03\/2018.03.1-5.jpg'><img loading=\"lazy\" decoding=\"async\" width=\"180\" height=\"130\" src=\"https:\/\/info.sadowne.pl\/wp-content\/uploads\/2018\/03\/2018.03.1-5-180x130.jpg\" class=\"attachment-thumbnail size-thumbnail\" alt=\"\" \/><\/a>\n\t\t\t<\/dt><\/dl><dl class='gallery-item'>\n\t\t\t<dt class='gallery-icon landscape'>\n\t\t\t\t<a href='https:\/\/info.sadowne.pl\/wp-content\/uploads\/2018\/03\/2018.03.1-6.jpg'><img loading=\"lazy\" decoding=\"async\" width=\"180\" height=\"130\" src=\"https:\/\/info.sadowne.pl\/wp-content\/uploads\/2018\/03\/2018.03.1-6-180x130.jpg\" class=\"attachment-thumbnail size-thumbnail\" alt=\"\" \/><\/a>\n\t\t\t<\/dt><\/dl><br style=\"clear: both\" \/><dl class='gallery-item'>\n\t\t\t<dt class='gallery-icon landscape'>\n\t\t\t\t<a href='https:\/\/info.sadowne.pl\/wp-content\/uploads\/2018\/03\/2018.03.1-7.jpg'><img loading=\"lazy\" decoding=\"async\" width=\"180\" height=\"130\" src=\"https:\/\/info.sadowne.pl\/wp-content\/uploads\/2018\/03\/2018.03.1-7-180x130.jpg\" class=\"attachment-thumbnail size-thumbnail\" alt=\"\" \/><\/a>\n\t\t\t<\/dt><\/dl><dl class='gallery-item'>\n\t\t\t<dt class='gallery-icon landscape'>\n\t\t\t\t<a href='https:\/\/info.sadowne.pl\/wp-content\/uploads\/2018\/03\/2018.03.1-8.jpg'><img loading=\"lazy\" decoding=\"async\" width=\"180\" height=\"130\" src=\"https:\/\/info.sadowne.pl\/wp-content\/uploads\/2018\/03\/2018.03.1-8-180x130.jpg\" class=\"attachment-thumbnail size-thumbnail\" alt=\"\" \/><\/a>\n\t\t\t<\/dt><\/dl>\n\t\t\t<br style='clear: both' \/>\n\t\t<\/div>\n\n","protected":false},"excerpt":{"rendered":"<p>U\u015bmiechem, serdeczno\u015bci\u0105 i entuzjazmem powitali mieszka\u0144cy o\u015brodka ITAMED w Sadolesiu Wolontariuszki ze Szkolnego Ko\u0142a Wolontariatu dzia\u0142aj\u0105cego w Zespole Szk\u00f3\u0142 Ponadgimnazjalnych w Sadownem.<\/p>\n","protected":false},"author":1,"featured_media":0,"comment_status":"closed","ping_status":"closed","sticky":false,"template":"","format":"standard","meta":{"footnotes":""},"categories":[5,1752,1370,85],"tags":[1247,2755,2039,182],"class_list":["post-18132","post","type-post","status-publish","format-standard","hentry","category-newsy","category-edukacja","category-wolontariat","category-zsp","tag-centrum-opiekunczo-rehabilitacyjne-itamed","tag-marta-osman","tag-szkolne-kolo-wolontariatu-w-sadownem","tag-zespol-szkol-ponadgimnazjalnych-w-sadownem"],"views":2947,"_links":{"self":[{"href":"https:\/\/info.sadowne.pl\/index.php?rest_route=\/wp\/v2\/posts\/18132","targetHints":{"allow":["GET"]}}],"collection":[{"href":"https:\/\/info.sadowne.pl\/index.php?rest_route=\/wp\/v2\/posts"}],"about":[{"href":"https:\/\/info.sadowne.pl\/index.php?rest_route=\/wp\/v2\/types\/post"}],"author":[{"embeddable":true,"href":"https:\/\/info.sadowne.pl\/index.php?rest_route=\/wp\/v2\/users\/1"}],"replies":[{"embeddable":true,"href":"https:\/\/info.sadowne.pl\/index.php?rest_route=%2Fwp%2Fv2%2Fcomments&post=18132"}],"version-history":[{"count":4,"href":"https:\/\/info.sadowne.pl\/index.php?rest_route=\/wp\/v2\/posts\/18132\/revisions"}],"predecessor-version":[{"id":18476,"href":"https:\/\/info.sadowne.pl\/index.php?rest_route=\/wp\/v2\/posts\/18132\/revisions\/18476"}],"wp:attachment":[{"href":"https:\/\/info.sadowne.pl\/index.php?rest_route=%2Fwp%2Fv2%2Fmedia&parent=18132"}],"wp:term":[{"taxonomy":"category","embeddable":true,"href":"https:\/\/info.sadowne.pl\/index.php?rest_route=%2Fwp%2Fv2%2Fcategories&post=18132"},{"taxonomy":"post_tag","embeddable":true,"href":"https:\/\/info.sadowne.pl\/index.php?rest_route=%2Fwp%2Fv2%2Ftags&post=18132"}],"curies":[{"name":"wp","href":"https:\/\/api.w.org\/{rel}","templated":true}]}}