{"id":18151,"date":"2018-03-19T10:06:29","date_gmt":"2018-03-19T09:06:29","guid":{"rendered":"http:\/\/info.sadowne.pl\/?p=18151"},"modified":"2018-03-19T10:06:29","modified_gmt":"2018-03-19T09:06:29","slug":"pamiec-zawsze-zywa","status":"publish","type":"post","link":"https:\/\/info.sadowne.pl\/?p=18151","title":{"rendered":"Pami\u0119\u0107 zawsze \u017cywa\u2026"},"content":{"rendered":"<p><strong><a href=\"http:\/\/info.sadowne.pl\/wp-content\/uploads\/2018\/03\/2018.03.19.1.jpg\" target=\"_blank\" rel=\"noopener noreferrer\"><img loading=\"lazy\" decoding=\"async\" class=\"alignleft wp-image-18152 size-thumbnail\" src=\"http:\/\/info.sadowne.pl\/wp-content\/uploads\/2018\/03\/2018.03.19.1-180x130.jpg\" alt=\"\" width=\"180\" height=\"130\" \/><\/a>Jak wiadomo, bie\u017c\u0105cy rok jest og\u0142oszony \u201eRokiem dla Niepodleg\u0142ej\u201d i z tej w\u0142a\u015bnie okazji nasza dru\u017cyna harcerska wzi\u0119\u0142a udzia\u0142 w \u201eBiwaku Wielkanocnym z Rudym, Alkiem i Zo\u015bk\u0105\u201d zorganizowanym przez dru\u017cyn\u0119 harcersk\u0105 \u201eWataha\u201d z Miedznej. <\/strong><!--more--><\/p>\n<p><a href=\"http:\/\/info.sadowne.pl\/wp-content\/uploads\/2018\/03\/2018.03.19.2.jpg\" target=\"_blank\" rel=\"noopener noreferrer\"><img loading=\"lazy\" decoding=\"async\" class=\"alignright wp-image-18153 size-thumbnail\" src=\"http:\/\/info.sadowne.pl\/wp-content\/uploads\/2018\/03\/2018.03.19.2-180x130.jpg\" alt=\"\" width=\"180\" height=\"130\" \/><\/a>Jak to na biwaku: by\u0142a nauka, zabawa, integracja \u015brodowisk z terenu powiatu przy wsp\u00f3lnych dzia\u0142aniach.<\/p>\n<p><a href=\"http:\/\/info.sadowne.pl\/wp-content\/uploads\/2018\/03\/2018.03.19.3.jpg\" target=\"_blank\" rel=\"noopener noreferrer\"><img loading=\"lazy\" decoding=\"async\" class=\"alignleft wp-image-18154 size-thumbnail\" src=\"http:\/\/info.sadowne.pl\/wp-content\/uploads\/2018\/03\/2018.03.19.3-180x130.jpg\" alt=\"\" width=\"180\" height=\"130\" \/><\/a>G\u0142\u00f3wnym przedsi\u0119wzi\u0119ciem spotkania by\u0142a gra terenowa z bohaterami \u201eKamieni na szaniec\u201d. A tam czeka\u0142y na nas mi\u0119dzy innymi: rozbrajanie bomby, atak na skarbiec z broni\u0105, szyfrowanie wiadomo\u015bci, tor przeszk\u00f3d, przeprowadzenie Akcji pod Arsena\u0142em.<\/p>\n<p><a href=\"http:\/\/info.sadowne.pl\/wp-content\/uploads\/2018\/03\/2018.03.19.4.jpg\" target=\"_blank\" rel=\"noopener noreferrer\"><img loading=\"lazy\" decoding=\"async\" class=\"alignright wp-image-18155 size-thumbnail\" src=\"http:\/\/info.sadowne.pl\/wp-content\/uploads\/2018\/03\/2018.03.19.4-180x130.jpg\" alt=\"\" width=\"180\" height=\"130\" \/><\/a>Z gry wr\u00f3cili\u015bmy na tarczy &#8211; z pucharem i dyplomem za zdobycie 3 miejsca!!! Wieczorem za\u015b w czasie \u015bwiecowiska odby\u0142a si\u0119 niezwyk\u0142a \u017cywa lekcja historii &#8211; spotkanie z majorem Bogdanem Ilczukiem, \u017co\u0142nierzem AK, wi\u0119\u017aniem politycznym, kt\u00f3ry podzieli\u0142 si\u0119 z nami wspomnieniami z okresu II wojny \u015bwiatowej, a kt\u00f3r\u0105 prze\u017cy\u0142 jako ucze\u0144 szko\u0142y podstawowej i r\u00f3wnie\u017c harcerz.<\/p>\n<p><a href=\"http:\/\/info.sadowne.pl\/wp-content\/uploads\/2018\/03\/2018.03.19.5.jpg\" target=\"_blank\" rel=\"noopener noreferrer\"><img loading=\"lazy\" decoding=\"async\" class=\"alignleft wp-image-18156 size-thumbnail\" src=\"http:\/\/info.sadowne.pl\/wp-content\/uploads\/2018\/03\/2018.03.19.5-180x130.jpg\" alt=\"\" width=\"180\" height=\"130\" \/><\/a>W czasie spotkania czworo naszych druh\u00f3w z\u0142o\u017cy\u0142o przyrzeczenie harcerskie i otrzyma\u0142o Harcerski Krzy\u017c &#8211; symbol harcerskich warto\u015bci i\u00a0 to\u017csamo\u015bci. Byli to: Ania Bojanowska, Zosia Bojanowska, Maja Pop\u0142awska i Kuba Pu\u015bcion. Gratulujemy pozytywnego zako\u0144czenia okresu pr\u00f3by!<\/p>\n<p><a href=\"http:\/\/info.sadowne.pl\/wp-content\/uploads\/2018\/03\/2018.03.19.6.jpg\" target=\"_blank\" rel=\"noopener noreferrer\"><img loading=\"lazy\" decoding=\"async\" class=\"alignright wp-image-18157 size-thumbnail\" src=\"http:\/\/info.sadowne.pl\/wp-content\/uploads\/2018\/03\/2018.03.19.6-180x130.jpg\" alt=\"\" width=\"180\" height=\"130\" \/><\/a>O realizowanych zaj\u0119ciach mo\u017cna by d\u0142ugo opowiada\u0107, jednak najwa\u017cniejsze by\u0142o to, \u017ce sami mogli\u015bmy si\u0119 przekona\u0107 przynajmniej w niewielkim stopniu jak wygl\u0105da\u0142o \u017cycie w tym trudnym dla Polak\u00f3w czasie walki o wolno\u015b\u0107. Dzi\u0119kujemy za te cenne do\u015bwiadczenia.<\/p>\n<p><a href=\"http:\/\/info.sadowne.pl\/wp-content\/uploads\/2018\/03\/2018.03.19.7.jpg\" target=\"_blank\" rel=\"noopener noreferrer\"><img loading=\"lazy\" decoding=\"async\" class=\"alignleft wp-image-18158 size-thumbnail\" src=\"http:\/\/info.sadowne.pl\/wp-content\/uploads\/2018\/03\/2018.03.19.7-180x130.jpg\" alt=\"\" width=\"180\" height=\"130\" \/><\/a>A naszym bohaterom oddajemy cze\u015b\u0107 i przyrzekamy, \u017ce zawsze\u00a0<em>b\u0119dziemy<\/em>\u00a0pami\u0119ta\u0107 Wasz\u0105 walk\u0119 o Polsk\u0119, bo to dzi\u0119ki waszemu po\u015bwi\u0119ceniu i oddaniu \u017cyjemy teraz w wolnym kraju.<\/p>\n<p><strong>Z harcerskim pozdrowieniem<\/strong><\/p>\n<p><strong>CZUWAJ!<\/strong><\/p>\n<p><strong>Sylwia Ilczuk<\/strong><\/p>\n","protected":false},"excerpt":{"rendered":"<p>Jak wiadomo, bie\u017c\u0105cy rok jest og\u0142oszony \u201eRokiem dla Niepodleg\u0142ej\u201d i z tej w\u0142a\u015bnie okazji nasza dru\u017cyna harcerska wzi\u0119\u0142a udzia\u0142 w \u201eBiwaku Wielkanocnym z Rudym, Alkiem i Zo\u015bk\u0105\u201d zorganizowanym przez dru\u017cyn\u0119 harcersk\u0105 \u201eWataha\u201d z Miedznej.<\/p>\n","protected":false},"author":1,"featured_media":0,"comment_status":"closed","ping_status":"closed","sticky":false,"template":"","format":"standard","meta":{"footnotes":""},"categories":[5,1670,1752,84],"tags":[1937,2756,361],"class_list":["post-18151","post","type-post","status-publish","format-standard","hentry","category-newsy","category-druzyna-harcerska-wloczykije","category-edukacja","category-szkola-podstawowa-im-cz-wycecha","tag-123-druzyna-harcerska-wloczykije-w-sadownem","tag-biwak-w-miedznej","tag-sylwia-ilczuk"],"views":3058,"_links":{"self":[{"href":"https:\/\/info.sadowne.pl\/index.php?rest_route=\/wp\/v2\/posts\/18151","targetHints":{"allow":["GET"]}}],"collection":[{"href":"https:\/\/info.sadowne.pl\/index.php?rest_route=\/wp\/v2\/posts"}],"about":[{"href":"https:\/\/info.sadowne.pl\/index.php?rest_route=\/wp\/v2\/types\/post"}],"author":[{"embeddable":true,"href":"https:\/\/info.sadowne.pl\/index.php?rest_route=\/wp\/v2\/users\/1"}],"replies":[{"embeddable":true,"href":"https:\/\/info.sadowne.pl\/index.php?rest_route=%2Fwp%2Fv2%2Fcomments&post=18151"}],"version-history":[{"count":1,"href":"https:\/\/info.sadowne.pl\/index.php?rest_route=\/wp\/v2\/posts\/18151\/revisions"}],"predecessor-version":[{"id":18159,"href":"https:\/\/info.sadowne.pl\/index.php?rest_route=\/wp\/v2\/posts\/18151\/revisions\/18159"}],"wp:attachment":[{"href":"https:\/\/info.sadowne.pl\/index.php?rest_route=%2Fwp%2Fv2%2Fmedia&parent=18151"}],"wp:term":[{"taxonomy":"category","embeddable":true,"href":"https:\/\/info.sadowne.pl\/index.php?rest_route=%2Fwp%2Fv2%2Fcategories&post=18151"},{"taxonomy":"post_tag","embeddable":true,"href":"https:\/\/info.sadowne.pl\/index.php?rest_route=%2Fwp%2Fv2%2Ftags&post=18151"}],"curies":[{"name":"wp","href":"https:\/\/api.w.org\/{rel}","templated":true}]}}