{"id":18175,"date":"2018-03-21T19:22:33","date_gmt":"2018-03-21T18:22:33","guid":{"rendered":"http:\/\/info.sadowne.pl\/?p=18175"},"modified":"2020-04-24T11:22:32","modified_gmt":"2020-04-24T09:22:32","slug":"wiosno-wiosno","status":"publish","type":"post","link":"https:\/\/info.sadowne.pl\/?p=18175","title":{"rendered":"Wiosno, wiosno\u2026"},"content":{"rendered":"<p><strong><img loading=\"lazy\" decoding=\"async\" class=\"alignleft size-thumbnail wp-image-18176\" src=\"http:\/\/info.sadowne.pl\/wp-content\/uploads\/2018\/03\/2018.03.21.2-1-180x130.jpg\" alt=\"\" width=\"180\" height=\"130\" \/>21 marca, pierwszy dzie\u0144 wiosny to dobra okazja do odej\u015bcia, cho\u0107 na p\u00f3\u0142 kroku, od szablonowych zaj\u0119\u0107 szkolnych. Ciekawie sp\u0119dzi\u0142o ten dzie\u0144 Gimnazjum w Sadownem.<\/strong><!--more--><\/p>\n<p>Sadowie\u0144scy gimnazjali\u015bci postanowili pierwszy dzie\u0144 wiosny zamieni\u0107 na Dzie\u0144 J\u0119zyk\u00f3w Obcych. Cz\u0119\u015b\u0107 z nich, pod okiem p. Gra\u017cyny Gr\u0119dziak, przygotowa\u0142a inscenizacj\u0119 s\u0142owno \u2013 muzyczn\u0105 o symbolach i tradycjach \u015bwi\u0105tecznych wyznawc\u00f3w prawos\u0142awia, natomiast inni &#8211; r\u00f3wnie\u017c w tonacji \u015bwi\u0105tecznej \u2013 przygotowali wsp\u00f3lnie z pp. Mart\u0105 i Arkadiuszem Kotowskimi polsk\u0105 wersj\u0119 angielskiego Dnia \u015awi\u0119tego Patryka.<\/p>\n<p>W Gimnazjum nie zapomniano te\u017c, \u017ce 21 marca zosta\u0142 ustanowiony przez UNESCO \u015awiatowym Dniem Poezji. W roku obchod\u00f3w setnej rocznicy odzyskania niepodleg\u0142o\u015bci przez Polsk\u0119 to \u015bwietna okazja do zaprezentowania wierszy wybitnych polskich poet\u00f3w, uzupe\u0142nionych pie\u015bniami w tonacji niepodleg\u0142o\u015bciowej. Spotkanie w rodzaju Wieczoru Poezji przygotowali dla swoich koleg\u00f3w uczniowie wraz z p. Renat\u0105 Majba\u0144sk\u0105.<\/p>\n<p>\u015awietny pomys\u0142 na sp\u0119dzenie pierwszego, wiosennego dnia\u2026<\/p>\n<p><a href=\"https:\/\/photos.app.goo.gl\/c1RVE4KtzTRzHpLX8\" target=\"_blank\" rel=\"noopener noreferrer\"><span style=\"color: #0000ff;\"><strong>Zdj\u0119cia w galerii Google&gt;&gt;&gt;<\/strong><\/span><\/a><\/p>\n<p><strong>Tekst\/foto:<\/strong> S\u0142awek Chyli\u0144ski<\/p>\n","protected":false},"excerpt":{"rendered":"<p>21 marca, pierwszy dzie\u0144 wiosny to dobra okazja do odej\u015bcia, cho\u0107 na p\u00f3\u0142 kroku, od szablonowych zaj\u0119\u0107 szkolnych. Ciekawie sp\u0119dzi\u0142o ten dzie\u0144 Gimnazjum w Sadownem.<\/p>\n","protected":false},"author":1,"featured_media":0,"comment_status":"closed","ping_status":"closed","sticky":false,"template":"","format":"standard","meta":{"footnotes":""},"categories":[5,83,1752],"tags":[2759,71,1879],"class_list":["post-18175","post","type-post","status-publish","format-standard","hentry","category-newsy","category-gimnazjum","category-edukacja","tag-dzien-jezykow-obcych-w-sadownem","tag-gimnazjum-sadowne","tag-pierwszy-dzien-wiosny-w-sadownem"],"views":2845,"_links":{"self":[{"href":"https:\/\/info.sadowne.pl\/index.php?rest_route=\/wp\/v2\/posts\/18175","targetHints":{"allow":["GET"]}}],"collection":[{"href":"https:\/\/info.sadowne.pl\/index.php?rest_route=\/wp\/v2\/posts"}],"about":[{"href":"https:\/\/info.sadowne.pl\/index.php?rest_route=\/wp\/v2\/types\/post"}],"author":[{"embeddable":true,"href":"https:\/\/info.sadowne.pl\/index.php?rest_route=\/wp\/v2\/users\/1"}],"replies":[{"embeddable":true,"href":"https:\/\/info.sadowne.pl\/index.php?rest_route=%2Fwp%2Fv2%2Fcomments&post=18175"}],"version-history":[{"count":2,"href":"https:\/\/info.sadowne.pl\/index.php?rest_route=\/wp\/v2\/posts\/18175\/revisions"}],"predecessor-version":[{"id":23063,"href":"https:\/\/info.sadowne.pl\/index.php?rest_route=\/wp\/v2\/posts\/18175\/revisions\/23063"}],"wp:attachment":[{"href":"https:\/\/info.sadowne.pl\/index.php?rest_route=%2Fwp%2Fv2%2Fmedia&parent=18175"}],"wp:term":[{"taxonomy":"category","embeddable":true,"href":"https:\/\/info.sadowne.pl\/index.php?rest_route=%2Fwp%2Fv2%2Fcategories&post=18175"},{"taxonomy":"post_tag","embeddable":true,"href":"https:\/\/info.sadowne.pl\/index.php?rest_route=%2Fwp%2Fv2%2Ftags&post=18175"}],"curies":[{"name":"wp","href":"https:\/\/api.w.org\/{rel}","templated":true}]}}