{"id":18178,"date":"2018-03-21T19:54:23","date_gmt":"2018-03-21T18:54:23","guid":{"rendered":"http:\/\/info.sadowne.pl\/?p=18178"},"modified":"2020-04-24T11:21:02","modified_gmt":"2020-04-24T09:21:02","slug":"cos-w-tym-chyba-jest","status":"publish","type":"post","link":"https:\/\/info.sadowne.pl\/?p=18178","title":{"rendered":"Co\u015b w tym chyba jest\u2026"},"content":{"rendered":"<p><strong><img loading=\"lazy\" decoding=\"async\" class=\"alignleft size-thumbnail wp-image-18179\" src=\"http:\/\/info.sadowne.pl\/wp-content\/uploads\/2018\/03\/2018.03.21.4-180x130.jpg\" alt=\"\" width=\"180\" height=\"130\" \/>\u201eMarzanno, marzanno, z\u0142a zimowa panno, ust\u0105p miejsca wio\u015bnie, pop\u0142y\u0144, gdzie pieprz ro\u015bnie.\u201d <\/strong><!--more--><\/p>\n<p>Tradycja to rzucenie marzanny do wody i czekanie na przyj\u015bcie wiosny. Tak te\u017c by\u0142o z sadowie\u0144skimi przedszkolakami 21 marca \u2013 przygotowa\u0142y na zaj\u0119ciach ekologiczn\u0105, pi\u0119kn\u0105 marzann\u0119, a potem spowodowa\u0142y, \u017ce pop\u0142yn\u0119\u0142a do morza z nurtem Bojewki.<\/p>\n<p>Czy tam ju\u017c dotar\u0142a, kt\u00f3\u017c to wie? Ale zaraz po tym wydarzeniu na ziemi\u0119 dotar\u0142y nie\u015bmia\u0142o ciep\u0142e promienie s\u0142oneczka. Mo\u017ce jest co\u015b w tej tradycji? Wkr\u00f3tce zobaczymy, b\u0119dziemy czeka\u0107\u2026<\/p>\n<p><a href=\"https:\/\/photos.app.goo.gl\/v6FkBDcMmsA4st89A\" target=\"_blank\" rel=\"noopener noreferrer\"><span style=\"color: #0000ff;\"><strong>Zdj\u0119cia w galerii Google&gt;&gt;&gt;<\/strong><\/span><\/a><\/p>\n<p><strong>Tekst\/foto:<\/strong> S\u0142awek Chyli\u0144ski<\/p>\n","protected":false},"excerpt":{"rendered":"<p>\u201eMarzanno, marzanno, z\u0142a zimowa panno, ust\u0105p miejsca wio\u015bnie, pop\u0142y\u0144, gdzie pieprz ro\u015bnie.\u201d<\/p>\n","protected":false},"author":1,"featured_media":0,"comment_status":"closed","ping_status":"closed","sticky":false,"template":"","format":"standard","meta":{"footnotes":""},"categories":[5,1752,561],"tags":[2286,1884],"class_list":["post-18178","post","type-post","status-publish","format-standard","hentry","category-newsy","category-edukacja","category-przedszkole-w-sadownem","tag-przedszkole-w-sadownem","tag-topienie-marzanny"],"views":3069,"_links":{"self":[{"href":"https:\/\/info.sadowne.pl\/index.php?rest_route=\/wp\/v2\/posts\/18178","targetHints":{"allow":["GET"]}}],"collection":[{"href":"https:\/\/info.sadowne.pl\/index.php?rest_route=\/wp\/v2\/posts"}],"about":[{"href":"https:\/\/info.sadowne.pl\/index.php?rest_route=\/wp\/v2\/types\/post"}],"author":[{"embeddable":true,"href":"https:\/\/info.sadowne.pl\/index.php?rest_route=\/wp\/v2\/users\/1"}],"replies":[{"embeddable":true,"href":"https:\/\/info.sadowne.pl\/index.php?rest_route=%2Fwp%2Fv2%2Fcomments&post=18178"}],"version-history":[{"count":2,"href":"https:\/\/info.sadowne.pl\/index.php?rest_route=\/wp\/v2\/posts\/18178\/revisions"}],"predecessor-version":[{"id":23062,"href":"https:\/\/info.sadowne.pl\/index.php?rest_route=\/wp\/v2\/posts\/18178\/revisions\/23062"}],"wp:attachment":[{"href":"https:\/\/info.sadowne.pl\/index.php?rest_route=%2Fwp%2Fv2%2Fmedia&parent=18178"}],"wp:term":[{"taxonomy":"category","embeddable":true,"href":"https:\/\/info.sadowne.pl\/index.php?rest_route=%2Fwp%2Fv2%2Fcategories&post=18178"},{"taxonomy":"post_tag","embeddable":true,"href":"https:\/\/info.sadowne.pl\/index.php?rest_route=%2Fwp%2Fv2%2Ftags&post=18178"}],"curies":[{"name":"wp","href":"https:\/\/api.w.org\/{rel}","templated":true}]}}