{"id":18206,"date":"2018-03-24T10:24:09","date_gmt":"2018-03-24T09:24:09","guid":{"rendered":"http:\/\/info.sadowne.pl\/?p=18206"},"modified":"2020-04-24T11:15:30","modified_gmt":"2020-04-24T09:15:30","slug":"jedyna-taka-noc-w-polsce","status":"publish","type":"post","link":"https:\/\/info.sadowne.pl\/?p=18206","title":{"rendered":"Jedyna taka noc w Polsce!"},"content":{"rendered":"<p><strong><img loading=\"lazy\" decoding=\"async\" class=\"alignleft size-thumbnail wp-image-18207\" src=\"http:\/\/info.sadowne.pl\/wp-content\/uploads\/2018\/03\/2018.03.24.2-180x130.jpg\" alt=\"\" width=\"180\" height=\"130\" \/>Noc S\u00f3w &#8211; to jedyna taka noc w Polsce, og\u00f3lnopolskie wydarzenie edukacyjne po\u015bwi\u0119cone tym tajemniczym ptakom.<\/strong><!--more--><\/p>\n<p>Noc S\u00f3w pachnie ju\u017c wiosn\u0105 i budz\u0105cym si\u0119 \u017cyciem, a wieczorny spacer skrajem lasu mo\u017ce okaza\u0107 si\u0119 bardziej pasjonuj\u0105cy ni\u017c my\u015blimy.<\/p>\n<p>To bardzo aktywny czas dla wi\u0119kszo\u015bci naszych s\u00f3w. S\u0105 w trakcie okresu godowego \u2013 i pohukuj\u0105 tak, \u017ce w\u0142os je\u017cy si\u0119 na g\u0142owie &#8211; albo pi\u00f3ra oczywi\u015bcie. Sowom z podniecenia \u2013 innym mieszka\u0144com las\u00f3w z przera\u017cenia\u2026<br \/>\n<strong><br \/>\n<\/strong>24-25 marca ju\u017c po raz si\u00f3dmy ca\u0142a Polska zachwyci si\u0119 sowami!<\/p>\n<p>Sadowie\u0144skie dzieci zachwyci\u0142y si\u0119 nimi ju\u017c po raz pi\u0105ty, a by\u0142o to w nocy z 23\/24 marca.<\/p>\n<p>Nocny spacer po lesie poprzedzi\u0142o spotkanie w szkole, kt\u00f3re zorganizowa\u0142a p. Sylwia Ilczuk przy wsp\u00f3\u0142pracy z panem le\u015bniczym Wojciechem Zakrzewskim. Uczniowie obejrzeli film i ciekaw\u0105 prezentacj\u0119 o sowach, wys\u0142uchali wydawanych przez nie odg\u0142os\u00f3w, a ch\u0119tni mogli wzi\u0105\u0107 udzia\u0142 w konkursie wiedzy o tych tajemniczych ptakach. Spotkanie odbywa\u0142o si\u0119 w ciekawej scenerii \u2013 z ka\u017cdego miejsca klasy \u201espogl\u0105da\u0142y\u201d sowy znajduj\u0105ce si\u0119 na przyniesionych gad\u017cetach: kubeczkach, bluzeczkach, zak\u0142adkach, torebkach\u2026 oraz rysunkach bior\u0105cych udzia\u0142 w konkursie plastycznym. Po rozstrzygni\u0119ciu konkurs\u00f3w i wr\u0119czeniu nagr\u00f3d ufundowanych przez Rad\u0119 Rodzic\u00f3w przy Szkole Podstawowej w Sadownem oraz Nadle\u015bnictwo \u0141och\u00f3w, dzieci pod opiek\u0105 p. Sylwii, p. Wojciecha i p. Agnieszki Narowskiej uda\u0142y si\u0119 lasu, by nas\u0142uchiwa\u0107 i wabi\u0107 sowy. I uda\u0142o si\u0119!!! W bardzo szybkim czasie odezwa\u0142a si\u0119 samiczka puszczyka. Z relacji p. Sylwii wiemy, \u017ce by\u0142o to wydarzenie nadzwyczajne, gdy\u017c samiczka &#8211; na przestrzeni pi\u0119ciu edycji tej akcji \u2013 po raz pierwszy zareagowa\u0142a na wabienie i us\u0142yszano jej g\u0142os.<\/p>\n<p>Wyrazy uznania dla p. Sylwi Ilczuk za ogromne zaanga\u017cowanie i zorganizowanie warto\u015bciowego spotkania, Panu Le\u015bniczemu i wolontariuszom za nieocenion\u0105 pomoc, a dzieciom \u2013 za udzia\u0142 w akcji, zg\u0142\u0119bianie wiedzy przyrodniczej, kt\u00f3rej odzwierciedleniem by\u0142y wykonane plastyczne prace konkursowe i tre\u015b\u0107 odpowiedzi zorganizowanego w trakcie spotkania testu o \u017cyciu i g\u0142osach s\u00f3w. A oto wyniki tych konkurs\u00f3w:<\/p>\n<p><strong>Konkurs plastyczny<\/strong><\/p>\n<p>&#8211; I miejsce \u2013 Amelka Pu\u015bcion<\/p>\n<p>&#8211; II miejsce \u2013 Weronika Mielcarz<\/p>\n<p>&#8211; III miejsce \u2013 Kuba Pu\u015bcion<\/p>\n<p>&#8211; IV miejsce \u2013 Szymon Zakrzewski i Maciej Szcze\u015bnik<\/p>\n<p>Wyr\u00f3\u017cnienia: Zuzia Gierej, Ania Bojanowska, Iza Ilczuk, Filip Ilczuk, Kacper K\u0105dziela i Ola Akonom.<\/p>\n<p><strong>Test wiedzy o sowach<\/strong><\/p>\n<p>I miejsce \u2013 Szymon Zakrzewski<\/p>\n<p>II miejsce \u2013 Dominik Kacprzyk<\/p>\n<p>III miejsce \u2013 Wiktoria Decyk<\/p>\n<p><strong>Gratulujemy i ju\u017c teraz zapraszamy na kolejn\u0105 \u201eNoc s\u00f3w\u201d \u2013 oczywi\u015bcie za rok.<\/strong><\/p>\n<p><a href=\"https:\/\/photos.app.goo.gl\/WVexzB5KGh39vb9R8\" target=\"_blank\" rel=\"noopener noreferrer\"><span style=\"color: #0000ff;\"><strong>Zdj\u0119cia w galerii Google&gt;&gt;&gt;<\/strong><strong>\u00a0<\/strong><\/span><\/a><\/p>\n<p><strong>Tekst:<\/strong> Danuta Chyli\u0144ska<\/p>\n<p><strong>Foto: <\/strong>S\u0142awek Chyli\u0144ski<\/p>\n","protected":false},"excerpt":{"rendered":"<p>Noc S\u00f3w &#8211; to jedyna taka noc w Polsce, og\u00f3lnopolskie wydarzenie edukacyjne po\u015bwi\u0119cone tym tajemniczym ptakom.<\/p>\n","protected":false},"author":1,"featured_media":0,"comment_status":"closed","ping_status":"closed","sticky":false,"template":"","format":"standard","meta":{"footnotes":""},"categories":[5,1752,84],"tags":[1867,361,16,959],"class_list":["post-18206","post","type-post","status-publish","format-standard","hentry","category-newsy","category-edukacja","category-szkola-podstawowa-im-cz-wycecha","tag-noc-sow-w-sadownem","tag-sylwia-ilczuk","tag-szkola-podstawowa-w-sadownem","tag-wojciech-zakrzewski"],"views":3054,"_links":{"self":[{"href":"https:\/\/info.sadowne.pl\/index.php?rest_route=\/wp\/v2\/posts\/18206","targetHints":{"allow":["GET"]}}],"collection":[{"href":"https:\/\/info.sadowne.pl\/index.php?rest_route=\/wp\/v2\/posts"}],"about":[{"href":"https:\/\/info.sadowne.pl\/index.php?rest_route=\/wp\/v2\/types\/post"}],"author":[{"embeddable":true,"href":"https:\/\/info.sadowne.pl\/index.php?rest_route=\/wp\/v2\/users\/1"}],"replies":[{"embeddable":true,"href":"https:\/\/info.sadowne.pl\/index.php?rest_route=%2Fwp%2Fv2%2Fcomments&post=18206"}],"version-history":[{"count":2,"href":"https:\/\/info.sadowne.pl\/index.php?rest_route=\/wp\/v2\/posts\/18206\/revisions"}],"predecessor-version":[{"id":23059,"href":"https:\/\/info.sadowne.pl\/index.php?rest_route=\/wp\/v2\/posts\/18206\/revisions\/23059"}],"wp:attachment":[{"href":"https:\/\/info.sadowne.pl\/index.php?rest_route=%2Fwp%2Fv2%2Fmedia&parent=18206"}],"wp:term":[{"taxonomy":"category","embeddable":true,"href":"https:\/\/info.sadowne.pl\/index.php?rest_route=%2Fwp%2Fv2%2Fcategories&post=18206"},{"taxonomy":"post_tag","embeddable":true,"href":"https:\/\/info.sadowne.pl\/index.php?rest_route=%2Fwp%2Fv2%2Ftags&post=18206"}],"curies":[{"name":"wp","href":"https:\/\/api.w.org\/{rel}","templated":true}]}}