{"id":18209,"date":"2018-03-25T19:28:19","date_gmt":"2018-03-25T17:28:19","guid":{"rendered":"http:\/\/info.sadowne.pl\/?p=18209"},"modified":"2021-09-01T21:17:00","modified_gmt":"2021-09-01T19:17:00","slug":"sloneczna-wedrowka","status":"publish","type":"post","link":"https:\/\/info.sadowne.pl\/?p=18209","title":{"rendered":"S\u0142oneczna w\u0119dr\u00f3wka\u2026"},"content":{"rendered":"<p><strong><img loading=\"lazy\" decoding=\"async\" class=\"alignleft size-thumbnail wp-image-18210\" src=\"http:\/\/info.sadowne.pl\/wp-content\/uploads\/2018\/03\/2018.03.25.2-180x130.jpg\" alt=\"\" width=\"180\" height=\"130\" \/>\u2026z histori\u0105 w tle.<\/strong><!--more--><\/p>\n<p>Kolejny 6. ju\u017c marsz nordic walking by\u0142 w\u0119dr\u00f3wk\u0105 tras\u0105 tak ciekaw\u0105, \u017ce \u201ejak w pigu\u0142ce\u201d obejrzeli\u015bmy charakterystyczne dla naszej Gminy krajobrazy, a nadto tak \u201epo drodze\u201d odwiedzili\u015bmy miejsca, kt\u00f3rych niezwyk\u0142e dzieje wypada ocali\u0107 od zapomnienia.<\/p>\n<p><img loading=\"lazy\" decoding=\"async\" class=\"aligncenter size-full wp-image-18211\" src=\"http:\/\/info.sadowne.pl\/wp-content\/uploads\/2018\/03\/2018.03.25.3.png\" alt=\"\" width=\"349\" height=\"417\" srcset=\"https:\/\/info.sadowne.pl\/wp-content\/uploads\/2018\/03\/2018.03.25.3.png 349w, https:\/\/info.sadowne.pl\/wp-content\/uploads\/2018\/03\/2018.03.25.3-251x300.png 251w\" sizes=\"auto, (max-width: 349px) 100vw, 349px\" \/><\/p>\n<p>Ruszyli\u015bmy spod GOK-u w prawo ul. Ko\u015bciuszki i ostro\u017cnie przeci\u0119li\u015bmy tras\u0119 nr 50, by prost\u0105, d\u0142ug\u0105 drog\u0105 prowadz\u0105c\u0105 do Wilczog\u0105b doj\u015b\u0107 do skrzy\u017cowania w Sojk\u00f3wku. Znikomy ruch pojazd\u00f3w pozwala\u0142 na rozgl\u0105danie si\u0119 za przedwiosennymi jeszcze krajobrazami, a bezchmurne niebo i ostre, ciep\u0142e ju\u017c s\u0142oneczko stanowi\u0142y przyjemne t\u0142o dla pojawiaj\u0105cych si\u0119 widok\u00f3w. Po przylegaj\u0105cych do trasy 50 k\u0119pach olszyn szybko weszli\u015bmy w du\u017ce po\u0142acie \u0142\u0105k i p\u00f3l, kt\u00f3re z lewej ogranicza\u0142y oddalaj\u0105ce si\u0119 zabudowania ul. Wiejskiej, a z prawej \u201ePruskiej K\u0119py\u201d i Sojk\u00f3wka.<\/p>\n<p>Na trzecim kilometrze trasy, przed s\u00f3jkowskim borkiem i kapliczk\u0105 z figur\u0105 Jezusa, skr\u0119cili\u015bmy w prawo ku P\u0142atkownicy. Kolejna \u201eprostka\u201d i kompletny brak ruchu drogowego sprzyja\u0142y rozmowom, kt\u00f3re coraz bardziej zmierza\u0142y ku niezwyk\u0142ej historii mijanych teren\u00f3w. Nie doszli\u015bmy do pozosta\u0142o\u015bci cmentarza ewangelickiego w Sojk\u00f3wku, nie zatrzymali\u015bmy si\u0119 przy wynios\u0142ej kapliczce, co 150 lat temu by\u0142a pomnikiem wdzi\u0119czno\u015bci dla Cara, nie wspomnieli\u015bmy, \u017ce Sojk\u00f3wek to dawne \u201eZajezierze\u201d, ale to celowe \u201ezaniedbania\u201d, bo te miejsca \u201ezaczekaj\u0105\u201d na odwiedziny w czasie kolejnej w\u0119dr\u00f3wki.<\/p>\n<p>Dzi\u015b szybko zmierzali\u015bmy ku borkowi w P\u0142atkownicy. Jego po\u0142udniow\u0105 granic\u0119 osi\u0105gn\u0119li\u015bmy po przej\u015bciu niemal 4. km. Przed nim mogli\u015bmy obejrze\u0107 z mostk\u00f3w czyste wody Bojewki, Nowej Treblinki i Wil\u0105czy, a w dalszej cz\u0119\u015bci trasy pokonali\u015bmy ponownie te rzeczki mostkami przecinaj\u0105cymi je bardziej na p\u00f3\u0142noc. A w borku skr\u0119cili\u015bmy (4. km) z asfaltu w stary trakt, co wi\u00f3d\u0142 do m\u0142yna w P\u0142atkownicy. Tu wszystkich zachwyci\u0142 zwarty, sosnowy b\u00f3r, co na piaszczystej glebie ro\u015bnie od wiek\u00f3w. I mimo, \u017ce wiekowych drzew niemal tu ju\u017c prawie nie ma, to lekko kr\u0119ty le\u015bny dukt ma tu sw\u00f3j \u201eklimat\u201d, \u00a0bo drzewa maj\u0105 osobliwe, poskr\u0119cane cz\u0119sto pnie i konary, pobocza piaszczystej drogi porastaj\u0105 mchy, a dalej wida\u0107 i jagodniaki zakrzaczone miejsca, a nawet niewielkie pag\u00f3rki.<\/p>\n<p>Tak doszli\u015bmy (4,5 km) do ruin ewangelickiego cmentarza w P\u0142atkownicy. Z trudem odnale\u017ali\u015bmy jego g\u0142\u00f3wn\u0105, centraln\u0105 alej\u0119, a z jeszcze wi\u0119kszym trudem da\u0142o si\u0119 zauwa\u017cy\u0107 dziesi\u0105tki nagrobk\u00f3w, z kt\u00f3rych pozosta\u0142y jedynie pochylone, z rzadka tylko czytelne tablice i s\u0142upki wytyczaj\u0105ce miejsca poch\u00f3wku. To miejsce wiecznego spoczynku kilku pokole\u0144 niemieckich s\u0105siad\u00f3w naszych prapradziadk\u00f3w. Od pocz\u0105tk\u00f3w XIX w. do jesieni 1939 r. wrastali w t\u0119 ziemi\u0119 i byli dobrymi s\u0105siadami dla osiad\u0142ych tu od wiek\u00f3w naszych przodk\u00f3w. Zostali osiedleni na najgorszych jej cz\u0119\u015bciach, kt\u00f3rych od wiek\u00f3w nikt nie chcia\u0142 zagospodarowa\u0107. Z tej ziemi wyp\u0119dzi\u0142 ich Hitler, a teraz my nawet nie potrafimy uszanowa\u0107 i zachowa\u0107 resztek materialnych \u015blad\u00f3w ich pobytu. Bo obie nekropolie (t\u0105 w P\u0142atkownicy i t\u0105 w Sojk\u00f3wku) porasta las, nagrobki ograbiono z metalowych krzy\u017cy i \u0142a\u0144cuch\u00f3w, a nawet cz\u0119\u015b\u0107 betonowych tablic podobno wtopiono w fundamenty budynk\u00f3w gospodarczych. Stare cmentarze nie s\u0105 w \u017caden spos\u00f3b oznakowane i dzi\u015b te\u017c id\u0105c poblisk\u0105 drog\u0105 min\u0119liby\u015bmy i to miejsce. Jednak to tu postanowili\u015bmy na chwil\u0119 zatrzyma\u0107 w\u0119dr\u00f3wk\u0119 i zastanowi\u0107 si\u0119 nad dziwnymi kolejami losu mieszka\u0144c\u00f3w naszej ziemi.<\/p>\n<p>Id\u0105c dalej &#8211; z cmentarza w prawo &#8211; zaraz weszli\u015bmy na polan\u0119, gdzie przed obecnym budynkiem starej szko\u0142y sta\u0142a pi\u0119kna, wynios\u0142a Kircha \u2013 dawne centrum wsi. Jeszcze kilkaset metr\u00f3w przez borek i podej\u015bcie pod nasyp trasy nr 50. Tras\u0119 ostro\u017cnie przeci\u0119li\u015bmy i pod\u0105\u017cyli\u015bmy na p\u00f3\u0142noc, now\u0105 asfaltow\u0105 nawierzchni\u0105, co bieg\u0142a w\u015br\u00f3d lu\u017anej zabudowy tej cz\u0119\u015bci P\u0142atkownicy.<\/p>\n<p>W\u015br\u00f3d rozproszonych, wiejskich, zadbanych posesji mogli\u015bmy podziwia\u0107 kilka olbrzymich d\u0119b\u00f3w szypu\u0142kowych, co teraz, na przedwio\u015bniu, wygl\u0105da\u0142y szczeg\u00f3lnie osobliwie. Z szerokich pni ku b\u0142\u0119kitnemu niebu wyci\u0105ga\u0142y pot\u0119\u017cne, pozbawione li\u015bci, za to maj\u0105ce dziesi\u0105tki rozga\u0142\u0119zie\u0144 konary. Na ok. 6,4 km trasy czeka\u0142 nas ostry skr\u0119t w prawo (na po\u0142udnie) i kilkusetmetrowy odcinek \u017cwir\u00f3wki, dalej nieco d\u0142u\u017csza asfaltowa \u201eprostka\u201d, z kt\u00f3rej skr\u0119cili\u015bmy (ok. 7,7 km.) w prawo, ku widocznej k\u0119pie drzew i zaro\u015bli. Wspomnienia o ewangelickim Ko\u015bciele w Sadolesiu, przy kt\u00f3rym pocz\u0105tkowo by\u0142 niewielki cmentarzyk, kt\u00f3ry w tym miejscu jeszcze 100 lat temu sta\u0142, zak\u0142\u00f3ci\u0142 widok wysypywanych do przydro\u017cnych do\u0142\u00f3w kup r\u00f3\u017cnorodnych \u015bmieci.<\/p>\n<p>Jest jeszcze w naszej Gminie co najmniej kilka tak wstydliwych miejsc. Ale to jest szczeg\u00f3lnie wstydliwe. Cz\u0119\u015b\u0107 z nas nie potrafi swoje \u015bmieci posegregowa\u0107, spakowa\u0107 w znakowane worki i co dwa tygodnie wystawi\u0107 przed posesje. Pewnie wygodniej jest raz na kilka miesi\u0119cy, b\u0105d\u017a po remoncie, wrzuci\u0107 wszystko na w\u00f3z, przyczepk\u0119 i wywie\u017a\u0107 do lasu, wyrzuci\u0107 na pobocze drogi, czy w jaki\u015b do\u0142ek na nieu\u017cytkach. Ale tu, w Sadolesiu, kupy \u015bmieci le\u017c\u0105 na terenie, co dla innych by\u0142 miejscem u\u015bwi\u0119conym. Tak to \u201ew beczce miodu\u201d, jak\u0105 dzisiejsza w\u0119dr\u00f3wka dla nas by\u0142a, znalaz\u0142a si\u0119 kolejna \u201e\u0142y\u017cka dziegciu\u201d. Min\u0105wszy za\u015bmiecone miejsca ponownie weszli\u015bmy na asfaltow\u0105 drog\u0119 w prawo i zaraz lekko w lewo ku widocznym wie\u017com sadowie\u0144skiego Ko\u015bcio\u0142a.<\/p>\n<p>Jednak dzisiejsz\u0105 w\u0119dr\u00f3wk\u0119 postanowili\u015bmy jeszcze urozmaici\u0107 skr\u0119caj\u0105c przed mostkiem nad Bojewk\u0105 w lewo. Tu s\u0142ab\u0105, gruntow\u0105 dr\u00f3\u017ck\u0105 pod\u0105\u017cyli\u015bmy nad brzegiem rzeczki ku widocznej \u015bcianie Jegla. Min\u0119li\u015bmy z lewej \u201e\u0141ys\u0105 G\u00f3rk\u0119\u201d, przed kt\u00f3r\u0105 kilka letniskowych dzia\u0142ek, a z prawej za wartkim, pob\u0142yskuj\u0105cym weso\u0142o w jaskrawym s\u0142o\u0144cu nurtem Bojewki podziwiali\u015bmy wynios\u0142o\u015b\u0107 naszego Cmentarza, panoram\u0119 zabudowa\u0144 Sadownego, z g\u00f3ruj\u0105c\u0105 nad nimi sylwetk\u0105 Ko\u015bcio\u0142a. Szybko doszli\u015bmy do ul. E. Grzyma\u0142y (niedawno jeszcze Cz. Wycecha), a z niej przez kolejny dzi\u015b mostek nad rzeczk\u0105 weszli\u015bmy w zwart\u0105 zabudow\u0119 ulic: Stra\u017cackiej, Armii Krajowej i T. Ko\u015bciuszki, by po ponad 12. km i ponad 2. h doj\u015b\u0107 do GOK-u, co przecie\u017c stoi na placach przed wojn\u0105 zasiedlonych przez sadowie\u0144skich \u017byd\u00f3w.<\/p>\n<p>Tak to dzisiejsza w\u0119dr\u00f3wka obfitowa\u0142a we wra\u017cenia i wspania\u0142e (cudowna pogoda, atmosfera, pi\u0119kne krajobrazy, r\u00f3\u017cnorodno\u015b\u0107 wiejskiej zabudowy, \u0142\u0105k, p\u00f3l i lasu) i ciekawe (historia mijanych miejsc) i troch\u0119 przykre (zaniedbane miejsca pami\u0119ci i \u015bmieci). Te przykre s\u0105 chyba w przysz\u0142o\u015bci do wyeliminowania, bo miejsca poch\u00f3wku ludzi zas\u0142uguj\u0105 na szacunek ze strony \u017cyj\u0105cych, a sprawa \u015bmieci, to kwestia porz\u0105dku i kultury, kt\u00f3re to cechy ka\u017cdy dzi\u015b chce mie\u0107. I jak w tym miejscu nie pochwali\u0107 mieszka\u0144c\u00f3w P\u0142atkownicy, co ju\u017c od kilku lat \u015bmieci u siebie zbiorowo sprz\u0105taj\u0105. St\u0105d te\u017c \u201eich borek\u201d zachwyca\u2026<\/p>\n<p>Za to w GOK-u by\u0142o jak zwykle, czyli ciep\u0142o (temperatura i klimat), smakowicie (gulasz), s\u0142odko (ciasta) i o\u017cywczo (kawa i herbatka). St\u0105d te\u017c rozmowom i planom na kolejn\u0105 plenerow\u0105 imprez\u0119 nie by\u0142o ko\u0144ca\u2026 Plan\u00f3w jeszcze nie zdradzamy, ale termin ju\u017c tak, bo 15 kwietnia zn\u00f3w ruszamy, ale na razie trzeba tylko zarezerwowa\u0107 3-4 godziny na wczesne popo\u0142udnie 3. niedzieli kwietnia.<\/p>\n<p><a href=\"https:\/\/photos.app.goo.gl\/E9rhkwWXPY21LoEJ9\" target=\"_blank\" rel=\"noopener noreferrer\"><span style=\"color: #0000ff;\"><strong>Zdj\u0119cia w galerii Google&gt;&gt;&gt;<\/strong><\/span><\/a><\/p>\n<p><strong>Tekst:<\/strong> RW<\/p>\n<p><strong>Foto:<\/strong> S\u0142awek Chyli\u0144ski<\/p>\n","protected":false},"excerpt":{"rendered":"<p>\u2026z histori\u0105 w tle.<\/p>\n","protected":false},"author":1,"featured_media":0,"comment_status":"closed","ping_status":"closed","sticky":false,"template":"","format":"standard","meta":{"footnotes":""},"categories":[5,91,6,3627],"tags":[2760,169,2705,907],"class_list":["post-18209","post","type-post","status-publish","format-standard","hentry","category-newsy","category-gminny-osrodek-kultury","category-kultura-rozrywka-edukacja","category-nordic-walking","tag-6-marsz-nordic-walking-w-sadownem","tag-gminny-osrodek-kultury-w-sadownem","tag-nordic-walking","tag-rekreacja-2"],"views":2796,"_links":{"self":[{"href":"https:\/\/info.sadowne.pl\/index.php?rest_route=\/wp\/v2\/posts\/18209","targetHints":{"allow":["GET"]}}],"collection":[{"href":"https:\/\/info.sadowne.pl\/index.php?rest_route=\/wp\/v2\/posts"}],"about":[{"href":"https:\/\/info.sadowne.pl\/index.php?rest_route=\/wp\/v2\/types\/post"}],"author":[{"embeddable":true,"href":"https:\/\/info.sadowne.pl\/index.php?rest_route=\/wp\/v2\/users\/1"}],"replies":[{"embeddable":true,"href":"https:\/\/info.sadowne.pl\/index.php?rest_route=%2Fwp%2Fv2%2Fcomments&post=18209"}],"version-history":[{"count":3,"href":"https:\/\/info.sadowne.pl\/index.php?rest_route=\/wp\/v2\/posts\/18209\/revisions"}],"predecessor-version":[{"id":23058,"href":"https:\/\/info.sadowne.pl\/index.php?rest_route=\/wp\/v2\/posts\/18209\/revisions\/23058"}],"wp:attachment":[{"href":"https:\/\/info.sadowne.pl\/index.php?rest_route=%2Fwp%2Fv2%2Fmedia&parent=18209"}],"wp:term":[{"taxonomy":"category","embeddable":true,"href":"https:\/\/info.sadowne.pl\/index.php?rest_route=%2Fwp%2Fv2%2Fcategories&post=18209"},{"taxonomy":"post_tag","embeddable":true,"href":"https:\/\/info.sadowne.pl\/index.php?rest_route=%2Fwp%2Fv2%2Ftags&post=18209"}],"curies":[{"name":"wp","href":"https:\/\/api.w.org\/{rel}","templated":true}]}}