{"id":18274,"date":"2018-04-12T16:11:32","date_gmt":"2018-04-12T14:11:32","guid":{"rendered":"http:\/\/info.sadowne.pl\/?p=18274"},"modified":"2018-04-12T16:11:32","modified_gmt":"2018-04-12T14:11:32","slug":"iii-miejsce-w-garwolinie","status":"publish","type":"post","link":"https:\/\/info.sadowne.pl\/?p=18274","title":{"rendered":"III miejsce w Garwolinie!"},"content":{"rendered":"<p><strong><a href=\"http:\/\/info.sadowne.pl\/wp-content\/uploads\/2018\/04\/2018.04.11.11.jpg\" target=\"_blank\" rel=\"noopener noreferrer\"><img loading=\"lazy\" decoding=\"async\" class=\"alignleft wp-image-18275 size-thumbnail\" src=\"http:\/\/info.sadowne.pl\/wp-content\/uploads\/2018\/04\/2018.04.11.11-180x130.jpg\" alt=\"\" width=\"180\" height=\"130\" \/><\/a>11 kwietnia uczniowie naszego Technikum brali udzia\u0142 w Og\u00f3lnopolskim Konkursie Kulinarnym. Wr\u00f3cili z pucharem!<\/strong><!--more--><\/p>\n<p>W dniu 11.04.2018 r. uczniowie Technikum \u017bywienia i Us\u0142ug Gastronomicznych w Sadownem: Patryk Ryszawa i Szymon Jadczuk, pod przewodnictwem Pani El\u017cbiety Rukat, brali udzia\u0142 w I Og\u00f3lnopolskim Konkursie Kulinarnym ,, Kuchnia Nadwi\u015bla\u0144ska 2018\u2019\u2019, kt\u00f3ry odby\u0142 si\u0119 w Zespole Szk\u00f3\u0142 Ponadgimnazjalnych nr 2 CKP w Garwolinie.<\/p>\n<p><a href=\"http:\/\/info.sadowne.pl\/wp-content\/uploads\/2018\/04\/2018.04.11.12.jpg\" target=\"_blank\" rel=\"noopener noreferrer\"><img loading=\"lazy\" decoding=\"async\" class=\"alignright wp-image-18276 size-medium\" src=\"http:\/\/info.sadowne.pl\/wp-content\/uploads\/2018\/04\/2018.04.11.12-170x300.jpg\" alt=\"\" width=\"170\" height=\"300\" srcset=\"https:\/\/info.sadowne.pl\/wp-content\/uploads\/2018\/04\/2018.04.11.12-170x300.jpg 170w, https:\/\/info.sadowne.pl\/wp-content\/uploads\/2018\/04\/2018.04.11.12.jpg 345w\" sizes=\"auto, (max-width: 170px) 100vw, 170px\" \/><\/a>Konkurs sk\u0142ada\u0142 si\u0119 z dw\u00f3ch etap\u00f3w:<\/p>\n<p>&#8211; I etap kwalifikacje &#8211; kt\u00f3ry polega\u0142 na przes\u0142aniu zg\u0142osze\u0144 do organizatora i rozpatrzenie przez Jury nades\u0142anych przepis\u00f3w oraz wybranie 8. najlepszych zespo\u0142\u00f3w;<\/p>\n<p>&#8211; II etap praktyczny, w kt\u00f3rym nasi uczniowie przygotowywali dania pod okiem ekspert\u00f3w.<\/p>\n<p>W Jury zasiadali: Marcin Sob\u00f3l, Jean Bos, Janusz Sykut, Mariusz Zaj\u0105c, przewodnicz\u0105cy Marek Rybacki kucharze Eurotoqes Polska, a tak\u017ce jury VIP Renata Rybacka, Grzegorz Rybak, Urszula Zadro\u017cna.<\/p>\n<p>Na konkurs trzeba by\u0142o przygotowa\u0107 danie g\u0142\u00f3wne oraz deser, a tak\u017ce rozdrobni\u0107 warzywa w odpowiedni spos\u00f3b. W daniu g\u0142\u00f3wnym sk\u0142adnikiem podstawowym by\u0142 schab, natomiast w deserze pietruszka.<\/p>\n<p><a href=\"http:\/\/info.sadowne.pl\/wp-content\/uploads\/2018\/04\/2018.04.11.13.jpg\" target=\"_blank\" rel=\"noopener noreferrer\"><img loading=\"lazy\" decoding=\"async\" class=\"alignleft wp-image-18277 size-medium\" src=\"http:\/\/info.sadowne.pl\/wp-content\/uploads\/2018\/04\/2018.04.11.13-189x300.jpg\" alt=\"\" width=\"189\" height=\"300\" srcset=\"https:\/\/info.sadowne.pl\/wp-content\/uploads\/2018\/04\/2018.04.11.13-189x300.jpg 189w, https:\/\/info.sadowne.pl\/wp-content\/uploads\/2018\/04\/2018.04.11.13.jpg 383w\" sizes=\"auto, (max-width: 189px) 100vw, 189px\" \/><\/a>Nasi uczniowie przygotowali schab gotowany metod\u0105 souse-vide z puree z fioletowych ziemniak\u00f3w, kurkami w bia\u0142ym winie i mini warzywami. Deser za\u015b to mus pietruszkowy z karmelizowanymi bananami i marynowanymi filetami z grapefruta.<\/p>\n<p><strong>Rywalizacja miedzy zespo\u0142ami by\u0142a ogromna. Nasza dru\u017cyna wywalczy\u0142a III miejsce, z czego jeste\u015bmy bardzo dumni. \u00a0<\/strong><\/p>\n<p><strong>Tekst\/foto:<\/strong> T\u017biUG w Sadownem<\/p>\n","protected":false},"excerpt":{"rendered":"<p>11 kwietnia uczniowie naszego Technikum brali udzia\u0142 w Og\u00f3lnopolskim Konkursie Kulinarnym. Wr\u00f3cili z pucharem!<\/p>\n","protected":false},"author":1,"featured_media":0,"comment_status":"closed","ping_status":"closed","sticky":false,"template":"","format":"standard","meta":{"footnotes":""},"categories":[5,1752,85],"tags":[2773,2774,2599,254,182],"class_list":["post-18274","post","type-post","status-publish","format-standard","hentry","category-newsy","category-edukacja","category-zsp","tag-konkurs-kulinarny-w-garwolinie","tag-patryk-ryszawa","tag-szymon-jadczuk","tag-technikum-zywienia-i-uslug-gastronomicznych-w-sadownem","tag-zespol-szkol-ponadgimnazjalnych-w-sadownem"],"views":3112,"_links":{"self":[{"href":"https:\/\/info.sadowne.pl\/index.php?rest_route=\/wp\/v2\/posts\/18274","targetHints":{"allow":["GET"]}}],"collection":[{"href":"https:\/\/info.sadowne.pl\/index.php?rest_route=\/wp\/v2\/posts"}],"about":[{"href":"https:\/\/info.sadowne.pl\/index.php?rest_route=\/wp\/v2\/types\/post"}],"author":[{"embeddable":true,"href":"https:\/\/info.sadowne.pl\/index.php?rest_route=\/wp\/v2\/users\/1"}],"replies":[{"embeddable":true,"href":"https:\/\/info.sadowne.pl\/index.php?rest_route=%2Fwp%2Fv2%2Fcomments&post=18274"}],"version-history":[{"count":1,"href":"https:\/\/info.sadowne.pl\/index.php?rest_route=\/wp\/v2\/posts\/18274\/revisions"}],"predecessor-version":[{"id":18278,"href":"https:\/\/info.sadowne.pl\/index.php?rest_route=\/wp\/v2\/posts\/18274\/revisions\/18278"}],"wp:attachment":[{"href":"https:\/\/info.sadowne.pl\/index.php?rest_route=%2Fwp%2Fv2%2Fmedia&parent=18274"}],"wp:term":[{"taxonomy":"category","embeddable":true,"href":"https:\/\/info.sadowne.pl\/index.php?rest_route=%2Fwp%2Fv2%2Fcategories&post=18274"},{"taxonomy":"post_tag","embeddable":true,"href":"https:\/\/info.sadowne.pl\/index.php?rest_route=%2Fwp%2Fv2%2Ftags&post=18274"}],"curies":[{"name":"wp","href":"https:\/\/api.w.org\/{rel}","templated":true}]}}