{"id":18294,"date":"2018-04-12T17:34:27","date_gmt":"2018-04-12T15:34:27","guid":{"rendered":"http:\/\/info.sadowne.pl\/?p=18294"},"modified":"2018-04-12T17:34:27","modified_gmt":"2018-04-12T15:34:27","slug":"z-ekologia-na-ty","status":"publish","type":"post","link":"https:\/\/info.sadowne.pl\/?p=18294","title":{"rendered":"Z ekologi\u0105 na Ty\u2026"},"content":{"rendered":"<p><strong><img loading=\"lazy\" decoding=\"async\" class=\"alignleft size-thumbnail wp-image-18295\" src=\"http:\/\/info.sadowne.pl\/wp-content\/uploads\/2018\/04\/2018.04.12.32-180x130.jpg\" alt=\"\" width=\"180\" height=\"130\" \/>O ekologii cz\u0119sto s\u0142yszymy, ale jej zasady utrwalaj\u0105 si\u0119 podczas praktycznych zaj\u0119\u0107 o tematyce ekologicznej.<\/strong><!--more--><\/p>\n<p>Edukacja ekologiczna ma na celu propagowanie wiedzy na temat ochrony \u015brodowiska w\u015br\u00f3d uczni\u00f3w i ich rodzin. G\u0142\u00f3wnie chodzi o propagowanie ekologicznego i zdrowego stylu \u017cycia, kszta\u0142towanie postaw szacunku dla przyrody, u\u015bwiadomienie korzy\u015bci ekologicznych i ekonomicznych wynikaj\u0105cych z ochrony \u015brodowiska naturalnego dla\u00a0<strong>\u00a0<\/strong>spo\u0142eczno\u015bci lokalnej.<\/p>\n<p>Zaj\u0119cia takie z dzie\u0107mi Szko\u0142y Podstawowej w Sadownem przeprowadzi\u0142 12 kwietnia p. Janusz Urbankowski \u2013 pracownik Muzeum Ziemi Sadowie\u0144skim, z zami\u0142owania pszczelarz i ekolog.<\/p>\n<p>Pierwsza cz\u0119\u015b\u0107 tych zaj\u0119\u0107 odby\u0142a si\u0119 w sadowie\u0144skim Muzeum, gdzie p. Janusz \u2013 prezentuj\u0105c jednocze\u015bnie eksponaty muzealne &#8211; om\u00f3wi\u0142 uczniom klasy IVA histori\u0119 pszczelarstwa, znaczenie pszcz\u00f3\u0142 i ich miejsce w ekosystemie oraz korzy\u015bci wynikaj\u0105ce z w\u0142a\u015bciwej opieki cz\u0142owieka nad tym gatunkiem owad\u00f3w.<\/p>\n<p>Jak podsumowa\u0142 prowadz\u0105cy zaj\u0119cia: <em>Te ma\u0142e, pracowite zwierz\u0119ta skrywaj\u0105 w sobie wiele ciekawych niespodzianek, kt\u00f3re zaskocz\u0105 ka\u017cdego kto nie zajmuje si\u0119 pszczelarstwem\u2026<\/em><\/p>\n<p>Na p. Janusza czeka\u0142y te\u017c dzieciaki z \u201ezer\u00f3wki\u201d, ale trzeba by\u0142o przenie\u015b\u0107 si\u0119 do budynku Szko\u0142y Podstawowej. Tu nowy temat: ekologia, a g\u0142\u00f3wnie nasze codzienne zachowanie i post\u0119powanie, kt\u00f3re nie b\u0119dzie szkodzi\u0142o \u015brodowisku.<\/p>\n<p>Dzieciaki ch\u0119tnie podejmowa\u0142y temat i dyskutowa\u0142y o segregacji odpad\u00f3w, szkodliwo\u015bci ich spalania, smogu, kwa\u015bnych deszczach, efekcie cieplarnianym, zanieczyszczaniu naszych las\u00f3w i w\u00f3d. I o dziwo, \u201ezer\u00f3wkowicze\u201d te\u017c s\u0105 dobrze zorientowani w tym, \u017ce zanieczyszczenie \u015brodowiska to powa\u017cny problem.<\/p>\n<p>Pan Janusz uzupe\u0142ni\u0142 tylko wiedz\u0119, kt\u00f3r\u0105 pozyskali na szkolnych zaj\u0119ciach i wyja\u015bni\u0142, \u017ce zanieczyszczenie \u015brodowiska mo\u017ce by\u0107 spowodowane przez \u017ar\u00f3d\u0142a naturalne (np. wulkany) lub sztuczne, spowodowane dzia\u0142alno\u015bci\u0105 cz\u0142owieka, kt\u00f3re nast\u0119puje te\u017c w wyniku niezamierzonej dzia\u0142alno\u015bci cz\u0142owieka lub przeciwnie \u2013 umy\u015blnego zanieczyszczania odpadami i ich niew\u0142a\u015bciw\u0105 utylizacj\u0105, co jest bardzo naganne.<\/p>\n<p><span style=\"color: #0000ff;\"><a style=\"color: #0000ff;\" href=\"https:\/\/photos.google.com\/share\/AF1QipPMdaOHub-zV3crfaty2ZF-RKOmj1YLyrKVKbXIHAuXN-kj69hzP7Bq7_LrqsphcA?key=Q2xmOFZnbUtPa2wzMXZJUDBIUkQyd3N6aXRZTjhR\" target=\"_blank\" rel=\"noopener noreferrer\"><strong>Zdj\u0119cia w galerii Google&gt;&gt;&gt;<\/strong><\/a><\/span><\/p>\n<p><strong>Tekst\/foto:<\/strong> S\u0142awek Chyli\u0144ski<\/p>\n","protected":false},"excerpt":{"rendered":"<p>O ekologii cz\u0119sto s\u0142yszymy, ale jej zasady utrwalaj\u0105 si\u0119 podczas praktycznych zaj\u0119\u0107 o tematyce ekologicznej.<\/p>\n","protected":false},"author":1,"featured_media":0,"comment_status":"closed","ping_status":"closed","sticky":false,"template":"","format":"standard","meta":{"footnotes":""},"categories":[5,6,81],"tags":[958,79,2775],"class_list":["post-18294","post","type-post","status-publish","format-standard","hentry","category-newsy","category-kultura-rozrywka-edukacja","category-muzeum","tag-janusz-urbankowski","tag-muzeum-ziemi-sadowienskiej","tag-zajecia-z-ekologii"],"views":2751,"_links":{"self":[{"href":"https:\/\/info.sadowne.pl\/index.php?rest_route=\/wp\/v2\/posts\/18294","targetHints":{"allow":["GET"]}}],"collection":[{"href":"https:\/\/info.sadowne.pl\/index.php?rest_route=\/wp\/v2\/posts"}],"about":[{"href":"https:\/\/info.sadowne.pl\/index.php?rest_route=\/wp\/v2\/types\/post"}],"author":[{"embeddable":true,"href":"https:\/\/info.sadowne.pl\/index.php?rest_route=\/wp\/v2\/users\/1"}],"replies":[{"embeddable":true,"href":"https:\/\/info.sadowne.pl\/index.php?rest_route=%2Fwp%2Fv2%2Fcomments&post=18294"}],"version-history":[{"count":1,"href":"https:\/\/info.sadowne.pl\/index.php?rest_route=\/wp\/v2\/posts\/18294\/revisions"}],"predecessor-version":[{"id":18296,"href":"https:\/\/info.sadowne.pl\/index.php?rest_route=\/wp\/v2\/posts\/18294\/revisions\/18296"}],"wp:attachment":[{"href":"https:\/\/info.sadowne.pl\/index.php?rest_route=%2Fwp%2Fv2%2Fmedia&parent=18294"}],"wp:term":[{"taxonomy":"category","embeddable":true,"href":"https:\/\/info.sadowne.pl\/index.php?rest_route=%2Fwp%2Fv2%2Fcategories&post=18294"},{"taxonomy":"post_tag","embeddable":true,"href":"https:\/\/info.sadowne.pl\/index.php?rest_route=%2Fwp%2Fv2%2Ftags&post=18294"}],"curies":[{"name":"wp","href":"https:\/\/api.w.org\/{rel}","templated":true}]}}