{"id":18338,"date":"2018-04-24T14:49:48","date_gmt":"2018-04-24T12:49:48","guid":{"rendered":"http:\/\/info.sadowne.pl\/?p=18338"},"modified":"2018-04-24T14:49:48","modified_gmt":"2018-04-24T12:49:48","slug":"w-zsp-troche-sie-dzialo","status":"publish","type":"post","link":"https:\/\/info.sadowne.pl\/?p=18338","title":{"rendered":"W ZSP troch\u0119 si\u0119 dzia\u0142o\u2026"},"content":{"rendered":"<p><strong><img loading=\"lazy\" decoding=\"async\" class=\"alignleft size-thumbnail wp-image-18339\" src=\"http:\/\/info.sadowne.pl\/wp-content\/uploads\/2018\/04\/2018.04.24.2-180x130.jpg\" alt=\"\" width=\"180\" height=\"130\" \/>24 kwietnia Zesp\u00f3\u0142 Szk\u00f3\u0142 Ponadgimnazjalnych w Sadownem powita\u0142 u siebie przysz\u0142ych absolwent\u00f3w gimnazj\u00f3w. Okazj\u0105 do spotkania by\u0142 Dzie\u0144 Otwarty w sadowie\u0144skich szko\u0142ach \u015brednich.<\/strong><!--more--><\/p>\n<p>Sala gimnastyczna ZSP tu\u017c po godz. 9.00 zape\u0142ni\u0142a si\u0119 gimnazjalistami i ich wychowawcami, kt\u00f3rzy przybyli nie tylko z s\u0105siedniego budynku miejscowego Gimnazjum, ale te\u017c z plac\u00f3wek o\u015bwiatowych po\u0142o\u017conych troszk\u0119 dalej \u2013 z \u0141ochowa, Kamionnej, Ostr\u00f3wka i Gwizda\u0142, a by\u0107 mo\u017ce i zawitali tu s\u0105siedzi z powiatu ostrowskiego.<\/p>\n<p>Uczni\u00f3w powita\u0142 gospodarz \u2013 Dyrektor Zespo\u0142u Szk\u00f3\u0142 Ponadgimnazjalnych w Sadownem p. S\u0142awomir Ryszawa, kt\u00f3ry w skr\u00f3cie przedstawi\u0142 histori\u0119 sadowie\u0144skich \u015brednich szk\u00f3\u0142, ich osi\u0105gni\u0119cia i perspektywy rozwoju. Om\u00f3wi\u0142 te\u017c przebieg Dnia Otwartego, ale te\u017c zaprezentowa\u0142 przyby\u0142ych na to spotkanie, zainteresowanych absolwentami szk\u00f3\u0142 bran\u017cowych, pracodawc\u00f3w \u2013 z warszawskiego Hotelu \u201eMariott\u201d i O\u015brodka \u201eNadrzecze\u201d w Broku. Oni te\u017c w kr\u00f3tkich wypowiedziach zach\u0119cali obecnych do podj\u0119cia nauki w miejscowych szko\u0142ach, gwarantuj\u0105c jednocze\u015bnie pomoc i wsp\u00f3\u0142prac\u0119 w u\u0142atwieniu stawiania absolwentom pierwszych krok\u00f3w na rynku pracy.<\/p>\n<p>Na go\u015bci Dnia Otwartego czeka\u0142o te\u017c wiele innych atrakcji. Podzieleni na grupy zwiedzali (z niespodziankami) szko\u0142\u0119 i jej otoczenie, ch\u0119tnie te\u017c korzystali z mo\u017cliwo\u015bci pozyskania informacji o przysz\u0142ych zawodach w pracowniach gastronomicznych Technikum \u017bywienia i Us\u0142ug Gastronomicznych i obok, gdzie odby\u0142 si\u0119 pokaz pieczenia s\u0119kacza, ale te\u017c odwiedzali stoiska tematyczne, kt\u00f3re przygotowali dla nich w Sali Lustrzanej obecni uczniowie sadowie\u0144skich szk\u00f3\u0142.<\/p>\n<p><strong>Dzie\u0144 pe\u0142en wra\u017ce\u0144, ale dobrze, \u017ce nadarzy\u0142a si\u0119 okazja pokazania wn\u0119trza naszych szk\u00f3\u0142 \u015brednich, a jest si\u0119 czym pochwali\u0107.<\/strong> Wkr\u00f3tce rekrutacja i jest nadzieja, \u017ce wielu z dzisiejszych go\u015bci zdecyduje si\u0119 na powr\u00f3t do Sadownego \u2013 ju\u017c w roli pierwszoklasisty Liceum, Technikum, a mo\u017ce innej bran\u017cowej szko\u0142y. Szkoda tylko, \u017ce na spotkanie nie dotarli zapowiadani przez prowadz\u0105cego miejscowi pracodawcy. Jak stwierdzi\u0142 p. Dyrektor Ryszawa, by\u0107 mo\u017ce uniemo\u017cliwi\u0142 im to wiosenny nadmiar obowi\u0105zk\u00f3w, bo nikt nie podejrzewa, \u017ce nie s\u0105 zainteresowani rynkiem pracy.<\/p>\n<p><span style=\"color: #0000ff;\"><a style=\"color: #0000ff;\" href=\"https:\/\/photos.google.com\/share\/AF1QipM3XxYqn9wDATDc7Bbm15bjCmP6UFqw-qpn4JlFpVgtLmmwd37hApPIrdkAK2awhw?key=N19OVVBWb1l4bkVNUk9RUmY3TDMxTDZXWF82Y0hn\" target=\"_blank\" rel=\"noopener noreferrer\"><strong>Zdj\u0119cia w galerii Google&gt;&gt;&gt;<\/strong><\/a><\/span><\/p>\n<p><strong>Tekst\/foto:<\/strong> S\u0142awek Chyli\u0144ski<\/p>\n","protected":false},"excerpt":{"rendered":"<p>24 kwietnia Zesp\u00f3\u0142 Szk\u00f3\u0142 Ponadgimnazjalnych w Sadownem powita\u0142 u siebie przysz\u0142ych absolwent\u00f3w gimnazj\u00f3w. Okazj\u0105 do spotkania by\u0142 Dzie\u0144 Otwarty w sadowie\u0144skich szko\u0142ach \u015brednich.<\/p>\n","protected":false},"author":1,"featured_media":0,"comment_status":"closed","ping_status":"closed","sticky":false,"template":"","format":"standard","meta":{"footnotes":""},"categories":[5,1752,85],"tags":[2409,255,182],"class_list":["post-18338","post","type-post","status-publish","format-standard","hentry","category-newsy","category-edukacja","category-zsp","tag-dzien-otwarty-w-zsp-sadowne","tag-slawomir-ryszawa","tag-zespol-szkol-ponadgimnazjalnych-w-sadownem"],"views":3488,"_links":{"self":[{"href":"https:\/\/info.sadowne.pl\/index.php?rest_route=\/wp\/v2\/posts\/18338","targetHints":{"allow":["GET"]}}],"collection":[{"href":"https:\/\/info.sadowne.pl\/index.php?rest_route=\/wp\/v2\/posts"}],"about":[{"href":"https:\/\/info.sadowne.pl\/index.php?rest_route=\/wp\/v2\/types\/post"}],"author":[{"embeddable":true,"href":"https:\/\/info.sadowne.pl\/index.php?rest_route=\/wp\/v2\/users\/1"}],"replies":[{"embeddable":true,"href":"https:\/\/info.sadowne.pl\/index.php?rest_route=%2Fwp%2Fv2%2Fcomments&post=18338"}],"version-history":[{"count":1,"href":"https:\/\/info.sadowne.pl\/index.php?rest_route=\/wp\/v2\/posts\/18338\/revisions"}],"predecessor-version":[{"id":18340,"href":"https:\/\/info.sadowne.pl\/index.php?rest_route=\/wp\/v2\/posts\/18338\/revisions\/18340"}],"wp:attachment":[{"href":"https:\/\/info.sadowne.pl\/index.php?rest_route=%2Fwp%2Fv2%2Fmedia&parent=18338"}],"wp:term":[{"taxonomy":"category","embeddable":true,"href":"https:\/\/info.sadowne.pl\/index.php?rest_route=%2Fwp%2Fv2%2Fcategories&post=18338"},{"taxonomy":"post_tag","embeddable":true,"href":"https:\/\/info.sadowne.pl\/index.php?rest_route=%2Fwp%2Fv2%2Ftags&post=18338"}],"curies":[{"name":"wp","href":"https:\/\/api.w.org\/{rel}","templated":true}]}}