{"id":18376,"date":"2018-04-28T16:22:49","date_gmt":"2018-04-28T14:22:49","guid":{"rendered":"http:\/\/info.sadowne.pl\/?p=18376"},"modified":"2018-04-28T16:22:49","modified_gmt":"2018-04-28T14:22:49","slug":"co-sie-dzieje-ze-strzelcami","status":"publish","type":"post","link":"https:\/\/info.sadowne.pl\/?p=18376","title":{"rendered":"Co si\u0119 dzieje ze Strzelcami?"},"content":{"rendered":"<p><strong><img loading=\"lazy\" decoding=\"async\" class=\"alignleft size-thumbnail wp-image-18377\" src=\"http:\/\/info.sadowne.pl\/wp-content\/uploads\/2018\/04\/2018.04.28.12-180x130.jpg\" alt=\"\" width=\"180\" height=\"130\" \/>\u0106wicz\u0105, \u0107wicz\u0105\u2026 tylko szkoda, \u017ce nie u nas i nie z nami. A tak dobrze si\u0119 zapowiada\u0142o\u2026<\/strong><!--more--><\/p>\n<p>A gdzie mo\u017cna spotka\u0107 naszych Strzelc\u00f3w z Jednostki Strzeleckiej 5001 im. Dywizjonu Huzar\u00f3w \u015amierci, kt\u00f3rej lokalizacj\u0119 przypisywano do Sadownego? W Warszawie, Sulej\u00f3wku, a ostatnio\u2026 w rejonie Puszczy Kampinoskiej???<\/p>\n<p><a href=\"http:\/\/info.sadowne.pl\/wp-content\/uploads\/2018\/04\/2018.04.28.11.jpg\" target=\"_blank\" rel=\"noopener noreferrer\"><img loading=\"lazy\" decoding=\"async\" class=\"alignright wp-image-18378 size-medium\" src=\"http:\/\/info.sadowne.pl\/wp-content\/uploads\/2018\/04\/2018.04.28.11-300x212.jpg\" alt=\"\" width=\"300\" height=\"212\" srcset=\"https:\/\/info.sadowne.pl\/wp-content\/uploads\/2018\/04\/2018.04.28.11-300x212.jpg 300w, https:\/\/info.sadowne.pl\/wp-content\/uploads\/2018\/04\/2018.04.28.11-768x542.jpg 768w, https:\/\/info.sadowne.pl\/wp-content\/uploads\/2018\/04\/2018.04.28.11.jpg 788w\" sizes=\"auto, (max-width: 300px) 100vw, 300px\" \/><\/a>Jak pisz\u0105 o \u0107wiczeniach na swojej stronie <span style=\"color: #0000ff;\"><strong><a style=\"color: #0000ff;\" href=\"https:\/\/www.facebook.com\/JednostkaStrzelecka5001\" target=\"_blank\" rel=\"noopener noreferrer\">https:\/\/www.facebook.com\/JednostkaStrzelecka5001<\/a><\/strong><\/span>: \u00a0<em>tam si\u0142y FR wykona\u0142y desant powietrzny niewielkich grup sabota\u017cowo-dywersyjnych, prawdopodobnie wchodz\u0105cych w sk\u0142ad 31. Samodzielnej Brygady Powietrznodesantowej z Ulianowska. Dzi\u0119ki szybkiej separacji Puszczy uda\u0142o si\u0119 okr\u0105\u017cy\u0107 si\u0142y nieprzyjaciela. NPL jest systematycznie wyniszczany. Mimo post\u0119p\u00f3w \u017co\u0142nierze VDV stanowi\u0105 wci\u0105\u017c zagro\u017cenie zachodniej cz\u0119\u015bci Puszczy, czekaj\u0105c na wzmocnienie nadal destabilizuj\u0105 prac\u0119 naszych ty\u0142\u00f3w w tym rejonie oraz oraz organizuj\u0105 zasadzki na nasze wojska&#8230;&#8221; To scenariusz \u0107wiczenia poligonowego, w kt\u00f3rym wzi\u0119li udzia\u0142 nasi Strzelcy 7 kwietnia. Szkolenie by\u0142o zorganizowane przez Zwi\u0105zek Strzelecki &#8222;Strzelec&#8221;, wzi\u0119\u0142y w nim udzia\u0142 te\u017c JS 1401, JS 1403 i JS 1405.<\/em><\/p>\n<p><strong>Tekst:<\/strong> S\u0142awek Chyli\u0144ski<\/p>\n<p><strong>\u0179r\u00f3d\u0142o\/foto:<\/strong> <a href=\"https:\/\/www.facebook.com\/JednostkaStrzelecka5001\/\" target=\"_blank\" rel=\"noopener noreferrer\">https:\/\/www.facebook.com\/JednostkaStrzelecka5001\/<\/a><\/p>\n","protected":false},"excerpt":{"rendered":"<p>\u0106wicz\u0105, \u0107wicz\u0105\u2026 tylko szkoda, \u017ce nie u nas i nie z nami. A tak dobrze si\u0119 zapowiada\u0142o\u2026<\/p>\n","protected":false},"author":1,"featured_media":0,"comment_status":"closed","ping_status":"closed","sticky":false,"template":"","format":"standard","meta":{"footnotes":""},"categories":[5,1752,645],"tags":[519,25],"class_list":["post-18376","post","type-post","status-publish","format-standard","hentry","category-newsy","category-edukacja","category-js-5001-strzelec","tag-jednostka-strzelecka-5001","tag-sadowne"],"views":2855,"_links":{"self":[{"href":"https:\/\/info.sadowne.pl\/index.php?rest_route=\/wp\/v2\/posts\/18376","targetHints":{"allow":["GET"]}}],"collection":[{"href":"https:\/\/info.sadowne.pl\/index.php?rest_route=\/wp\/v2\/posts"}],"about":[{"href":"https:\/\/info.sadowne.pl\/index.php?rest_route=\/wp\/v2\/types\/post"}],"author":[{"embeddable":true,"href":"https:\/\/info.sadowne.pl\/index.php?rest_route=\/wp\/v2\/users\/1"}],"replies":[{"embeddable":true,"href":"https:\/\/info.sadowne.pl\/index.php?rest_route=%2Fwp%2Fv2%2Fcomments&post=18376"}],"version-history":[{"count":1,"href":"https:\/\/info.sadowne.pl\/index.php?rest_route=\/wp\/v2\/posts\/18376\/revisions"}],"predecessor-version":[{"id":18379,"href":"https:\/\/info.sadowne.pl\/index.php?rest_route=\/wp\/v2\/posts\/18376\/revisions\/18379"}],"wp:attachment":[{"href":"https:\/\/info.sadowne.pl\/index.php?rest_route=%2Fwp%2Fv2%2Fmedia&parent=18376"}],"wp:term":[{"taxonomy":"category","embeddable":true,"href":"https:\/\/info.sadowne.pl\/index.php?rest_route=%2Fwp%2Fv2%2Fcategories&post=18376"},{"taxonomy":"post_tag","embeddable":true,"href":"https:\/\/info.sadowne.pl\/index.php?rest_route=%2Fwp%2Fv2%2Ftags&post=18376"}],"curies":[{"name":"wp","href":"https:\/\/api.w.org\/{rel}","templated":true}]}}