{"id":18381,"date":"2018-04-30T14:17:28","date_gmt":"2018-04-30T12:17:28","guid":{"rendered":"http:\/\/info.sadowne.pl\/?p=18381"},"modified":"2018-04-30T14:17:28","modified_gmt":"2018-04-30T12:17:28","slug":"wegrow-juz-swietuje","status":"publish","type":"post","link":"https:\/\/info.sadowne.pl\/?p=18381","title":{"rendered":"W\u0119gr\u00f3w ju\u017c \u015bwi\u0119tuje\u2026"},"content":{"rendered":"<p><strong><img loading=\"lazy\" decoding=\"async\" class=\"alignleft size-thumbnail wp-image-18382\" src=\"http:\/\/info.sadowne.pl\/wp-content\/uploads\/2018\/04\/2018.04.30.1-180x130.jpg\" alt=\"\" width=\"180\" height=\"130\" \/>W W\u0119growie rozpocz\u0119\u0142y si\u0119 uroczysto\u015bci uczczenia 227. rocznicy uchwalenia Konstytucji 3 Maja.<\/strong><!--more--><\/p>\n<p>Jako pierwsza rozpocz\u0119\u0142a je Szko\u0142a Podstawowa Nr 2 im. Jana Paw\u0142a II w W\u0119growie, kt\u00f3ra przygotowa\u0142a dla swoich uczni\u00f3w uroczyst\u0105 akademi\u0119 w W\u0119growskim O\u015brodku Kultury.<\/p>\n<p><span style=\"color: #0000ff;\"><a style=\"color: #0000ff;\" href=\"https:\/\/photos.google.com\/share\/AF1QipMyiQARaynJ1VX54tVy_CuBJpU4O5muclNF96Sg2wWFGBAoVPZsBJDo__D4Qqje_g?key=X3QxQnVTN1doekNtb1NJZDJoNmU1OEpyZlZOZUd3\" target=\"_blank\" rel=\"noopener noreferrer\"><strong>Zdj\u0119cia w galerii Google&gt;&gt;&gt;<\/strong><\/a><\/span><\/p>\n<p><strong>Tekst\/foto:<\/strong> S\u0142awek Chyli\u0144ski<\/p>\n","protected":false},"excerpt":{"rendered":"<p>W W\u0119growie rozpocz\u0119\u0142y si\u0119 uroczysto\u015bci uczczenia 227. rocznicy uchwalenia Konstytucji 3 Maja.<\/p>\n","protected":false},"author":1,"featured_media":0,"comment_status":"closed","ping_status":"closed","sticky":false,"template":"","format":"standard","meta":{"footnotes":""},"categories":[5,1,2495],"tags":[2787,2788,68],"class_list":["post-18381","post","type-post","status-publish","format-standard","hentry","category-newsy","category-inne","category-nasi-sasiedzi","tag-227-rocznica-uchwalenia-konstytucji-3-maja","tag-szkola-podstawowa-nr-2-im-jana-pawla-ii-w-wegrowie","tag-wegrow"],"views":2636,"_links":{"self":[{"href":"https:\/\/info.sadowne.pl\/index.php?rest_route=\/wp\/v2\/posts\/18381","targetHints":{"allow":["GET"]}}],"collection":[{"href":"https:\/\/info.sadowne.pl\/index.php?rest_route=\/wp\/v2\/posts"}],"about":[{"href":"https:\/\/info.sadowne.pl\/index.php?rest_route=\/wp\/v2\/types\/post"}],"author":[{"embeddable":true,"href":"https:\/\/info.sadowne.pl\/index.php?rest_route=\/wp\/v2\/users\/1"}],"replies":[{"embeddable":true,"href":"https:\/\/info.sadowne.pl\/index.php?rest_route=%2Fwp%2Fv2%2Fcomments&post=18381"}],"version-history":[{"count":1,"href":"https:\/\/info.sadowne.pl\/index.php?rest_route=\/wp\/v2\/posts\/18381\/revisions"}],"predecessor-version":[{"id":18383,"href":"https:\/\/info.sadowne.pl\/index.php?rest_route=\/wp\/v2\/posts\/18381\/revisions\/18383"}],"wp:attachment":[{"href":"https:\/\/info.sadowne.pl\/index.php?rest_route=%2Fwp%2Fv2%2Fmedia&parent=18381"}],"wp:term":[{"taxonomy":"category","embeddable":true,"href":"https:\/\/info.sadowne.pl\/index.php?rest_route=%2Fwp%2Fv2%2Fcategories&post=18381"},{"taxonomy":"post_tag","embeddable":true,"href":"https:\/\/info.sadowne.pl\/index.php?rest_route=%2Fwp%2Fv2%2Ftags&post=18381"}],"curies":[{"name":"wp","href":"https:\/\/api.w.org\/{rel}","templated":true}]}}