{"id":18387,"date":"2018-04-30T18:07:28","date_gmt":"2018-04-30T16:07:28","guid":{"rendered":"http:\/\/info.sadowne.pl\/?p=18387"},"modified":"2018-04-30T18:07:28","modified_gmt":"2018-04-30T16:07:28","slug":"wiosennie-zielono-urokliwie","status":"publish","type":"post","link":"https:\/\/info.sadowne.pl\/?p=18387","title":{"rendered":"Wiosennie, zielono, urokliwie\u2026"},"content":{"rendered":"<p><strong><a href=\"http:\/\/info.sadowne.pl\/wp-content\/uploads\/2018\/04\/2018.04.30.13.jpg\" target=\"_blank\" rel=\"noopener noreferrer\"><img loading=\"lazy\" decoding=\"async\" class=\"alignleft wp-image-18388 size-thumbnail\" src=\"http:\/\/info.sadowne.pl\/wp-content\/uploads\/2018\/04\/2018.04.30.13-180x130.jpg\" alt=\"\" width=\"180\" height=\"130\" \/><\/a>Jak wyrazi\u0107 wiosn\u0119? Mo\u017ce wierszem?<\/strong><!--more--><\/p>\n<p><span style=\"color: #000080;\">Z tomiku wierszy \u201eW u\u015bcisku wspomnie\u0144\u201d Anny Marii Gierej:<\/span><\/p>\n<p style=\"text-align: center;\"><strong><em><img loading=\"lazy\" decoding=\"async\" class=\"size-full wp-image-18389 alignright\" src=\"http:\/\/info.sadowne.pl\/wp-content\/uploads\/2018\/04\/Anna-Gierej.jpg\" alt=\"\" width=\"205\" height=\"205\" \/>Pi\u0119kno<\/em><\/strong><\/p>\n<p style=\"text-align: center;\"><em>Pi\u0119kno dojrzewa powoli<\/em><\/p>\n<p style=\"text-align: center;\"><em>w kielichach kwiat\u00f3w<\/em><\/p>\n<p style=\"text-align: center;\"><em>chwytaj\u0105cych s\u0142o\u0144ce<\/em><\/p>\n<p style=\"text-align: center;\"><em>by dotrze\u0107 do niego jak najbli\u017cej<\/em><\/p>\n<p style=\"text-align: center;\"><em>dosi\u0119ga gwiazd<\/em><\/p>\n<p style=\"text-align: center;\"><em>gdy niebo odkrywa swoj\u0105 wielko\u015b\u0107<\/em><\/p>\n<p style=\"text-align: center;\"><em>urok<\/em><\/p>\n<p style=\"text-align: center;\"><em>i czar<\/em><\/p>\n<p style=\"text-align: center;\"><em>a w ko\u0144cu jest w nas<\/em><\/p>\n<p style=\"text-align: center;\"><em>w naszych sercach<\/em><\/p>\n<p style=\"text-align: center;\"><em>d\u0142oniach <\/em><\/p>\n<p style=\"text-align: center;\"><em>i oczach<\/em><\/p>\n<p style=\"text-align: center;\">***<\/p>\n<p style=\"text-align: center;\"><strong><em>Wiosna<\/em><\/strong><\/p>\n<p style=\"text-align: center;\"><em>Patrz\u0119 na Ciebie<\/em><\/p>\n<p style=\"text-align: center;\"><em>U\u015bmiecham si\u0119 beztrosko<\/em><\/p>\n<p style=\"text-align: center;\"><em><a href=\"http:\/\/info.sadowne.pl\/wp-content\/uploads\/2018\/04\/2018.04.30.12.jpg\" target=\"_blank\" rel=\"noopener noreferrer\"><img loading=\"lazy\" decoding=\"async\" class=\"alignleft wp-image-18390 size-medium\" src=\"http:\/\/info.sadowne.pl\/wp-content\/uploads\/2018\/04\/2018.04.30.12-300x215.jpg\" alt=\"\" width=\"300\" height=\"215\" srcset=\"https:\/\/info.sadowne.pl\/wp-content\/uploads\/2018\/04\/2018.04.30.12-300x215.jpg 300w, https:\/\/info.sadowne.pl\/wp-content\/uploads\/2018\/04\/2018.04.30.12-180x130.jpg 180w, https:\/\/info.sadowne.pl\/wp-content\/uploads\/2018\/04\/2018.04.30.12-768x550.jpg 768w, https:\/\/info.sadowne.pl\/wp-content\/uploads\/2018\/04\/2018.04.30.12.jpg 786w\" sizes=\"auto, (max-width: 300px) 100vw, 300px\" \/><\/a>Ws\u0142uchuj\u0119 w \u015bpiew ptak\u00f3w<\/em><\/p>\n<p style=\"text-align: center;\"><em>Ch\u0142on\u0119 tw\u00f3j zapach<\/em><\/p>\n<p style=\"text-align: center;\"><em>Wtapiam si\u0119 w wo\u0144 kwiat\u00f3w<\/em><\/p>\n<p style=\"text-align: center;\"><em>Patrz\u0119<\/em><\/p>\n<p style=\"text-align: center;\"><em>Podziwiam<\/em><\/p>\n<p style=\"text-align: center;\"><em>Odnawiam cia\u0142o do \u017cycia<\/em><\/p>\n<p style=\"text-align: center;\"><em>W szumi\u0105cym potoku<\/em><\/p>\n<p style=\"text-align: center;\"><em>Zagarniam marzenia<\/em><\/p>\n<p style=\"text-align: center;\"><em>I czuj\u0119 \u017ce jeste\u015b<\/em><\/p>\n<p style=\"text-align: center;\">***<\/p>\n<p><span style=\"color: #000080;\">Wies\u0142aw Maliszewski \u2013 tomik wierszy pt. \u201eOwoce z mojego drzewa\u201d:<\/span><\/p>\n<p style=\"text-align: center;\"><strong><em>Wiosna<\/em><\/strong><\/p>\n<p style=\"text-align: center;\"><em>Sp\u00f3jrz, Basiu,<\/em><\/p>\n<p style=\"text-align: center;\"><em>Jak ta ziele\u0144 nas nagle przeros\u0142a.<\/em><\/p>\n<p style=\"text-align: center;\"><em><img loading=\"lazy\" decoding=\"async\" class=\"alignleft size-full wp-image-17988\" src=\"http:\/\/info.sadowne.pl\/wp-content\/uploads\/2018\/03\/Maliszewski.jpg\" alt=\"\" width=\"211\" height=\"276\" \/>Od wczoraj tylko,<\/em><\/p>\n<p style=\"text-align: center;\"><em>a dzi\u015b po obrze\u017ca powiek.<\/em><\/p>\n<p style=\"text-align: center;\"><em>*<\/em><\/p>\n<p style=\"text-align: center;\"><em>Z rozpi\u0119tych ramion<\/em><\/p>\n<p style=\"text-align: center;\"><em>ga\u0142\u0105\u017a wierzby skrzyd\u0142em.<\/em><\/p>\n<p style=\"text-align: center;\"><em>*<\/em><\/p>\n<p style=\"text-align: center;\"><em>Ko\u0142ysz\u0119 si\u0119 na wst\u0105\u017ckach t\u0119czowych pejza\u017cu, <\/em><\/p>\n<p style=\"text-align: center;\"><em>jak szept wiatru w tataraku,<\/em><\/p>\n<p style=\"text-align: center;\"><em>jak dzieci\u0119cy okrzyk<\/em><\/p>\n<p style=\"text-align: center;\"><em>po g\u0119si lot,<\/em><\/p>\n<p style=\"text-align: center;\"><em>zmursza\u0142y p\u0142ot,<\/em><\/p>\n<p style=\"text-align: center;\"><em>w zielony oczu obrz\u0119k.<\/em><\/p>\n<p style=\"text-align: center;\"><em>*<\/em><\/p>\n<p style=\"text-align: center;\"><em>Tak wiosny sp\u0142yn\u0119\u0142a pora.<\/em><\/p>\n<p style=\"text-align: center;\"><em>Natchn\u0119\u0142a deszczem, burzami<\/em><\/p>\n<p style=\"text-align: center;\"><em>i ziemi\u0119, ziemi\u0119 czas przyjdzie mi zn\u00f3w, Basiu,<\/em><\/p>\n<p style=\"text-align: center;\"><em>przeora\u0107, jak p\u0142ugiem wierszami.<\/em><\/p>\n<p style=\"text-align: center;\">***<\/p>\n<p style=\"text-align: center;\"><strong><em>Wiosna<\/em><\/strong><\/p>\n<p style=\"text-align: center;\"><em>Rozbudzona dusza w tr\u00f3jwymiarze.<\/em><\/p>\n<p style=\"text-align: center;\"><em>Jeszcze nitkom wierzbowych ga\u0142\u0119zi<\/em><\/p>\n<p style=\"text-align: center;\"><em>podaje palce swych wiosennych marze\u0144,<\/em><\/p>\n<p style=\"text-align: center;\"><em>oddartych z zaci\u015bni\u0119tej pi\u0119\u015bci.<\/em><\/p>\n<p style=\"text-align: center;\"><em>*<\/em><\/p>\n<p><em><a href=\"http:\/\/info.sadowne.pl\/wp-content\/uploads\/2018\/04\/2018.04.30.11.jpg\" target=\"_blank\" rel=\"noopener noreferrer\"><img loading=\"lazy\" decoding=\"async\" class=\"alignright wp-image-18391 size-medium\" src=\"http:\/\/info.sadowne.pl\/wp-content\/uploads\/2018\/04\/2018.04.30.11-300x200.jpg\" alt=\"\" width=\"300\" height=\"200\" srcset=\"https:\/\/info.sadowne.pl\/wp-content\/uploads\/2018\/04\/2018.04.30.11-300x200.jpg 300w, https:\/\/info.sadowne.pl\/wp-content\/uploads\/2018\/04\/2018.04.30.11-768x512.jpg 768w, https:\/\/info.sadowne.pl\/wp-content\/uploads\/2018\/04\/2018.04.30.11.jpg 795w\" sizes=\"auto, (max-width: 300px) 100vw, 300px\" \/><\/a>S\u0142owom by pora do siewu.<\/em><\/p>\n<p><em>W ptasich rozg\u0142osach \u015bwiat ca\u0142y.<\/em><\/p>\n<p><em>Nawet stare, zm\u0119czone matki-drzewa,<\/em><\/p>\n<p><em>chusty zielone na siebie przywdzia\u0142y.<\/em><\/p>\n<p><em>*<\/em><\/p>\n<p><em>Zatem nie zwlekaj.<\/em><\/p>\n<p><em>Obud\u017a mnie wo\u0142aniem.<\/em><\/p>\n<p><em>Niech miodem s\u0142o\u0144ca si\u0119 nasyc\u0119.<\/em><\/p>\n<p style=\"text-align: center;\"><em>*<\/em><\/p>\n<p style=\"text-align: center;\"><em>Niech b\u0142y\u015bnie \u0142usk\u0105 rw\u0105ca rzeka<\/em><\/p>\n<p style=\"text-align: center;\"><em>i \u015bwiat od nowa nagle si\u0119 stanie;<\/em><\/p>\n<p style=\"text-align: center;\"><em>salw\u0105 zieleni na nieba b\u0142\u0119kicie.<\/em><\/p>\n<p><span style=\"color: #ff9900;\"><strong>Tomiki wierszy naszych poet\u00f3w s\u0105 dost\u0119pne w Gminnej Bibliotece Publicznej w Sadownem.<\/strong><\/span><\/p>\n<p><img loading=\"lazy\" decoding=\"async\" class=\"aligncenter size-full wp-image-18392\" src=\"http:\/\/info.sadowne.pl\/wp-content\/uploads\/2018\/04\/2018.04.30.14.jpg\" alt=\"\" width=\"603\" height=\"233\" srcset=\"https:\/\/info.sadowne.pl\/wp-content\/uploads\/2018\/04\/2018.04.30.14.jpg 603w, https:\/\/info.sadowne.pl\/wp-content\/uploads\/2018\/04\/2018.04.30.14-300x116.jpg 300w\" sizes=\"auto, (max-width: 603px) 100vw, 603px\" \/><\/p>\n<p><strong>Tekst: <\/strong>S\u0142awek Chyli\u0144ski<\/p>\n","protected":false},"excerpt":{"rendered":"<p>Jak wyrazi\u0107 wiosn\u0119? Mo\u017ce wierszem?<\/p>\n","protected":false},"author":1,"featured_media":0,"comment_status":"closed","ping_status":"closed","sticky":false,"template":"","format":"standard","meta":{"footnotes":""},"categories":[5,48,6,108],"tags":[],"class_list":["post-18387","post","type-post","status-publish","format-standard","hentry","category-newsy","category-kacik-literacki","category-kultura-rozrywka-edukacja","category-okienko-poetyckie"],"views":2603,"_links":{"self":[{"href":"https:\/\/info.sadowne.pl\/index.php?rest_route=\/wp\/v2\/posts\/18387","targetHints":{"allow":["GET"]}}],"collection":[{"href":"https:\/\/info.sadowne.pl\/index.php?rest_route=\/wp\/v2\/posts"}],"about":[{"href":"https:\/\/info.sadowne.pl\/index.php?rest_route=\/wp\/v2\/types\/post"}],"author":[{"embeddable":true,"href":"https:\/\/info.sadowne.pl\/index.php?rest_route=\/wp\/v2\/users\/1"}],"replies":[{"embeddable":true,"href":"https:\/\/info.sadowne.pl\/index.php?rest_route=%2Fwp%2Fv2%2Fcomments&post=18387"}],"version-history":[{"count":1,"href":"https:\/\/info.sadowne.pl\/index.php?rest_route=\/wp\/v2\/posts\/18387\/revisions"}],"predecessor-version":[{"id":18393,"href":"https:\/\/info.sadowne.pl\/index.php?rest_route=\/wp\/v2\/posts\/18387\/revisions\/18393"}],"wp:attachment":[{"href":"https:\/\/info.sadowne.pl\/index.php?rest_route=%2Fwp%2Fv2%2Fmedia&parent=18387"}],"wp:term":[{"taxonomy":"category","embeddable":true,"href":"https:\/\/info.sadowne.pl\/index.php?rest_route=%2Fwp%2Fv2%2Fcategories&post=18387"},{"taxonomy":"post_tag","embeddable":true,"href":"https:\/\/info.sadowne.pl\/index.php?rest_route=%2Fwp%2Fv2%2Ftags&post=18387"}],"curies":[{"name":"wp","href":"https:\/\/api.w.org\/{rel}","templated":true}]}}