{"id":18414,"date":"2018-05-03T19:01:54","date_gmt":"2018-05-03T17:01:54","guid":{"rendered":"http:\/\/info.sadowne.pl\/?p=18414"},"modified":"2018-05-03T19:01:54","modified_gmt":"2018-05-03T17:01:54","slug":"3-maja-w-wegrowie","status":"publish","type":"post","link":"https:\/\/info.sadowne.pl\/?p=18414","title":{"rendered":"3 Maja w W\u0119growie"},"content":{"rendered":"<p><strong><img loading=\"lazy\" decoding=\"async\" class=\"alignleft size-thumbnail wp-image-18415\" src=\"http:\/\/info.sadowne.pl\/wp-content\/uploads\/2018\/05\/2018.05.03.1-1-180x130.jpg\" alt=\"\" width=\"180\" height=\"130\" \/>Cz\u0119\u015b\u0107 patriotyczna: msza, uroczysty poch\u00f3d do Skweru 3 maja.<\/strong><!--more--><\/p>\n<p>Druga cz\u0119\u015b\u0107 uroczysto\u015bci to akademia w W\u0119growskim O\u015brodku Kultury, kt\u00f3r\u0105 przygotowali uczniowie i nauczyciele Szko\u0142y Podstawowej Nr 2 im. Jana Paw\u0142a II w W\u0119growie oraz grupa wokalna W\u0119growskiego O\u015brodka Kultury.<\/p>\n<p><span style=\"color: #0000ff;\"><a style=\"color: #0000ff;\" href=\"https:\/\/photos.google.com\/share\/AF1QipPB9TAft19d4IAxnlWM1knNXN2CSQZf23uhHH3C9dp_IUOs58Hg2VU8Usw3K3F9lA?key=SU1yME9wVVdkTm5NX20tSnB5WXd2YkxxMF93NkZ3\" target=\"_blank\" rel=\"noopener noreferrer\"><strong>Zdj\u0119cia w galerii Google&gt;&gt;&gt;<\/strong><\/a><\/span><\/p>\n<p><strong>Tekst\/foto:<\/strong> S\u0142awek Chyli\u0144ski<\/p>\n","protected":false},"excerpt":{"rendered":"<p>Cz\u0119\u015b\u0107 patriotyczna: msza, uroczysty poch\u00f3d do Skweru 3 maja.<\/p>\n","protected":false},"author":1,"featured_media":0,"comment_status":"closed","ping_status":"closed","sticky":false,"template":"","format":"standard","meta":{"footnotes":""},"categories":[5,1,2495],"tags":[2792,68],"class_list":["post-18414","post","type-post","status-publish","format-standard","hentry","category-newsy","category-inne","category-nasi-sasiedzi","tag-3-maja-w-wegrowie","tag-wegrow"],"views":2672,"_links":{"self":[{"href":"https:\/\/info.sadowne.pl\/index.php?rest_route=\/wp\/v2\/posts\/18414","targetHints":{"allow":["GET"]}}],"collection":[{"href":"https:\/\/info.sadowne.pl\/index.php?rest_route=\/wp\/v2\/posts"}],"about":[{"href":"https:\/\/info.sadowne.pl\/index.php?rest_route=\/wp\/v2\/types\/post"}],"author":[{"embeddable":true,"href":"https:\/\/info.sadowne.pl\/index.php?rest_route=\/wp\/v2\/users\/1"}],"replies":[{"embeddable":true,"href":"https:\/\/info.sadowne.pl\/index.php?rest_route=%2Fwp%2Fv2%2Fcomments&post=18414"}],"version-history":[{"count":1,"href":"https:\/\/info.sadowne.pl\/index.php?rest_route=\/wp\/v2\/posts\/18414\/revisions"}],"predecessor-version":[{"id":18416,"href":"https:\/\/info.sadowne.pl\/index.php?rest_route=\/wp\/v2\/posts\/18414\/revisions\/18416"}],"wp:attachment":[{"href":"https:\/\/info.sadowne.pl\/index.php?rest_route=%2Fwp%2Fv2%2Fmedia&parent=18414"}],"wp:term":[{"taxonomy":"category","embeddable":true,"href":"https:\/\/info.sadowne.pl\/index.php?rest_route=%2Fwp%2Fv2%2Fcategories&post=18414"},{"taxonomy":"post_tag","embeddable":true,"href":"https:\/\/info.sadowne.pl\/index.php?rest_route=%2Fwp%2Fv2%2Ftags&post=18414"}],"curies":[{"name":"wp","href":"https:\/\/api.w.org\/{rel}","templated":true}]}}