{"id":18417,"date":"2018-05-04T10:38:35","date_gmt":"2018-05-04T08:38:35","guid":{"rendered":"http:\/\/info.sadowne.pl\/?p=18417"},"modified":"2018-05-04T10:38:35","modified_gmt":"2018-05-04T08:38:35","slug":"kasztany-zakwitly-i","status":"publish","type":"post","link":"https:\/\/info.sadowne.pl\/?p=18417","title":{"rendered":"Kasztany zakwit\u0142y i\u2026"},"content":{"rendered":"<p><strong><img loading=\"lazy\" decoding=\"async\" class=\"alignleft size-thumbnail wp-image-18418\" src=\"http:\/\/info.sadowne.pl\/wp-content\/uploads\/2018\/05\/2018.05.04.1-180x130.jpg\" alt=\"\" width=\"180\" height=\"130\" \/>\u2026rozpocz\u0119\u0142y si\u0119 egzaminy maturalne. R\u00f3wnie\u017c w Sadownem.<\/strong><!--more--><\/p>\n<p>Dla przyk\u0142adu: 4 maja \u2013 j\u0119zyk polski, 7 maja \u2013 matematyka, 8 maja \u2013 j\u0119zyk angielski\u2026\u00a0 ostatni test maturalny planowany jest na 23 maja.<\/p>\n<p>Zaliczenie wersji podstawowych egzamin\u00f3w z j\u0119zyka polskiego, matematyki oraz j\u0119zyka obcego pozwala uzyska\u0107 wykszta\u0142cenie \u015brednie. Aby zda\u0107 matur\u0119 nale\u017cy uzyska\u0107 co najmniej 30 proc. punkt\u00f3w na ka\u017cdym z test\u00f3w. Co istotne, niezaliczenie egzamin\u00f3w z przedmiot\u00f3w dodatkowych i na poziomie rozszerzonym nie wp\u0142ynie na uzyskanie wykszta\u0142cenia \u015bredniego.<\/p>\n<p>W Sadownem r\u00f3wno o godz. 9.00 do egzaminu z j\u0119zyka polskiego przyst\u0105pi\u0142o 50. absolwent\u00f3w Liceum Og\u00f3lnokszta\u0142c\u0105cego, Technikum \u017bywienia i Us\u0142ug Gastronomicznych i kilku uczni\u00f3w lice\u00f3w dla doros\u0142ych z Sadownego i Ostr\u00f3wka.<\/p>\n<p><strong>\u017byczymy powodzenia!<\/strong><\/p>\n<p><span style=\"color: #0000ff;\"><a style=\"color: #0000ff;\" href=\"https:\/\/photos.google.com\/share\/AF1QipNWciOE_87RKlwbGpk5kOVHlSiu63IJ7rg3I4OOqSVXnfJYYksKDcJ3jQkG5ds_nQ?key=aDluMlViSnFQNzhmN0tJV3NNdVJBVEVhZmVxU3dB\" target=\"_blank\" rel=\"noopener noreferrer\"><strong>Zdj\u0119cia w galerii Google&gt;&gt;&gt;<\/strong><\/a><\/span><\/p>\n<p><strong>Tekst\/foto:<\/strong> S\u0142awek Chyli\u0144ski<\/p>\n","protected":false},"excerpt":{"rendered":"<p>\u2026rozpocz\u0119\u0142y si\u0119 egzaminy maturalne. R\u00f3wnie\u017c w Sadownem.<\/p>\n","protected":false},"author":1,"featured_media":0,"comment_status":"closed","ping_status":"closed","sticky":false,"template":"","format":"standard","meta":{"footnotes":""},"categories":[5,1752,85],"tags":[2793,25,182],"class_list":["post-18417","post","type-post","status-publish","format-standard","hentry","category-newsy","category-edukacja","category-zsp","tag-matura-2018","tag-sadowne","tag-zespol-szkol-ponadgimnazjalnych-w-sadownem"],"views":2940,"_links":{"self":[{"href":"https:\/\/info.sadowne.pl\/index.php?rest_route=\/wp\/v2\/posts\/18417","targetHints":{"allow":["GET"]}}],"collection":[{"href":"https:\/\/info.sadowne.pl\/index.php?rest_route=\/wp\/v2\/posts"}],"about":[{"href":"https:\/\/info.sadowne.pl\/index.php?rest_route=\/wp\/v2\/types\/post"}],"author":[{"embeddable":true,"href":"https:\/\/info.sadowne.pl\/index.php?rest_route=\/wp\/v2\/users\/1"}],"replies":[{"embeddable":true,"href":"https:\/\/info.sadowne.pl\/index.php?rest_route=%2Fwp%2Fv2%2Fcomments&post=18417"}],"version-history":[{"count":1,"href":"https:\/\/info.sadowne.pl\/index.php?rest_route=\/wp\/v2\/posts\/18417\/revisions"}],"predecessor-version":[{"id":18419,"href":"https:\/\/info.sadowne.pl\/index.php?rest_route=\/wp\/v2\/posts\/18417\/revisions\/18419"}],"wp:attachment":[{"href":"https:\/\/info.sadowne.pl\/index.php?rest_route=%2Fwp%2Fv2%2Fmedia&parent=18417"}],"wp:term":[{"taxonomy":"category","embeddable":true,"href":"https:\/\/info.sadowne.pl\/index.php?rest_route=%2Fwp%2Fv2%2Fcategories&post=18417"},{"taxonomy":"post_tag","embeddable":true,"href":"https:\/\/info.sadowne.pl\/index.php?rest_route=%2Fwp%2Fv2%2Ftags&post=18417"}],"curies":[{"name":"wp","href":"https:\/\/api.w.org\/{rel}","templated":true}]}}