{"id":18420,"date":"2018-05-04T16:57:06","date_gmt":"2018-05-04T14:57:06","guid":{"rendered":"http:\/\/info.sadowne.pl\/?p=18420"},"modified":"2018-05-04T16:57:06","modified_gmt":"2018-05-04T14:57:06","slug":"3-maja-w-sadownem","status":"publish","type":"post","link":"https:\/\/info.sadowne.pl\/?p=18420","title":{"rendered":"3 Maja w Sadownem"},"content":{"rendered":"<p><strong><img loading=\"lazy\" decoding=\"async\" class=\"alignleft size-thumbnail wp-image-18421\" src=\"http:\/\/info.sadowne.pl\/wp-content\/uploads\/2018\/05\/2018.05.04.11-180x130.jpg\" alt=\"\" width=\"180\" height=\"130\" \/>W dniu wczorajszym w Gminie Sadowne obchodzili\u015bmy 227. rocznic\u0119 uchwalenia Konstytucji 3 maja po\u0142\u0105czon\u0105 z obchodami Gminnego Dnia Stra\u017caka. <\/strong><!--more--><\/p>\n<p>Uchwalona w 1791 r. by\u0142a pierwsz\u0105 w Europie i drug\u0105 na \u015bwiecie nowoczesn\u0105, spisan\u0105 Konstytucj\u0105, kt\u00f3ra mia\u0142a sta\u0107 si\u0119 podstaw\u0105 silnego pa\u0144stwa Polskiego.<\/p>\n<p>Uroczysto\u015bci zosta\u0142y rozpocz\u0119te Msz\u0105 \u015awi\u0119ta w intencji Ojczyzny i wszystkich stra\u017cak\u00f3w OSP, kt\u00f3r\u0105 odprawi\u0142 ks. Proboszcz Stanis\u0142aw Wojciechowski. Po mszy nast\u0105pi\u0142 przemarsz z ko\u015bcio\u0142a pod Kamie\u0144 Pami\u0119ci Mieszka\u0144c\u00f3w Sadownego, od\u015bpiewanie hymnu pa\u0144stwowego, wci\u0105gni\u0119cie flagi na maszt przez dru\u017cyn\u0119 harcerzy \u201eW\u0142\u00f3czykije\u201d, a nast\u0119pie zosta\u0142y z\u0142o\u017cone kwiaty. W atmosfer\u0119 ducha patriotyzmu wszystkich zgromadzonych wprowadzi\u0142 Zesp\u00f3\u0142 \u015apiewaczy \u201eSadowianki\u201d, od\u015bpiewuj\u0105c patriotyczne pie\u015bni. Nast\u0119pnie g\u0142os zabrali: W\u00f3jt Gminy Sadowne,<br \/>\np. El\u017cbieta Lanc oraz p. Marek Renik.<br \/>\nPo zako\u0144czeniu cz\u0119\u015bci po\u015bwi\u0119conej obchodom Dnia Konstytucji 3 Maja, dalsze obchody odby\u0142y si\u0119 na placu przy Urz\u0119dzie Gminy. Na placu zgromadzi\u0142y si\u0119 wszystkie jednostki OSP z terenu Gminy Sadowne. Na tle samochod\u00f3w stra\u017cackich stan\u0119\u0142y poczty sztandarowe oraz druhowie ochotnicy.<br \/>\nPo raz pierwszy na obchodach Dnia Stra\u017caka pojawi\u0142y si\u0119 M\u0142odzie\u017cowe Dru\u017cyny Po\u017carnicze z OSP Sadowne, OSP Zalesie, OSP Szynkarzyzna, OSP Zieleniec i OSP Sok\u00f3\u0142ka &#8211; \u0142\u0105cznie 49. adept\u00f3w na cz\u0142onk\u00f3w OSP. Ten dzie\u0144 by\u0142 dla nich wyj\u0105tkowy, to dzi\u015b z\u0142o\u017cyli oni \u015blubowanie, wypowiadaj\u0105c s\u0142owa Roty:<br \/>\n<em>\u201e\u015alubuj\u0119 ze wszystkich si\u0142 s\u0142u\u017cy\u0107 Ojczy\u017anie Rzeczpospolitej Polskiej, ofiarn\u0105 prac\u0105 w szeregach M\u0142odzie\u017cowej Dru\u017cyny Po\u017carniczej. Przyczynia\u0107 si\u0119 do ochrony \u017cycia, zdrowia i mienia jej Obywateli poprzez dzia\u0142ania prewencyjne i profilaktyczne. \u015alubuj\u0119 przestrzega\u0107 postanowie\u0144 Statutu OSP i Regulaminu MDP. Pog\u0142\u0119bia\u0107 wiedz\u0119, doskonali\u0107 umiej\u0119tno\u015bci, post\u0119powa\u0107 uczciwie, wykonywa\u0107 sumiennie polecenia prze\u0142o\u017conych i by\u0107 wzorem w przestrzeganiu zasad ochrony przeciwpo\u017carowej.\u201d<\/em><br \/>\nM\u0142odzie\u017cowe Dru\u017cyny Po\u017carnicze daj\u0105 nadziej\u0119, \u017ce tradycja OSP na terenie Gminy Sadowne, kt\u00f3ra liczy niespe\u0142na 100 lat, nie zaginie.<br \/>\nW\u00f3jt Gminy Sadowne Waldemar Cyran oraz zaproszeni go\u015bcie, na czele z <em>Cz\u0142onkiem Zarz\u0105du<\/em>\u00a0Oddzia\u0142u Wojew\u00f3dzkiego ZOSP p. Ireneuszem Kr\u00f3likiem, Cz\u0142onkiem Zarz\u0105du Wojew\u00f3dztwa Mazowieckiego p. \u00a0El\u017cbiet\u0105 Lanc\u00a0 i \u00a0kierownikiem Delegatury Mazowieckiego Urz\u0119du Wojew\u00f3dzkiego w Siedlcach p. Markiem Renikiem, podzi\u0119kowali druhom i druhnom z o\u015bmiu jednostek Ochotniczych Stra\u017cy Po\u017carnych tj.: OSP Sadowne, OSP Zalesie, OSP Morzyczyn W\u0142\u00f3ki, OSP Morzyczyn W\u0142o\u015bcia\u0144ski, OSP Sok\u00f3\u0142ka, OSP Szynkarzyzna, OSP Wilczog\u0119by, OSP Zieleniec,<br \/>\nza niez\u0142omn\u0105 s\u0142u\u017cb\u0119 na rzecz drugiego cz\u0142owieka oraz za to, \u017ce ka\u017cdego dnia czuwaj\u0105 nad bezpiecze\u0144stwem mieszka\u0144c\u00f3w gminy i spiesz\u0105 im z pomoc\u0105, nara\u017caj\u0105c w\u0142asne zdrowie i \u017cycie.<br \/>\nDzie\u0144 Stra\u017caka sta\u0142 si\u0119 dobr\u0105 okazj\u0105 do przekaza\u0142a jednostkom OSP sprz\u0119tu ratowniczo-ga\u015bniczego (2 pi\u0142y spalinowe, agregat pr\u0105dotw\u00f3rczy i 5 pomp) o warto\u015bci ponad 30 000 z\u0142. Sprz\u0119t zosta\u0142 ufundowany przez Urz\u0105d Marsza\u0142kowski Wojew\u00f3dztwa Mazowieckiego, kt\u00f3ry reprezentowa\u0142a p. El\u017cbieta Lanc.<br \/>\nPani Marsza\u0142ek po raz kolejny udowodni\u0142a, \u017ce OSP z terenu Gminy Sadowne mo\u017ce liczy\u0107 na jej wsparcie. W swoim przem\u00f3wieniu wspomnia\u0142a r\u00f3wnie\u017c o przekazaniu \u015brodk\u00f3w w kwocie 50\u00a0000 z\u0142. na remont stra\u017cnicy w Sok\u00f3\u0142ce.<br \/>\nW\u00f3jt Gminy Sadowne podzi\u0119kowa\u0142 za wsparcie i wsp\u00f3\u0142prac\u0119 z Urz\u0119dem Marsza\u0142kowskim Wojew\u00f3dztwa Mazowieckiego oraz za to, \u017ce wnioski, kt\u00f3re s\u0105 sk\u0142adane przez Gmin\u0119, nie pozostaj\u0105 bez pozytywnego rozpatrzenia.<br \/>\nPodzi\u0119kowania zosta\u0142y skierowane r\u00f3wnie\u017c do wszystkich zaproszonych go\u015bci, radnych &#8211; na czele z Przewodnicz\u0105cym Rady Gminy Piotrem Olkowskim, \u201eSadowianek\u201d, dru\u017cyny harcerskiej \u201eW\u0142\u00f3czykije\u201d, poczt\u00f3w sztandarowych oraz wszystkich, kt\u00f3rzy przyczynili si\u0119 do uroczystego \u015bwi\u0119towania.<\/p>\n<p><span style=\"color: #0000ff;\"><a style=\"color: #0000ff;\" href=\"https:\/\/photos.google.com\/share\/AF1QipNi2MGfTjrJ6N1-fTOwHBYsGk3_wvY-4hIGqHxvr5bn3hmJS4NDDlzchtg_ge-Vzw?key=WWNMVHYzdEpCZlR3ZVBuMWtZVEF3ZjhPOWxsZ01B\" target=\"_blank\" rel=\"noopener noreferrer\"><strong>Zdj\u0119cia w galerii Google&gt;&gt;&gt;<\/strong><\/a><\/span><\/p>\n<p><strong>Tekst\/foto:<\/strong> Urz\u0105d Gminy Sadowne<\/p>\n","protected":false},"excerpt":{"rendered":"<p>W dniu wczorajszym w Gminie Sadowne obchodzili\u015bmy 227. rocznic\u0119 uchwalenia Konstytucji 3 maja po\u0142\u0105czon\u0105 z obchodami Gminnego Dnia Stra\u017caka.<\/p>\n","protected":false},"author":1,"featured_media":0,"comment_status":"closed","ping_status":"closed","sticky":false,"template":"","format":"standard","meta":{"footnotes":""},"categories":[5,41],"tags":[1327,2794,142],"class_list":["post-18420","post","type-post","status-publish","format-standard","hentry","category-newsy","category-wiesci-gminne","tag-dzien-strazaka-w-sadownem","tag-konstytucja-3-maja","tag-urzad-gminy-sadowne"],"views":3554,"_links":{"self":[{"href":"https:\/\/info.sadowne.pl\/index.php?rest_route=\/wp\/v2\/posts\/18420","targetHints":{"allow":["GET"]}}],"collection":[{"href":"https:\/\/info.sadowne.pl\/index.php?rest_route=\/wp\/v2\/posts"}],"about":[{"href":"https:\/\/info.sadowne.pl\/index.php?rest_route=\/wp\/v2\/types\/post"}],"author":[{"embeddable":true,"href":"https:\/\/info.sadowne.pl\/index.php?rest_route=\/wp\/v2\/users\/1"}],"replies":[{"embeddable":true,"href":"https:\/\/info.sadowne.pl\/index.php?rest_route=%2Fwp%2Fv2%2Fcomments&post=18420"}],"version-history":[{"count":1,"href":"https:\/\/info.sadowne.pl\/index.php?rest_route=\/wp\/v2\/posts\/18420\/revisions"}],"predecessor-version":[{"id":18422,"href":"https:\/\/info.sadowne.pl\/index.php?rest_route=\/wp\/v2\/posts\/18420\/revisions\/18422"}],"wp:attachment":[{"href":"https:\/\/info.sadowne.pl\/index.php?rest_route=%2Fwp%2Fv2%2Fmedia&parent=18420"}],"wp:term":[{"taxonomy":"category","embeddable":true,"href":"https:\/\/info.sadowne.pl\/index.php?rest_route=%2Fwp%2Fv2%2Fcategories&post=18420"},{"taxonomy":"post_tag","embeddable":true,"href":"https:\/\/info.sadowne.pl\/index.php?rest_route=%2Fwp%2Fv2%2Ftags&post=18420"}],"curies":[{"name":"wp","href":"https:\/\/api.w.org\/{rel}","templated":true}]}}