{"id":18423,"date":"2018-05-06T16:45:52","date_gmt":"2018-05-06T14:45:52","guid":{"rendered":"http:\/\/info.sadowne.pl\/?p=18423"},"modified":"2018-05-06T16:45:52","modified_gmt":"2018-05-06T14:45:52","slug":"zachod-gminy","status":"publish","type":"post","link":"https:\/\/info.sadowne.pl\/?p=18423","title":{"rendered":"Zach\u00f3d Gminy\u2026"},"content":{"rendered":"<p><strong><img loading=\"lazy\" decoding=\"async\" class=\"alignleft size-thumbnail wp-image-18424\" src=\"http:\/\/info.sadowne.pl\/wp-content\/uploads\/2018\/05\/2018.05.06.1-180x130.jpg\" alt=\"\" width=\"180\" height=\"130\" \/>\u2026z perspektywy maj\u00f3wkowego, rowerowego siode\u0142ka.<\/strong><!--more--><\/p>\n<p>6 maja ponownie rowerami wyruszyli\u015bmy podziwia\u0107 okolic\u0119. I uwierzcie, \u017ce z wysoko\u015bci ok. 2 metr\u00f3w i z pr\u0119dko\u015bci\u0105 zaledwie kilku kilometr\u00f3w na godzin\u0119, wszystko wygl\u0105da inaczej (lepiej, wspanialej, dok\u0142adniej), ni\u017c z siedzenia auta mkn\u0105cego kilkadziesi\u0105t kilometr\u00f3w na godzin\u0119 (bo tak zazwyczaj si\u0119 przemieszczamy). Ci, kt\u00f3rzy dzi\u015b skorzystali z zaproszenia Pani Dyrektor sadowie\u0144skiego GOK-u, ju\u017c to wiedz\u0105, bo zaledwie trzygodzinna i niespe\u0142na dwudziestoo\u015bmiokilometrowa wycieczka rowerowa po zachodnich rubie\u017cach Naszej Gminy wszystkich jej uczestnik\u00f3w o tym przekona\u0142a.<\/p>\n<p><img loading=\"lazy\" decoding=\"async\" class=\"aligncenter size-full wp-image-18425\" src=\"http:\/\/info.sadowne.pl\/wp-content\/uploads\/2018\/05\/2018.05.06.2.jpg\" alt=\"\" width=\"601\" height=\"298\" srcset=\"https:\/\/info.sadowne.pl\/wp-content\/uploads\/2018\/05\/2018.05.06.2.jpg 601w, https:\/\/info.sadowne.pl\/wp-content\/uploads\/2018\/05\/2018.05.06.2-300x149.jpg 300w\" sizes=\"auto, (max-width: 601px) 100vw, 601px\" \/><\/p>\n<p>Wyruszyli\u015bmy spod GOK-u ju\u017c o 10.00 ulicami: Ko\u015bciuszki (na po\u0142udnie) i Grunwaldzk\u0105 (ku Krzy\u017c\u00f3wkom). Ostro\u017cnie przejechali\u015bmy krajow\u0105 50., by na wprost pojecha\u0107 lasem ku Krupi\u0144skiemu. Na pocz\u0105tku troch\u0119 \u017cwir\u00f3wki, co jak \u201ewyrzut sumienia\u201d le\u017cy m-dzy drog\u0105 asfaltow\u0105 i dalej ju\u017c r\u00f3wnym wygodnym asfaltem w\u015br\u00f3d wiosennego lasu, co zachwyca \u015bwie\u017c\u0105 zieleni\u0105 i niepokoi g\u0142osami ptactwa.<\/p>\n<p>A w Krupi\u0144skiem, pod D\u0119bem Wolno\u015bci, bo posadzonym w 1918 r., do\u0142\u0105czy\u0142a dw\u00f3jka przemi\u0142ych mieszka\u0144c\u00f3w, by dalej przy m\u0142ynie, przez most na Ugoszczy i pod Ku\u017ani\u0105, pojecha\u0107 kolejn\u0105 \u017cwir\u00f3wk\u0105 z nami w prawo, na Oci\u0119te (Zastr\u00f3\u017ce) i Grabiny. Po drodze troch\u0119 piachu zmusza\u0142o do wolniejszego tempa.<\/p>\n<p>W Grabinach przy kapliczce z 1883 r. skr\u0119cili\u015bmy w prawo ku Zarzetce. Dopiero tu nieco samochodowego ruchu sprawi\u0142o, by nasz, prawie dwudziestoosobowy peleton, jecha\u0142 ostro\u017cnie i rozci\u0105gn\u0105\u0142 si\u0119. Za to le\u015bne pejza\u017ce zast\u0105pi\u0142y \u0142\u0105ki, umajone wszelakim kwieciem i poczuli\u015bmy wiosenny wiaterek, co sprawia\u0142, \u017ce intensywne s\u0142onko \u0142agodnia\u0142o.<\/p>\n<p>Tak w\u015br\u00f3d \u0142\u0105k min\u0119li\u015bmy mostki na Ugoszczy i Bojewce, a w Zarzetce troszk\u0119 zwolnili\u015bmy przy Kaplicy z tablic\u0105 pomordowanych w czasie II wojny. Dalej pomkn\u0119li\u015bmy na zach\u00f3d w\u015br\u00f3d zabudowa\u0144 Zarzetki, po drodze podziwiaj\u0105c stado kr\u00f3w (chyba) \u201eszkockiej rasy wy\u017cynnej\u201d i zn\u00f3w przez mostek na Bojewce, ku Lipie\u0144cowi. A w Lipie\u0144cu \u201ek\u0119pka\u201d siedlisk z lewej i \u201eRzeka\u201d z prawej \u2013 starorzecze Bugu, co \u201erogalem\u201d w\u015br\u00f3d \u0142\u0105k rozci\u0105ga si\u0119 z biegiem Bojewki.<\/p>\n<p>Za Lipie\u0144cem dojechali\u015bmy do \u201eKrzy\u017c\u00f3wek\u201d \u0142\u0105kowych dr\u00f3g: tej w lewo, na Brzuz\u0119 i \u0141och\u00f3w, tej na wprost, ku Wyw\u0142oce i tej w prawo, ku Bugowi, gdzie si\u0119 skierowali\u015bmy. Jad\u0105c ni\u0105 z lewej bezkresne \u0142\u0105ki, a z prawej \u201ePrzegrodzony Bug\u201d \u2013 pi\u0119kne i prawie jak ko\u0142o starorzecze, gdzie zawsze mn\u00f3stwo w\u0119dkarzy czyha na swoj\u0105 ryb\u0119. Dojechali\u015bmy do wa\u0142u przeciwpowodziowego i z jego grzbietu \u015bwiat jeszcze bardziej si\u0119 nam \u201eotworzy\u0142\u201d. Majowa, malownicza panorama zachwyca\u0142a ka\u017cdego, st\u0105d tempo przejazdu nikogo ju\u017c nie obchodzi\u0142o. Z obydwu stron niemal bezkresne panoramy na \u0142\u0105ki, starorzecza i las, gdzie\u015b na p\u00f3\u0142nocy.<\/p>\n<p>Kilkaset metr\u00f3w po koronie wa\u0142u i d\u0142u\u017cszy odpoczynek w miejscu, gdzie Bug ok. 40 lat temu przekopano. Siedz\u0105c na w\u0105skim przesmyku podziwiali\u015bmy urokliwe starorzecza Bugu, gdzie czyst\u0105 to\u0144 wody \u201ezak\u0142\u00f3ca\u0142y\u201d przy brzegach ju\u017c zielone, kr\u0105g\u0142e grzybienie i dziwili\u015bmy si\u0119 w\u0119dkarzom, co nad brzegami krz\u0105tali si\u0119, by cokolwiek z\u0142owi\u0107. W takich miejscach o nic nie trzeba zabiega\u0107, wystarczy by\u0107, poprzebywa\u0107 w ciszy i popodziwia\u0107 dziko\u015b\u0107 teren\u00f3w nad najwi\u0119ksz\u0105 i ostatni\u0105 ju\u017c z nieucywilizowanych rzek Europy.<\/p>\n<p>A dalej wa\u0142em pojechali\u015bmy ku Ra\u017cnom: najstarszej z naszych wsi, gdzie zachowa\u0142 si\u0119 krzy\u017c z 1300 r. My na moment zatrzymali\u015bmy si\u0119 przy kapliczce z figurk\u0105 \u015bw. Rocha, by wspomnie\u0107 tego, co w XIV w.\u00a0 wszystko rozda\u0142 biednym, uzdrowi\u0142 setki z d\u017cumy, a sam w \u0142achmanach ni\u0105 dotkni\u0119ty, zosta\u0142 w lesie przez psa, co przyni\u00f3s\u0142 mu pokarm, uratowany. Ra\u017cny, najstarsza okoliczna wie\u015b \u2013 kiedy\u015b centrum d\u00f3br warszawskiej kolegiaty \u015bw. Jana \u2013 o dumnej historii stolica krainy od Gwizda\u0142, Borzych, Ugoszczy i Ma\u0142kini \u2013 dzi\u015b sielska, urokliwa, pe\u0142na spokoju wioska.<\/p>\n<p>Dalej przez Ra\u017cny pojechali\u015bmy na Zalesie, podziwiaj\u0105c kolejny nobliwy d\u0105b, ku Wilczog\u0119bom. Tu na \u201eZapolu\u201d zn\u00f3w bezkresne nadbu\u017cne \u0142\u0105ki zwane \u201eOtok\u201d, kt\u00f3re z p\u00f3\u0142nocy \u201ezamyka\u201d zabuska, ciemniejsza linia Zielonej Puszczy Kurpiowskiej.<\/p>\n<p>Dalej z Wilczog\u0105b wjechali\u015bmy w rozproszone zabudowania Sojk\u00f3wka, nieco narzekaj\u0105c, \u017ce \u201epo drodze\u201d mijamy tak wiele ciekawych miejsc. Ale to rowerowa przeja\u017cd\u017cka, w kt\u00f3rej zamierzeniu nie le\u017c\u0105 zbyt cz\u0119ste przystanki. St\u0105d te\u017c zerkaj\u0105c na najm\u0142odsz\u0105 uczestniczk\u0119 (zn\u00f3w o\u015bmiolatk\u0119) i tych najstarszych (no tak po 70.) pod\u0105\u017cyli\u015bmy ku Sadownemu. Tu w GOK-u, jak zwykle, to, co po trudach przeja\u017cd\u017cki najbardziej oczekiwane, czyli: kawa, herbata, napoje, s\u0142odko\u015bci i grill z frykasami (jak to p. Dyrektor sama \u201eogarnia\u201d trudno poj\u0105\u0107).<\/p>\n<p>Trzy godziny aktywnego, majowego wypoczynku, na \u0142onie dla nas najpi\u0119kniejszej sadowie\u0144skiej przyrody, zaostrzy\u0142y apetyty, a gor\u0105ce wspomnienia nie pozwala\u0142y na szybkie rozstanie.<\/p>\n<p>A jak kto\u015b \u201ez\u0142apa\u0142\u201d troch\u0119 zakwask\u00f3w, czy b\u00f3li poni\u017cej plec\u00f3w, to tylko \u015bwiadectwo tego, \u017ce na co dzie\u0144 ma zbyt ma\u0142o ruchu, a wtedy i g\u0142owa nie tak, jak by mog\u0142a, pracuje.<\/p>\n<p>I zapomnia\u0142bym tylko wspomnie\u0107, \u017ce tym razem GOK-owsk\u0105 imprez\u0119 u\u015bwietni\u0142a aktywna obecno\u015b\u0107 W\u00f3jta Waldka Cyrana z ca\u0142\u0105 rodzin\u0105.<\/p>\n<p><span style=\"color: #0000ff;\"><a style=\"color: #0000ff;\" href=\"https:\/\/photos.google.com\/share\/AF1QipMdDzBSYQLGZ7JxH4T8ncyORkIlIRarO4c0mWC7V0COqshzGNXBk_6b6tixwSfsVg?key=MUpMdlZWcS16ZzZ0ek5xb3BFUFpGWEhZbllBWG13\" target=\"_blank\" rel=\"noopener noreferrer\">\u00a0<strong>Zdj\u0119cia w galerii Google&gt;&gt;&gt;<\/strong><\/a><\/span><\/p>\n<p><strong>Tekst:<\/strong> RW<\/p>\n<p><strong>Foto:<\/strong> S\u0142awek Chyli\u0144ski<\/p>\n","protected":false},"excerpt":{"rendered":"<p>\u2026z perspektywy maj\u00f3wkowego, rowerowego siode\u0142ka.<\/p>\n","protected":false},"author":1,"featured_media":0,"comment_status":"closed","ping_status":"closed","sticky":false,"template":"","format":"standard","meta":{"footnotes":""},"categories":[5,91,6],"tags":[169,2505,25,709],"class_list":["post-18423","post","type-post","status-publish","format-standard","hentry","category-newsy","category-gminny-osrodek-kultury","category-kultura-rozrywka-edukacja","tag-gminny-osrodek-kultury-w-sadownem","tag-rekreacja-rowerowa","tag-sadowne","tag-wycieczka-rowerowa"],"views":2913,"_links":{"self":[{"href":"https:\/\/info.sadowne.pl\/index.php?rest_route=\/wp\/v2\/posts\/18423","targetHints":{"allow":["GET"]}}],"collection":[{"href":"https:\/\/info.sadowne.pl\/index.php?rest_route=\/wp\/v2\/posts"}],"about":[{"href":"https:\/\/info.sadowne.pl\/index.php?rest_route=\/wp\/v2\/types\/post"}],"author":[{"embeddable":true,"href":"https:\/\/info.sadowne.pl\/index.php?rest_route=\/wp\/v2\/users\/1"}],"replies":[{"embeddable":true,"href":"https:\/\/info.sadowne.pl\/index.php?rest_route=%2Fwp%2Fv2%2Fcomments&post=18423"}],"version-history":[{"count":1,"href":"https:\/\/info.sadowne.pl\/index.php?rest_route=\/wp\/v2\/posts\/18423\/revisions"}],"predecessor-version":[{"id":18426,"href":"https:\/\/info.sadowne.pl\/index.php?rest_route=\/wp\/v2\/posts\/18423\/revisions\/18426"}],"wp:attachment":[{"href":"https:\/\/info.sadowne.pl\/index.php?rest_route=%2Fwp%2Fv2%2Fmedia&parent=18423"}],"wp:term":[{"taxonomy":"category","embeddable":true,"href":"https:\/\/info.sadowne.pl\/index.php?rest_route=%2Fwp%2Fv2%2Fcategories&post=18423"},{"taxonomy":"post_tag","embeddable":true,"href":"https:\/\/info.sadowne.pl\/index.php?rest_route=%2Fwp%2Fv2%2Ftags&post=18423"}],"curies":[{"name":"wp","href":"https:\/\/api.w.org\/{rel}","templated":true}]}}