{"id":18440,"date":"2018-05-08T16:15:21","date_gmt":"2018-05-08T14:15:21","guid":{"rendered":"http:\/\/info.sadowne.pl\/?p=18440"},"modified":"2018-05-08T16:15:21","modified_gmt":"2018-05-08T14:15:21","slug":"polski-zywiol-romana-pankiewicza","status":"publish","type":"post","link":"https:\/\/info.sadowne.pl\/?p=18440","title":{"rendered":"\u201ePolski \u017cywio\u0142\u201d Romana Pankiewicza"},"content":{"rendered":"<p><strong><img loading=\"lazy\" decoding=\"async\" class=\"alignleft size-thumbnail wp-image-18441\" src=\"http:\/\/info.sadowne.pl\/wp-content\/uploads\/2018\/05\/2018.05.08.1-180x130.jpg\" alt=\"\" width=\"180\" height=\"130\" \/>Historia Polski, nasze zalety, ale i\u2026 wady. Roman Pankiewicz zespoli\u0142 te elementy w swojej ostatniej ksi\u0105\u017cce pt. \u201ePolski \u017cywio\u0142\u201d.<\/strong><!--more--><\/p>\n<p>8 maja w Gminnym O\u015brodku Kultury w Sadownem odby\u0142o si\u0119 spotkanie autorskie z podr\u00f3\u017cnikiem i pisarzem p. Romanem Pankiewiczem, kt\u00f3ry przyby\u0142 tu na zaproszenie naszej Gminnej Biblioteki Publicznej.<\/p>\n<p>Na przestrzeni ostatnich kilku lat sadowie\u0144scy czytelnicy mieli ju\u017c okazj\u0119 uczestniczy\u0107 w spotkaniach z tym autorem, prezentuj\u0105cym m.in. wydania tryptyku podr\u00f3\u017cniczego: \u201eMatuszka Rosija \u2013 pierwszy \u017cywio\u0142\u201d, \u201eNiemcy \u2013 drugi \u017cywio\u0142\u201d, \u201eIslandia \u2013 trzeci \u017cywio\u0142\u201d. A ostatni \u017cywio\u0142, o kt\u00f3rym dzisiaj by\u0142a mowa, to w\u0142a\u015bnie \u2013 Polska, z ciekaw\u0105 histori\u0105 pa\u0144stwowo\u015bci, ko\u015bcio\u0142a katolickiego i ludzi, kt\u00f3rych zalety i wady wszyscy znaj\u0105.<\/p>\n<p>W zawi\u0105zku z zapowiedzi\u0105 rozstania si\u0119 autora tych ciekawych pozycji ksi\u0105\u017ckowych z pisarstwem, kilka s\u0142\u00f3w o nim: Krakowianin, kochaj\u0105cy w\u0119dr\u00f3wki po tatrza\u0144skich szlakach. Uko\u0144czy\u0142 szko\u0142\u0119 hotelarsk\u0105 i\u00a0rozpocz\u0105\u0142 prac\u0119 w\u00a0wyuczonym zawodzie, ale \u017cycie &#8222;za \u017celazn\u0105 kurtyn\u0105&#8221; i\u00a0brak perspektyw normalnego poznawania \u015bwiata spowodowa\u0142o zmian\u0119 miejsca pracy i\u00a0zatrudnienie si\u0119 w\u00a0firmie prowadz\u0105cej prace budowlane w\u00a0wielu krajach \u015bwiata \u2013 st\u0105d s\u0142u\u017cbowy ponad 3-letni pobyt w stolicy Rosji &#8211; Moskwie, a\u00a0nast\u0119pnie r\u00f3wnie\u017c 3-letni we Frankfurcie n\/Menem w\u00a0Niemczech i wreszcie \u2013 Islandia. \u00a0W\u00a0przerwach mi\u0119dzy pobytami za granic\u0105 autor zajmowa\u0142 si\u0119 organizacj\u0105 w\u00a0Polsce koncert\u00f3w artyst\u00f3w zza wschodniej granicy np. Olega Dowgala, ale by\u0142 te\u017c managerem znanego pisarza literatury dzieci\u0119cej &#8211; Wies\u0142awa Drabika.<\/p>\n<p>Podczas spotkania autorskiego, w kt\u00f3rym jak zawsze ch\u0119tnie uczestnicz\u0105 mieszka\u0144cy Sadownego i uczniowie miejscowych szk\u00f3\u0142 (tym razem sadowie\u0144skiego Gimnazjum), w imieniu czytelnik\u00f3w podzi\u0119kowania za ponad 7-letni\u0105 wsp\u00f3\u0142prac\u0119 przekaza\u0142a pisarzowi Dyrektor Gminnego O\u015brodka Kultury p. Ewa Pi\u00f3rkowska, wyra\u017caj\u0105c nadziej\u0119, \u017ce nie jest to jednak ostatnie spotkanie tego autora z sadowie\u0144skimi czytelnikami. Zobaczymy i b\u0105d\u017amy dobrej my\u015bli \u2013 mo\u017ce jeszcze \u201eprzyjrzy si\u0119\u201d kiedy\u015b jakiemu\u015b zak\u0105tkowi \u015bwiata i powstanie kolejny \u201e\u017cywio\u0142\u201d.<\/p>\n<p><span style=\"color: #0000ff;\"><a style=\"color: #0000ff;\" href=\"https:\/\/photos.google.com\/share\/AF1QipODz-WGHkTZStSzXheobkup1qhwy0nhse85RE592-9-XnNlv6OjjbED6ubTxM1Ohw?key=ZE9rSmI4NXlxR1BnUlNJVGkybUhjVzc2MTlkVjZ3\" target=\"_blank\" rel=\"noopener noreferrer\"><strong>Zdj\u0119cia w galerii Google&gt;&gt;&gt;<\/strong><\/a><\/span><\/p>\n<p><strong>Tekst\/foto:<\/strong> S\u0142awek Chyli\u0144ski<\/p>\n","protected":false},"excerpt":{"rendered":"<p>Historia Polski, nasze zalety, ale i\u2026 wady. Roman Pankiewicz zespoli\u0142 te elementy w swojej ostatniej ksi\u0105\u017cce pt. \u201ePolski \u017cywio\u0142\u201d.<\/p>\n","protected":false},"author":1,"featured_media":0,"comment_status":"closed","ping_status":"closed","sticky":false,"template":"","format":"standard","meta":{"footnotes":""},"categories":[5,2149,91,6],"tags":[2786,113,169,161,966],"class_list":["post-18440","post","type-post","status-publish","format-standard","hentry","category-newsy","category-gminna-biblioteka-publiczna","category-gminny-osrodek-kultury","category-kultura-rozrywka-edukacja","tag-polski-zywiol","tag-gminna-biblioteka-publiczna-w-sadownem","tag-gminny-osrodek-kultury-w-sadownem","tag-roman-pankiewicz","tag-spotkanie-autorskie"],"views":2765,"_links":{"self":[{"href":"https:\/\/info.sadowne.pl\/index.php?rest_route=\/wp\/v2\/posts\/18440","targetHints":{"allow":["GET"]}}],"collection":[{"href":"https:\/\/info.sadowne.pl\/index.php?rest_route=\/wp\/v2\/posts"}],"about":[{"href":"https:\/\/info.sadowne.pl\/index.php?rest_route=\/wp\/v2\/types\/post"}],"author":[{"embeddable":true,"href":"https:\/\/info.sadowne.pl\/index.php?rest_route=\/wp\/v2\/users\/1"}],"replies":[{"embeddable":true,"href":"https:\/\/info.sadowne.pl\/index.php?rest_route=%2Fwp%2Fv2%2Fcomments&post=18440"}],"version-history":[{"count":1,"href":"https:\/\/info.sadowne.pl\/index.php?rest_route=\/wp\/v2\/posts\/18440\/revisions"}],"predecessor-version":[{"id":18442,"href":"https:\/\/info.sadowne.pl\/index.php?rest_route=\/wp\/v2\/posts\/18440\/revisions\/18442"}],"wp:attachment":[{"href":"https:\/\/info.sadowne.pl\/index.php?rest_route=%2Fwp%2Fv2%2Fmedia&parent=18440"}],"wp:term":[{"taxonomy":"category","embeddable":true,"href":"https:\/\/info.sadowne.pl\/index.php?rest_route=%2Fwp%2Fv2%2Fcategories&post=18440"},{"taxonomy":"post_tag","embeddable":true,"href":"https:\/\/info.sadowne.pl\/index.php?rest_route=%2Fwp%2Fv2%2Ftags&post=18440"}],"curies":[{"name":"wp","href":"https:\/\/api.w.org\/{rel}","templated":true}]}}