{"id":18456,"date":"2018-05-10T15:40:08","date_gmt":"2018-05-10T13:40:08","guid":{"rendered":"http:\/\/info.sadowne.pl\/?p=18456"},"modified":"2018-05-10T15:40:08","modified_gmt":"2018-05-10T13:40:08","slug":"w-gok-u-praca-wre","status":"publish","type":"post","link":"https:\/\/info.sadowne.pl\/?p=18456","title":{"rendered":"W GOK-u praca wre\u2026"},"content":{"rendered":"<p><img loading=\"lazy\" decoding=\"async\" class=\"alignleft wp-image-18457 size-thumbnail\" src=\"http:\/\/info.sadowne.pl\/wp-content\/uploads\/2018\/05\/2018.05.10.1-180x130.jpg\" alt=\"\" width=\"180\" height=\"130\" \/><\/p>\n<p><strong>Dzieci, jak zwykle, garn\u0105 si\u0119 na zaj\u0119cia w Gminnym O\u015brodku Kultury w Sadownem. A atrakcji jest tu wiele\u2026<\/strong><!--more--><\/p>\n<p>Ju\u017c prawie wakacje, ale jeszcze mo\u017cna korzysta\u0107 z zaj\u0119\u0107 i warsztat\u00f3w w sadowie\u0144skim GOK-u. Oblegana jest te\u017c mieszcz\u0105ca si\u0119 w tym samym budynku Izba Regionalna Muzeum Ziemi Sadowie\u0144skiej, w kt\u00f3rej ch\u0119tnie spotyka si\u0119 z grupami zorganizowanymi p. Janusz. Dzieciaki z podstaw\u00f3wki ch\u0119tnie s\u0142uchaj\u0105 opowiada\u0144 na temat historii muzyki zw\u0142aszcza, \u017ce mo\u017cna zobaczy\u0107 na w\u0142asne oczy i \u201euszy\u201d dzia\u0142anie ciekawych instrument\u00f3w muzycznych.<\/p>\n<p>Tu\u017c obok inna grupa z tej samej szko\u0142y zg\u0142\u0119bia tajniki decoupage. Pod okiem p. Moniki pude\u0142eczka \u201enabieraj\u0105 kszta\u0142tu\u201d i staj\u0105 si\u0119 np. wymarzonymi prezentami dla najbli\u017cszych.<\/p>\n<p>Tak jest tu ka\u017cdego dnia \u2013 praca wre. Inne zaj\u0119cia prowadzone przez instruktor\u00f3w Gminnego O\u015brodka Kultury w Sadownem s\u0105 r\u00f3wnie ciekawe, a czasami ch\u0119tni musz\u0105 nawet czeka\u0107 w przys\u0142owiowej \u201ekolejce\u201d by wzi\u0105\u0107 w nich udzia\u0142.<\/p>\n<p><span style=\"color: #0000ff;\"><a style=\"color: #0000ff;\" href=\"https:\/\/photos.google.com\/share\/AF1QipPHCyLMidUNvTxk00PFxb8HjB4JqyID2FgJ0mzYmPob6L8030G9-2K7HBkWptsQog?key=OVVKLUhBaHB3RzBlUEN2N2trSTg2SzhxLW9FYm9R\" target=\"_blank\" rel=\"noopener noreferrer\"><strong>Zdj\u0119cia w galerii Google&gt;&gt;&gt;<\/strong><\/a><\/span><\/p>\n<p><strong>Tekst\/foto:<\/strong> S\u0142awek Chyli\u0144ski<\/p>\n","protected":false},"excerpt":{"rendered":"<p>Dzieci, jak zwykle, garn\u0105 si\u0119 na zaj\u0119cia w Gminnym O\u015brodku Kultury w Sadownem. A atrakcji jest tu wiele\u2026<\/p>\n","protected":false},"author":1,"featured_media":0,"comment_status":"closed","ping_status":"closed","sticky":false,"template":"","format":"standard","meta":{"footnotes":""},"categories":[5,91,6,81],"tags":[169,958,1454,79],"class_list":["post-18456","post","type-post","status-publish","format-standard","hentry","category-newsy","category-gminny-osrodek-kultury","category-kultura-rozrywka-edukacja","category-muzeum","tag-gminny-osrodek-kultury-w-sadownem","tag-janusz-urbankowski","tag-monika-kadziela","tag-muzeum-ziemi-sadowienskiej"],"views":2515,"_links":{"self":[{"href":"https:\/\/info.sadowne.pl\/index.php?rest_route=\/wp\/v2\/posts\/18456","targetHints":{"allow":["GET"]}}],"collection":[{"href":"https:\/\/info.sadowne.pl\/index.php?rest_route=\/wp\/v2\/posts"}],"about":[{"href":"https:\/\/info.sadowne.pl\/index.php?rest_route=\/wp\/v2\/types\/post"}],"author":[{"embeddable":true,"href":"https:\/\/info.sadowne.pl\/index.php?rest_route=\/wp\/v2\/users\/1"}],"replies":[{"embeddable":true,"href":"https:\/\/info.sadowne.pl\/index.php?rest_route=%2Fwp%2Fv2%2Fcomments&post=18456"}],"version-history":[{"count":1,"href":"https:\/\/info.sadowne.pl\/index.php?rest_route=\/wp\/v2\/posts\/18456\/revisions"}],"predecessor-version":[{"id":18458,"href":"https:\/\/info.sadowne.pl\/index.php?rest_route=\/wp\/v2\/posts\/18456\/revisions\/18458"}],"wp:attachment":[{"href":"https:\/\/info.sadowne.pl\/index.php?rest_route=%2Fwp%2Fv2%2Fmedia&parent=18456"}],"wp:term":[{"taxonomy":"category","embeddable":true,"href":"https:\/\/info.sadowne.pl\/index.php?rest_route=%2Fwp%2Fv2%2Fcategories&post=18456"},{"taxonomy":"post_tag","embeddable":true,"href":"https:\/\/info.sadowne.pl\/index.php?rest_route=%2Fwp%2Fv2%2Ftags&post=18456"}],"curies":[{"name":"wp","href":"https:\/\/api.w.org\/{rel}","templated":true}]}}