{"id":18526,"date":"2018-05-22T15:11:22","date_gmt":"2018-05-22T13:11:22","guid":{"rendered":"http:\/\/info.sadowne.pl\/?p=18526"},"modified":"2018-05-22T15:11:22","modified_gmt":"2018-05-22T13:11:22","slug":"wymyslilam-cie","status":"publish","type":"post","link":"https:\/\/info.sadowne.pl\/?p=18526","title":{"rendered":"\u201eWymy\u015bli\u0142am Ci\u0119\u2026"},"content":{"rendered":"<p><strong><img loading=\"lazy\" decoding=\"async\" class=\"alignleft size-thumbnail wp-image-18527\" src=\"http:\/\/info.sadowne.pl\/wp-content\/uploads\/2018\/05\/2018.05.22.1-180x130.jpg\" alt=\"\" width=\"180\" height=\"130\" \/>\u2026Irena Jarocka we wspomnieniach\u201d \u2013 portret piosenkarki nakre\u015blony przez p. Mariol\u0119 Pryzwan.<\/strong><!--more--><\/p>\n<p>Pani\u0105 Mariol\u0119 Pryzwan ju\u017c chyba wszyscy w Sadownem znaj\u0105. Jak obliczyli pedagodzy z naszego Gimnazjum, pisarka odwiedzi\u0142a t\u0119 szko\u0142\u0119 kilkana\u015bcie razy. 22 maja prezentowa\u0142a tu swoj\u0105 najnowsz\u0105 pozycj\u0119 ksi\u0105\u017ckow\u0105 \u2013 biografi\u0119 znanej piosenkarki Ireny Jarockiej, kt\u00f3ra powsta\u0142a na podstawie wspomnie\u0144 jej bliskich i znajomych. Jak zawsze, p. Mariola ch\u0119tnie skorzysta\u0142a z zaproszenia p. Ma\u0142gorzaty Zy\u015bk i p. Anny Gierej z sadowie\u0144skiego Gimnazjum.<\/p>\n<p>Wspomnienia o znanych i lubianych artystach sceny polskiej, to \u201ekonik\u201d p. Marioli. Ona sama jest nauczycielem-bibliotekarzem, publicystk\u0105 i z zami\u0142owania &#8211; biografistk\u0105. Ze wspomnie\u0144 z\u0142o\u017cy\u0142a ju\u017c biografie m.in. Anny German, Zbigniewa Cybulskiego, Haliny Po\u015bwiatowskiej, Marii Pawlikowskiej-Jasnorzewskiej, W\u0142adys\u0142awa Broniewskiego, Marii D\u0105browskiej, Marii Kownackiej, Anny Jantar; z wypowiedzi samych bohater\u00f3w ksi\u0105\u017cki: Anna German o sobie i Cybulski o sobie.<\/p>\n<p>Tym razem gimnazjali\u015bci przypomnieli sobie, a w\u0142a\u015bciwie poznali histori\u0119 \u017cycia niezwyk\u0142ej piosenkarki \u2013 Ireny Jarockiej, kt\u00f3ra w swojej karierze mia\u0142a okazj\u0119 r\u00f3wnie\u017c koncertowa\u0107 u boku takich gwiazd jak Charles Aznavour, Mireille Mathieu, Michel Sardou, Enrico Macias czy Michael Bolton, w Polsce za\u015b z zespo\u0142ami Polanie, Czerwone Gitary i Budka Suflera. Jak oceniaj\u0105 artystk\u0119 znajomi, cechowa\u0142o j\u0105 tak\u017ce wyj\u0105tkowo dobre serce. W\u0142\u0105czy\u0142a si\u0119 w dzia\u0142alno\u015b\u0107 organizacji Echo International, promuj\u0105cej zdrowie kobiety i, co wa\u017cne, by\u0142a dobrym cz\u0142owiekiem, ale\u2026 wszystko to przekre\u015bli\u0142a niepotrzebna choroba i \u015bmier\u0107.<\/p>\n<p>Tyle o spotkaniu w Gimnazjum. Zach\u0119cam wszystkich do zapoznania si\u0119 z promowan\u0105 pozycj\u0105 ksi\u0105\u017ckow\u0105 p. Marioli Pryzwan. Zawiera ona wiele ciekawostek o Irenie Jarockiej, kt\u00f3rych nie u\u015bwiadczymy w oficjalnych informacjach medi\u00f3w.<\/p>\n<p><span style=\"color: #0000ff;\"><a style=\"color: #0000ff;\" href=\"https:\/\/photos.google.com\/share\/AF1QipPjymU4xQd4DCFIpuDcSnqDi3rkIupdObCKpDVZkneJ51sL3D8AVqONmht6LOf_wA?key=QzBxallDUWkwS0xmZVFDWmJXbmU5QTlrcU5XYlBn\" target=\"_blank\" rel=\"noopener noreferrer\"><strong>Zdj\u0119cia w galerii Google&gt;&gt;&gt;<\/strong><\/a><\/span><\/p>\n<p><strong>Tekst\/foto: <\/strong>S\u0142awek Chyli\u0144ski<\/p>\n","protected":false},"excerpt":{"rendered":"<p>\u2026Irena Jarocka we wspomnieniach\u201d \u2013 portret piosenkarki nakre\u015blony przez p. Mariol\u0119 Pryzwan.<\/p>\n","protected":false},"author":1,"featured_media":0,"comment_status":"closed","ping_status":"closed","sticky":false,"template":"","format":"standard","meta":{"footnotes":""},"categories":[5,83,1752],"tags":[71,2198,2804],"class_list":["post-18526","post","type-post","status-publish","format-standard","hentry","category-newsy","category-gimnazjum","category-edukacja","tag-gimnazjum-sadowne","tag-spotkanie-z-mariola-pryzwan","tag-wymyslilam-cie-irena-jarocka-we-wspomnieniach"],"views":2615,"_links":{"self":[{"href":"https:\/\/info.sadowne.pl\/index.php?rest_route=\/wp\/v2\/posts\/18526","targetHints":{"allow":["GET"]}}],"collection":[{"href":"https:\/\/info.sadowne.pl\/index.php?rest_route=\/wp\/v2\/posts"}],"about":[{"href":"https:\/\/info.sadowne.pl\/index.php?rest_route=\/wp\/v2\/types\/post"}],"author":[{"embeddable":true,"href":"https:\/\/info.sadowne.pl\/index.php?rest_route=\/wp\/v2\/users\/1"}],"replies":[{"embeddable":true,"href":"https:\/\/info.sadowne.pl\/index.php?rest_route=%2Fwp%2Fv2%2Fcomments&post=18526"}],"version-history":[{"count":1,"href":"https:\/\/info.sadowne.pl\/index.php?rest_route=\/wp\/v2\/posts\/18526\/revisions"}],"predecessor-version":[{"id":18528,"href":"https:\/\/info.sadowne.pl\/index.php?rest_route=\/wp\/v2\/posts\/18526\/revisions\/18528"}],"wp:attachment":[{"href":"https:\/\/info.sadowne.pl\/index.php?rest_route=%2Fwp%2Fv2%2Fmedia&parent=18526"}],"wp:term":[{"taxonomy":"category","embeddable":true,"href":"https:\/\/info.sadowne.pl\/index.php?rest_route=%2Fwp%2Fv2%2Fcategories&post=18526"},{"taxonomy":"post_tag","embeddable":true,"href":"https:\/\/info.sadowne.pl\/index.php?rest_route=%2Fwp%2Fv2%2Ftags&post=18526"}],"curies":[{"name":"wp","href":"https:\/\/api.w.org\/{rel}","templated":true}]}}