{"id":18546,"date":"2018-05-24T20:58:56","date_gmt":"2018-05-24T18:58:56","guid":{"rendered":"http:\/\/info.sadowne.pl\/?p=18546"},"modified":"2018-05-25T11:09:48","modified_gmt":"2018-05-25T09:09:48","slug":"aktywnosci-osob-starszych","status":"publish","type":"post","link":"https:\/\/info.sadowne.pl\/?p=18546","title":{"rendered":"Aktywno\u015b\u0107 os\u00f3b starszych"},"content":{"rendered":"<p><strong><img loading=\"lazy\" decoding=\"async\" class=\"alignleft size-thumbnail wp-image-18551\" src=\"http:\/\/info.sadowne.pl\/wp-content\/uploads\/2018\/05\/2018.05.24.15-180x130.jpg\" alt=\"\" width=\"180\" height=\"130\" \/>Sadowie\u0144ski Klub Seniora rozpoczyna realizacj\u0119 projektu \u201eAktywny senior\u201d. 24 maja odby\u0142o si\u0119 pierwsze spotkanie Klubu na temat tego zadania.<\/strong><!--more--><\/p>\n<p>Jak informowa\u0142 wcze\u015bniej na swojej stronie Urz\u0105d Gminy Sadowne: <em>Sadowie\u0144ski Klub Seniora, w ramach otwartego konkursu ofert na realizacj\u0119 w latach 2018-2020 zadania publicznego Wojew\u00f3dztwa Mazowieckiego w obszarze \u201eDzia\u0142alno\u015b\u0107 na rzecz integracji i reintegracji zawodowej i spo\u0142ecznej os\u00f3b zagro\u017conych wykluczeniem spo\u0142ecznym\u201d, Zadanie nr 1: Rozw\u00f3j zr\u00f3\u017cnicowanych form dzia\u0142a\u0144 oraz us\u0142ug spo\u0142ecznych wspieraj\u0105cych samodzielno\u015b\u0107 i aktywno\u015b\u0107 os\u00f3b starszych, otrzyma\u0142 z Urz\u0119du Marsza\u0142kowskiego dotacj\u0119 w wysoko\u015bci 21 360 z\u0142 na realizacj\u0119 zadania \u201eAktywny senior\u201d.<\/em><\/p>\n<p><em><img loading=\"lazy\" decoding=\"async\" class=\"alignright size-thumbnail wp-image-18554\" src=\"http:\/\/info.sadowne.pl\/wp-content\/uploads\/2018\/05\/2018.05.24.4-180x130.jpg\" alt=\"\" width=\"180\" height=\"130\" \/>G\u0142\u00f3wnym celem zadania publicznego jest umo\u017cliwienie osobom starszym udzia\u0142u w zr\u00f3\u017cnicowanych formach dzia\u0142a\u0144 oraz us\u0142ug spo\u0142ecznych wspieraj\u0105cych ich samodzielno\u015b\u0107 i aktywno\u015b\u0107.<\/em><br \/>\n<img loading=\"lazy\" decoding=\"async\" class=\"alignleft wp-image-18555 size-full\" src=\"http:\/\/info.sadowne.pl\/wp-content\/uploads\/2018\/05\/2018.05.24.5.jpg\" alt=\"\" width=\"96\" height=\"139\" \/>W ramach projektu zaplanowano:<br \/>\n&#8211; zaj\u0119cia sportowe dla os\u00f3b starszych (aerobik, gimnastyka, \u0107wiczenia usprawniaj\u0105ce),<br \/>\n&#8211; cykl zaj\u0119\u0107 (spotka\u0144 tematycznych) dotycz\u0105cych zdrowego od\u017cywiania, chor\u00f3b spo\u0142ecznych, bezpiecze\u0144stwa itp.,<br \/>\n&#8211; dwudniowy wyjazd integracyjny (Kazimierz Dolny, Na\u0142\u0119cz\u00f3w i Koz\u0142\u00f3wka),<br \/>\n&#8211; integracyjny piknik rodzinny.<\/p>\n<p><img loading=\"lazy\" decoding=\"async\" class=\"alignright wp-image-18556 size-full\" src=\"http:\/\/info.sadowne.pl\/wp-content\/uploads\/2018\/05\/2018.05.24.2.jpg\" alt=\"\" width=\"250\" height=\"67\" \/>O realizacji zaplanowanych dzia\u0142a\u0144 w nowym projekcie dyskutowali cz\u0142onkowie Stowarzyszenia Sadowie\u0144ski Klubu Seniora 24 maja na spotkaniu w Gminnym O\u015brodku Kultury w Sadownem. Kieruj\u0105ca Stowarzyszeniem p. Gra\u017cyna K\u0105dziela om\u00f3wi\u0142a krok po kroku za\u0142o\u017cenia programu i wynikaj\u0105ce z niego zadania do realizacji. Wst\u0119pnie przyj\u0119to wsp\u00f3lnie terminy kolejnych spotka\u0144, ale te\u017c planowanych zaj\u0119\u0107 i dzia\u0142a\u0144 integracyjnych, w tym wycieczek &#8211; zapowiedziano, \u017ce udzia\u0142 w nich b\u0119dzie uzale\u017cniony od czynnego uczestnictwa danej osoby w innych zaj\u0119ciach projektu.<br \/>\n<img loading=\"lazy\" decoding=\"async\" class=\"alignleft size-full wp-image-18558\" src=\"http:\/\/info.sadowne.pl\/wp-content\/uploads\/2018\/05\/2018.05.24.3.jpg\" alt=\"\" width=\"250\" height=\"135\" \/>Co najwa\u017cniejsze w projekcie? Informujemy, i\u017c odbiorcami zadania, uczestnikami projektu s\u0105 seniorzy z terenu gminy Sadowne, cz\u0142onkowie Sadowie\u0144skiego Klubu Seniora, ale te\u017c\u2026 inni ch\u0119tni seniorzy \u2013 osoby w wieku 55+ (w sumie ok. 50 os\u00f3b).<\/p>\n<p>Ju\u017c teraz zapraszamy wszystkich zainteresowanych udzia\u0142em w projekcie na spotkania sadowie\u0144skich senior\u00f3w, kt\u00f3re rozpoczynaj\u0105 si\u0119 od popo\u0142udniowych, poniedzia\u0142kowych zaj\u0119\u0107 sportowych w Hali Sportowej przy Gimnazjum.<\/p>\n<p>Koordynatorem projektu jest p. Katarzyna Wiechowska z Urz\u0119du Gminy w Sadownem.<\/p>\n\n\t\t<style type=\"text\/css\">\n\t\t\t#gallery-1 {\n\t\t\t\tmargin: auto;\n\t\t\t}\n\t\t\t#gallery-1 .gallery-item {\n\t\t\t\tfloat: left;\n\t\t\t\tmargin-top: 10px;\n\t\t\t\ttext-align: center;\n\t\t\t\twidth: 33%;\n\t\t\t}\n\t\t\t#gallery-1 img {\n\t\t\t\tborder: 2px solid #cfcfcf;\n\t\t\t}\n\t\t\t#gallery-1 .gallery-caption {\n\t\t\t\tmargin-left: 0;\n\t\t\t}\n\t\t\t\/* see gallery_shortcode() in wp-includes\/media.php *\/\n\t\t<\/style>\n\t\t<div id='gallery-1' class='gallery galleryid-18546 gallery-columns-3 gallery-size-thumbnail'><dl class='gallery-item'>\n\t\t\t<dt class='gallery-icon landscape'>\n\t\t\t\t<a href='https:\/\/info.sadowne.pl\/wp-content\/uploads\/2018\/05\/2018.05.24.11.jpg'><img loading=\"lazy\" decoding=\"async\" width=\"180\" height=\"130\" src=\"https:\/\/info.sadowne.pl\/wp-content\/uploads\/2018\/05\/2018.05.24.11-180x130.jpg\" class=\"attachment-thumbnail size-thumbnail\" alt=\"\" \/><\/a>\n\t\t\t<\/dt><\/dl><dl class='gallery-item'>\n\t\t\t<dt class='gallery-icon landscape'>\n\t\t\t\t<a href='https:\/\/info.sadowne.pl\/wp-content\/uploads\/2018\/05\/2018.05.24.12.jpg'><img loading=\"lazy\" decoding=\"async\" width=\"180\" height=\"130\" src=\"https:\/\/info.sadowne.pl\/wp-content\/uploads\/2018\/05\/2018.05.24.12-180x130.jpg\" class=\"attachment-thumbnail size-thumbnail\" alt=\"\" \/><\/a>\n\t\t\t<\/dt><\/dl><dl class='gallery-item'>\n\t\t\t<dt class='gallery-icon landscape'>\n\t\t\t\t<a href='https:\/\/info.sadowne.pl\/wp-content\/uploads\/2018\/05\/2018.05.24.13.jpg'><img loading=\"lazy\" decoding=\"async\" width=\"180\" height=\"130\" src=\"https:\/\/info.sadowne.pl\/wp-content\/uploads\/2018\/05\/2018.05.24.13-180x130.jpg\" class=\"attachment-thumbnail size-thumbnail\" alt=\"\" \/><\/a>\n\t\t\t<\/dt><\/dl><br style=\"clear: both\" \/><dl class='gallery-item'>\n\t\t\t<dt class='gallery-icon landscape'>\n\t\t\t\t<a href='https:\/\/info.sadowne.pl\/wp-content\/uploads\/2018\/05\/2018.05.24.14.jpg'><img loading=\"lazy\" decoding=\"async\" width=\"180\" height=\"130\" src=\"https:\/\/info.sadowne.pl\/wp-content\/uploads\/2018\/05\/2018.05.24.14-180x130.jpg\" class=\"attachment-thumbnail size-thumbnail\" alt=\"\" \/><\/a>\n\t\t\t<\/dt><\/dl><dl class='gallery-item'>\n\t\t\t<dt class='gallery-icon landscape'>\n\t\t\t\t<a href='https:\/\/info.sadowne.pl\/wp-content\/uploads\/2018\/05\/2018.05.24.15.jpg'><img loading=\"lazy\" decoding=\"async\" width=\"180\" height=\"130\" src=\"https:\/\/info.sadowne.pl\/wp-content\/uploads\/2018\/05\/2018.05.24.15-180x130.jpg\" class=\"attachment-thumbnail size-thumbnail\" alt=\"\" \/><\/a>\n\t\t\t<\/dt><\/dl>\n\t\t\t<br style='clear: both' \/>\n\t\t<\/div>\n\n<p>&nbsp;<\/p>\n<p><strong>Tekst\/foto: <\/strong>S\u0142awek Chyli\u0144ski<\/p>\n","protected":false},"excerpt":{"rendered":"<p>Sadowie\u0144ski Klub Seniora rozpoczyna realizacj\u0119 projektu \u201eAktywny senior\u201d. 24 maja odby\u0142o si\u0119 pierwsze spotkanie Klubu na temat tego zadania.<\/p>\n","protected":false},"author":1,"featured_media":0,"comment_status":"closed","ping_status":"closed","sticky":false,"template":"","format":"standard","meta":{"footnotes":""},"categories":[5,91,6],"tags":[169,2808,2494],"class_list":["post-18546","post","type-post","status-publish","format-standard","hentry","category-newsy","category-gminny-osrodek-kultury","category-kultura-rozrywka-edukacja","tag-gminny-osrodek-kultury-w-sadownem","tag-projekt-aktywny-senior","tag-stowarzyszenie-sadowienski-klub-seniora"],"views":3950,"_links":{"self":[{"href":"https:\/\/info.sadowne.pl\/index.php?rest_route=\/wp\/v2\/posts\/18546","targetHints":{"allow":["GET"]}}],"collection":[{"href":"https:\/\/info.sadowne.pl\/index.php?rest_route=\/wp\/v2\/posts"}],"about":[{"href":"https:\/\/info.sadowne.pl\/index.php?rest_route=\/wp\/v2\/types\/post"}],"author":[{"embeddable":true,"href":"https:\/\/info.sadowne.pl\/index.php?rest_route=\/wp\/v2\/users\/1"}],"replies":[{"embeddable":true,"href":"https:\/\/info.sadowne.pl\/index.php?rest_route=%2Fwp%2Fv2%2Fcomments&post=18546"}],"version-history":[{"count":5,"href":"https:\/\/info.sadowne.pl\/index.php?rest_route=\/wp\/v2\/posts\/18546\/revisions"}],"predecessor-version":[{"id":18565,"href":"https:\/\/info.sadowne.pl\/index.php?rest_route=\/wp\/v2\/posts\/18546\/revisions\/18565"}],"wp:attachment":[{"href":"https:\/\/info.sadowne.pl\/index.php?rest_route=%2Fwp%2Fv2%2Fmedia&parent=18546"}],"wp:term":[{"taxonomy":"category","embeddable":true,"href":"https:\/\/info.sadowne.pl\/index.php?rest_route=%2Fwp%2Fv2%2Fcategories&post=18546"},{"taxonomy":"post_tag","embeddable":true,"href":"https:\/\/info.sadowne.pl\/index.php?rest_route=%2Fwp%2Fv2%2Ftags&post=18546"}],"curies":[{"name":"wp","href":"https:\/\/api.w.org\/{rel}","templated":true}]}}