{"id":18585,"date":"2018-05-29T20:53:39","date_gmt":"2018-05-29T18:53:39","guid":{"rendered":"http:\/\/info.sadowne.pl\/?p=18585"},"modified":"2018-05-29T20:53:39","modified_gmt":"2018-05-29T18:53:39","slug":"wernisaz-poplenerowy","status":"publish","type":"post","link":"https:\/\/info.sadowne.pl\/?p=18585","title":{"rendered":"Wernisa\u017c poplenerowy"},"content":{"rendered":"<p><strong><img loading=\"lazy\" decoding=\"async\" class=\"alignleft size-thumbnail wp-image-18586\" src=\"http:\/\/info.sadowne.pl\/wp-content\/uploads\/2018\/05\/2018.05.29.3-180x130.jpg\" alt=\"\" width=\"180\" height=\"130\" \/>29 maja w Gminnym O\u015brodku Kultury w Sadownem odby\u0142 si\u0119 wernisa\u017c poplenerowy XVIII Pleneru Malarskiego Artyst\u00f3w Plastyk\u00f3w.<\/strong><!--more--><\/p>\n<p>Jak pisali\u015bmy wcze\u015bniej, w dniach 21 \u2013 31 maja br. na terenie gminy Sadowne odbywa si\u0119 Plener Malarski. Jest to ju\u017c osiemnasta jego edycja i tym razem w okrojonym sk\u0142adzie. Swoje prace pod naszym okiem, a konkretnie \u2013 przewa\u017cnie w Gospodarstwie Agroturystycznym \u201ePrzy Lesie\u201d Pa\u0144stwa Olkowskich w Oci\u0119tem, wykonuj\u0105 pp.: Wanda Falencik-Masznicz \u2013 Komisarz Pleneru, Mieczys\u0142aw Bugnacki, Danuta Rasi\u0144ska, Gabriela Czarnecka i Regina Balinow. Zaprezentowali je mieszka\u0144com Sadownego podczas wernisa\u017cu, kt\u00f3ry odby\u0142 si\u0119 29 maja w Gminnym O\u015brodku Kultury w Sadownem. Mo\u017cna te\u017c by\u0142o obejrze\u0107 prace wykonane przez uczni\u00f3w dzie\u0144 wcze\u015bniej podczas warsztat\u00f3w malarskich.<\/p>\n<p>Wystaw\u0119 prac naszych artyst\u00f3w mo\u017cna jeszcze obejrze\u0107 tylko 30 maja br. Zapraszamy!<\/p>\n<p><span style=\"color: #0000ff;\"><a style=\"color: #0000ff;\" href=\"https:\/\/photos.google.com\/share\/AF1QipOOBMPeOBfYr2uaC5UztA5XO_eRfuUk7JBhlW63RuYrWl432R-5JcrHecCxv82p5w?key=MHRpOFprY050Z053RWhqLThUZzJCQjkyMGo0UVJB\" target=\"_blank\" rel=\"noopener noreferrer\"><strong>Zdj\u0119cia w galerii Google&gt;&gt;&gt;<\/strong><\/a><\/span><\/p>\n<p><strong>Tekst\/foto:<\/strong> S\u0142awek Chyli\u0144ski<\/p>\n","protected":false},"excerpt":{"rendered":"<p>29 maja w Gminnym O\u015brodku Kultury w Sadownem odby\u0142 si\u0119 wernisa\u017c poplenerowy XVIII Pleneru Malarskiego Artyst\u00f3w Plastyk\u00f3w.<\/p>\n","protected":false},"author":1,"featured_media":0,"comment_status":"closed","ping_status":"closed","sticky":false,"template":"","format":"standard","meta":{"footnotes":""},"categories":[5,91,6],"tags":[169,2813,2802],"class_list":["post-18585","post","type-post","status-publish","format-standard","hentry","category-newsy","category-gminny-osrodek-kultury","category-kultura-rozrywka-edukacja","tag-gminny-osrodek-kultury-w-sadownem","tag-wernisaz-poplenerowy","tag-xviii-plener-malarski-artystow-plastykow-w-sadownem"],"views":2881,"_links":{"self":[{"href":"https:\/\/info.sadowne.pl\/index.php?rest_route=\/wp\/v2\/posts\/18585","targetHints":{"allow":["GET"]}}],"collection":[{"href":"https:\/\/info.sadowne.pl\/index.php?rest_route=\/wp\/v2\/posts"}],"about":[{"href":"https:\/\/info.sadowne.pl\/index.php?rest_route=\/wp\/v2\/types\/post"}],"author":[{"embeddable":true,"href":"https:\/\/info.sadowne.pl\/index.php?rest_route=\/wp\/v2\/users\/1"}],"replies":[{"embeddable":true,"href":"https:\/\/info.sadowne.pl\/index.php?rest_route=%2Fwp%2Fv2%2Fcomments&post=18585"}],"version-history":[{"count":1,"href":"https:\/\/info.sadowne.pl\/index.php?rest_route=\/wp\/v2\/posts\/18585\/revisions"}],"predecessor-version":[{"id":18587,"href":"https:\/\/info.sadowne.pl\/index.php?rest_route=\/wp\/v2\/posts\/18585\/revisions\/18587"}],"wp:attachment":[{"href":"https:\/\/info.sadowne.pl\/index.php?rest_route=%2Fwp%2Fv2%2Fmedia&parent=18585"}],"wp:term":[{"taxonomy":"category","embeddable":true,"href":"https:\/\/info.sadowne.pl\/index.php?rest_route=%2Fwp%2Fv2%2Fcategories&post=18585"},{"taxonomy":"post_tag","embeddable":true,"href":"https:\/\/info.sadowne.pl\/index.php?rest_route=%2Fwp%2Fv2%2Ftags&post=18585"}],"curies":[{"name":"wp","href":"https:\/\/api.w.org\/{rel}","templated":true}]}}