{"id":18595,"date":"2018-06-01T14:45:12","date_gmt":"2018-06-01T12:45:12","guid":{"rendered":"http:\/\/info.sadowne.pl\/?p=18595"},"modified":"2018-06-01T14:45:12","modified_gmt":"2018-06-01T12:45:12","slug":"sadowne-ma-zastepce-wojta","status":"publish","type":"post","link":"https:\/\/info.sadowne.pl\/?p=18595","title":{"rendered":"Sadowne ma Zast\u0119pc\u0119 W\u00f3jta"},"content":{"rendered":"<p><strong><img loading=\"lazy\" decoding=\"async\" class=\"alignleft size-full wp-image-9211\" src=\"http:\/\/info.sadowne.pl\/wp-content\/uploads\/2015\/07\/Sadowne-herb.jpg\" alt=\"\" width=\"100\" height=\"143\" \/>Chcia\u0142bym poinformowa\u0107, \u017ce z dniem 1 czerwca 2018 roku powo\u0142a\u0142em Pana Marcina Gr\u0119d\u0119 na stanowisko Zast\u0119pcy W\u00f3jta.<\/strong><!--more--><\/p>\n<p><img loading=\"lazy\" decoding=\"async\" class=\"alignright size-full wp-image-18596\" src=\"http:\/\/info.sadowne.pl\/wp-content\/uploads\/2018\/06\/Gr\u0119da.jpg\" alt=\"\" width=\"167\" height=\"222\" \/>Pan Marcin Gr\u0119da ma 36 lat, jest \u017conaty, ma troje dzieci i pochodzi z \u0141ochowa. Studia uko\u0144czy\u0142 na Uniwersytecie Kardyna\u0142a Stefana Wyszy\u0144skiego w Warszawie uzyskuj\u0105c tytu\u0142 magistra politologii. Od dw\u00f3ch kadencji pe\u0142ni funkcj\u0119 Radnego Rady Miejskiej w \u0141ochowie, a ponadto od 2014 roku jest Przewodnicz\u0105cym Komisji Infrastruktury i Rozwoju Gospodarczego. Kilkunastoletnie do\u015bwiadczenie zawodowe zdobywa\u0142 w firmach prywatnych, a tak\u017ce przez prawie 3 lata pe\u0142ni\u0142 funkcj\u0119 po\u015brednika pracy w Powiatowym Urz\u0119dzie Pracy w W\u0119growie. Dodatkowo Pan Marcin Gr\u0119da posiada bardzo du\u017ce do\u015bwiadczenie w dzia\u0142alno\u015bci organizacji pozarz\u0105dowej, bo prawie 6 lat pe\u0142ni\u0142 funkcj\u0119 prezesa stowarzyszenia. Jest m\u0142ody, ambitny i zwi\u0105zku z du\u017cym do\u015bwiadczeniem w pracy samorz\u0105dowca potrafi dostrzec potrzeby gminy i mieszka\u0144c\u00f3w.<\/p>\n<p>Nowemu Zast\u0119pcy \u017cyczymy wielu sukces\u00f3w, niech wsp\u00f3lna praca przyczyni si\u0119 do rozwoju Gminy Sadowne i s\u0142u\u017cby na rzecz naszej spo\u0142eczno\u015bci. Licz\u0119 na owocn\u0105 wsp\u00f3\u0142prac\u0119.<\/p>\n<p><strong>W\u00f3jt Gminy Sadowne<\/strong><\/p>\n<p><strong>Waldemar Cyran<\/strong><\/p>\n","protected":false},"excerpt":{"rendered":"<p>Chcia\u0142bym poinformowa\u0107, \u017ce z dniem 1 czerwca 2018 roku powo\u0142a\u0142em Pana Marcina Gr\u0119d\u0119 na stanowisko Zast\u0119pcy W\u00f3jta.<\/p>\n","protected":false},"author":1,"featured_media":0,"comment_status":"closed","ping_status":"closed","sticky":false,"template":"","format":"standard","meta":{"footnotes":""},"categories":[5,41],"tags":[2817,142,2816],"class_list":["post-18595","post","type-post","status-publish","format-standard","hentry","category-newsy","category-wiesci-gminne","tag-marcin-greda","tag-urzad-gminy-sadowne","tag-zastepca-wojta-gminy-sadowne"],"views":3946,"_links":{"self":[{"href":"https:\/\/info.sadowne.pl\/index.php?rest_route=\/wp\/v2\/posts\/18595","targetHints":{"allow":["GET"]}}],"collection":[{"href":"https:\/\/info.sadowne.pl\/index.php?rest_route=\/wp\/v2\/posts"}],"about":[{"href":"https:\/\/info.sadowne.pl\/index.php?rest_route=\/wp\/v2\/types\/post"}],"author":[{"embeddable":true,"href":"https:\/\/info.sadowne.pl\/index.php?rest_route=\/wp\/v2\/users\/1"}],"replies":[{"embeddable":true,"href":"https:\/\/info.sadowne.pl\/index.php?rest_route=%2Fwp%2Fv2%2Fcomments&post=18595"}],"version-history":[{"count":1,"href":"https:\/\/info.sadowne.pl\/index.php?rest_route=\/wp\/v2\/posts\/18595\/revisions"}],"predecessor-version":[{"id":18597,"href":"https:\/\/info.sadowne.pl\/index.php?rest_route=\/wp\/v2\/posts\/18595\/revisions\/18597"}],"wp:attachment":[{"href":"https:\/\/info.sadowne.pl\/index.php?rest_route=%2Fwp%2Fv2%2Fmedia&parent=18595"}],"wp:term":[{"taxonomy":"category","embeddable":true,"href":"https:\/\/info.sadowne.pl\/index.php?rest_route=%2Fwp%2Fv2%2Fcategories&post=18595"},{"taxonomy":"post_tag","embeddable":true,"href":"https:\/\/info.sadowne.pl\/index.php?rest_route=%2Fwp%2Fv2%2Ftags&post=18595"}],"curies":[{"name":"wp","href":"https:\/\/api.w.org\/{rel}","templated":true}]}}