{"id":18630,"date":"2018-06-07T20:24:20","date_gmt":"2018-06-07T18:24:20","guid":{"rendered":"http:\/\/info.sadowne.pl\/?p=18630"},"modified":"2018-06-07T20:24:20","modified_gmt":"2018-06-07T18:24:20","slug":"klasa-ii-zsp-w-warszawie","status":"publish","type":"post","link":"https:\/\/info.sadowne.pl\/?p=18630","title":{"rendered":"Klasa II ZSP w Warszawie"},"content":{"rendered":"<p><strong><img loading=\"lazy\" decoding=\"async\" class=\"alignleft size-thumbnail wp-image-18631\" src=\"http:\/\/info.sadowne.pl\/wp-content\/uploads\/2018\/06\/35-180x130.jpg\" alt=\"\" width=\"180\" height=\"130\" \/>Dnia 6 czerwca klasa II Liceum ZSP w Sadownem, wraz ze swoim wychowawc\u0105 oraz p. Miros\u0142aw\u0105 Renik, wybrali si\u0119 do Warszawy<\/strong><!--more--><\/p>\n<p>&#8211; tym razem nie autokarem, a?&#8230; poci\u0105giem &#8211; po Warszawie natomiast poruszali si\u0119 komunikacj\u0105 miejsk\u0105.<\/p>\n<p>Jednym z g\u0142\u00f3wnych punkt\u00f3w naszej wycieczki by\u0142a wizyta w powstaj\u0105cym Muzeum \u017bo\u0142nierzy Wykl\u0119tych i Wi\u0119\u017ani\u00f3w Politycznych PRL.<\/p>\n<p>Siedziba Muzeum to teren by\u0142ego Aresztu \u015aledczego w Warszawie-Mokotowie przy ul. Rakowieckiej 37. Umiejscowienie przysz\u0142ego Muzeum nie jest przypadkowe. Wi\u0119zienie na Rakowieckiej pe\u0142ni\u0142o funkcj\u0119 g\u0142\u00f3wnego wi\u0119zienia politycznego od roku 1945 i przez ca\u0142y okres stalinowski, a byli w nim przetrzymywani najwa\u017cniejsi cz\u0142onkowie podziemia niepodleg\u0142o\u015bciowego. To w\u0142a\u015bnie przy Rakowieckiej wi\u0119ziono gen. Augusta Fieldorfa ps. Nil, pp\u0142k \u0141ukasza Ciepli\u0144skiego ps. P\u0142ug, mjr Zygmunta Szendzielarza ps. \u0141upaszko, mjr Hieronima Dekutowskiego ps. Zapora, rtm Witolda Pileckiego ps. Witold. Poza wojskowymi wi\u0119ziono na Mokotowie r\u00f3wnie\u017c cywili i przedstawicieli ko\u015bcio\u0142a katolickiego, m.in. abp Antoniego Baraniaka. Wi\u0119zienie na Mokotowie nie by\u0142o tylko miejscem odosobnienia, ale r\u00f3wnie\u017c miejscem ka\u017ani, Golgot\u0105 Narodu Polskiego. Na terenie wi\u0119zienia wykonano ponad 350 wyrok\u00f3w \u015bmierci, a liczba os\u00f3b zakatowanych w trakcie \u015bledztwa pozostaje nieznana. Przez kolejne lata trwania systemu komunistycznego przez Rakowieck\u0105 przewin\u0119\u0142y si\u0119 tysi\u0105ce os\u00f3b zatrzymywanych z powod\u00f3w politycznych. W drugiej po\u0142owie lat 80. przy Rakowieckiej wi\u0119ziony by\u0142 m.in. J\u00f3zef Szaniawski, ostatni wi\u0119zie\u0144 polityczny PRL, kt\u00f3ry opu\u015bci\u0142 zak\u0142ad karny w Barczewie dopiero 22 grudnia 1989 r.<\/p>\n<p>Uczniowie mieli okazj\u0119 zobaczy\u0107 m.in. miejsce strace\u0144, gdzie wykonywano wyroki \u015bmierci przez strza\u0142 w\u00a0ty\u0142 g\u0142owy, podziemny korytarz \u0142\u0105cz\u0105cy historyczny pawilon X z\u00a0budynkiem wykorzystywanym przez S\u0142u\u017cb\u0119 Bezpiecze\u0144stwa do\u00a0przes\u0142uchiwania wi\u0119\u017ani\u00f3w tzw. \u201dPa\u0142ac Cud\u00f3w\u201d. Budynek ma trzy pi\u0119tra, do cel wchodzi si\u0119 wprost z blaszanych platform ograniczonych barierkami. Pomi\u0119dzy nimi pusta przestrze\u0144. W powietrzu mi\u0119dzy balustradami Dziesi\u0105tego Pawilonu, wisi\u2026 Matka Boska Cz\u0119stochowska<br \/>\nW jednej z cel ogl\u0105dali\u015bmy karcer, \u201ewydr\u0105\u017con\u0105\u201d w \u015bcianie ciasn\u0105 kom\u00f3rk\u0119, do kt\u00f3rej wpychano wi\u0119\u017ania za kar\u0119. M\u0119k\u0105 by\u0142o tu wszystko: niemo\u017cno\u015b\u0107 wyprostowania si\u0119, kalecz\u0105ca cia\u0142o posadzka, konieczno\u015b\u0107 wypr\u00f3\u017cniania si\u0119 pod siebie. Kiedy wydobyto z takiego karceru majora \u201e\u0141upaszk\u0119\u201d, nie m\u00f3g\u0142 chodzi\u0107.<\/p>\n<p>W czasie wycieczki spacerowali\u015bmy r\u00f3wnie\u017c uliczkami Starego Miasta, zajadali\u015bmy si\u0119 pysznymi goframi, a na relaks w promieniach s\u0142onecznych udali\u015bmy si\u0119 na Pole Mokotowskie. Nie mog\u0142o te\u017c zabrakn\u0105\u0107 wizyty w centrum handlowym Arkadia.<\/p>\n<p><strong>Mariusz W\u00f3jcik<\/strong><\/p>\n<p><span style=\"color: #0000ff;\"><a style=\"color: #0000ff;\" href=\"https:\/\/photos.google.com\/share\/AF1QipNLQM1eHfk_tQfmupDK9ukkpC3sNLvtf7HOf0DZLl5MmHSbmJlRNAuWLDtzuZfzDQ?key=U05QY3djSE42U2dBeE1SRU1pTUpESEE5VXRvcnh3\" target=\"_blank\" rel=\"noopener noreferrer\"><strong>Zdj\u0119cia w galerii Google&gt;&gt;&gt;<\/strong><\/a><\/span><\/p>\n","protected":false},"excerpt":{"rendered":"<p>Dnia 6 czerwca klasa II Liceum ZSP w Sadownem, wraz ze swoim wychowawc\u0105 oraz p. Miros\u0142aw\u0105 Renik, wybrali si\u0119 do Warszawy<\/p>\n","protected":false},"author":1,"featured_media":0,"comment_status":"closed","ping_status":"closed","sticky":false,"template":"","format":"standard","meta":{"footnotes":""},"categories":[5,1752,85],"tags":[1886,1660,182],"class_list":["post-18630","post","type-post","status-publish","format-standard","hentry","category-newsy","category-edukacja","category-zsp","tag-mariusz-wojcik","tag-wycieczka-do-warszawy","tag-zespol-szkol-ponadgimnazjalnych-w-sadownem"],"views":2643,"_links":{"self":[{"href":"https:\/\/info.sadowne.pl\/index.php?rest_route=\/wp\/v2\/posts\/18630","targetHints":{"allow":["GET"]}}],"collection":[{"href":"https:\/\/info.sadowne.pl\/index.php?rest_route=\/wp\/v2\/posts"}],"about":[{"href":"https:\/\/info.sadowne.pl\/index.php?rest_route=\/wp\/v2\/types\/post"}],"author":[{"embeddable":true,"href":"https:\/\/info.sadowne.pl\/index.php?rest_route=\/wp\/v2\/users\/1"}],"replies":[{"embeddable":true,"href":"https:\/\/info.sadowne.pl\/index.php?rest_route=%2Fwp%2Fv2%2Fcomments&post=18630"}],"version-history":[{"count":1,"href":"https:\/\/info.sadowne.pl\/index.php?rest_route=\/wp\/v2\/posts\/18630\/revisions"}],"predecessor-version":[{"id":18632,"href":"https:\/\/info.sadowne.pl\/index.php?rest_route=\/wp\/v2\/posts\/18630\/revisions\/18632"}],"wp:attachment":[{"href":"https:\/\/info.sadowne.pl\/index.php?rest_route=%2Fwp%2Fv2%2Fmedia&parent=18630"}],"wp:term":[{"taxonomy":"category","embeddable":true,"href":"https:\/\/info.sadowne.pl\/index.php?rest_route=%2Fwp%2Fv2%2Fcategories&post=18630"},{"taxonomy":"post_tag","embeddable":true,"href":"https:\/\/info.sadowne.pl\/index.php?rest_route=%2Fwp%2Fv2%2Ftags&post=18630"}],"curies":[{"name":"wp","href":"https:\/\/api.w.org\/{rel}","templated":true}]}}