{"id":18640,"date":"2018-06-09T08:56:43","date_gmt":"2018-06-09T06:56:43","guid":{"rendered":"http:\/\/info.sadowne.pl\/?p=18640"},"modified":"2018-06-09T08:57:32","modified_gmt":"2018-06-09T06:57:32","slug":"nasz-pierwszy-sukces","status":"publish","type":"post","link":"https:\/\/info.sadowne.pl\/?p=18640","title":{"rendered":"NASZ PIERWSZY SUKCES"},"content":{"rendered":"<p><strong><a href=\"http:\/\/info.sadowne.pl\/wp-content\/uploads\/2018\/06\/2018.06.09.1.jpg\" target=\"_blank\" rel=\"noopener noreferrer\"><img loading=\"lazy\" decoding=\"async\" class=\"alignleft wp-image-18641 size-thumbnail\" src=\"http:\/\/info.sadowne.pl\/wp-content\/uploads\/2018\/06\/2018.06.09.1-180x130.jpg\" alt=\"\" width=\"180\" height=\"130\" \/><\/a>8 czerwca 2018 r. na d\u0142ugo pozostanie w pami\u0119ci opiekunki i aktor\u00f3w z Grupy Teatralnej Gminnego O\u015brodka Kultury w Sadownem. <\/strong><!--more--><\/p>\n<p>Ot\u00f3\u017c w tym dniu Grupa bra\u0142a udzia\u0142 w p\u00f3\u0142fina\u0142ach 18. Mazowieckiego Festiwalu Teatr\u00f3w Amatorskich w \u0141ochowie i zdoby\u0142a zaszczytne II miejsce, a co najwa\u017cniejsze bardzo dobre recenzje jury. Podczas tego typu imprez nagrodzeni, odbieraj\u0105c nagrody, dzi\u0119kuj\u0105 wszystkim, kt\u00f3rzy przyczynili si\u0119 do ich sukcesu. My r\u00f3wnie\u017c chcemy to uczyni\u0107. Dzi\u0119kujemy:<\/p>\n<p>&#8211; p. Dyrektor Gminnego O\u015brodka Kultury za zakup stroj\u00f3w dla krasnali,<\/p>\n<p>&#8211; p. Magdzie Zy\u015bk za wykonanie profesjonalnej charakteryzacji aktor\u00f3w, opiek\u0119 nad aktorami i wykonanie fotorelacji z naszego pobytu w \u0141ochowie,<\/p>\n<p>&#8211; p. kierowcy Markowi Rogozi\u0144skiemu, kt\u00f3ry bezpiecznie przewozi\u0142 aktor\u00f3w,<\/p>\n<p>&#8211; rodzicom, kt\u00f3rzy motywowali aktor\u00f3w do powtarzania r\u00f3l,<\/p>\n<p>&#8211; p. S\u0142awkowi Chyli\u0144skiemu, kt\u00f3ry cz\u0119sto promuje nasz\u0105 Grup\u0119,<\/p>\n<p>&#8211; pracownikom MiGOK w \u0141ochowie za mi\u0142e przyj\u0119cie,<\/p>\n<p>&#8211; wszystkim naszym Sympatykom.<\/p>\n<p>Rado\u015b\u0107 nasza by\u0142a ogromna. Drugie miejsce, na 5 zespo\u0142\u00f3w bior\u0105cych udzia\u0142 w Przegl\u0105dzie, to ju\u017c pewien sukces. To nie jedyna mi\u0142a chwila, kt\u00f3r\u0105 prze\u017cyli\u015bmy w tym dniu. Kolejna niespodzianka czeka\u0142a nas w Sadownem, a \u201ezgotowali\u201d j\u0105 nam rodzice i pracownicy GOK-u, kt\u00f3rzy wiwatowali na nasz\u0105 cze\u015b\u0107, obdarzyli nas wielkimi czekoladami, a opiekunce Grupy wr\u0119czyli pi\u0119kne kwiaty i wyrazili podzi\u0119kowania i wyrazy uznania. Chcia\u0142oby si\u0119 powiedzie\u0107 \u201echwilo trwaj!!!\u201d.<\/p>\n<p>Sukces w \u0141ochowie uwie\u0144czy\u0142 nasz\u0105 prac\u0119 w bie\u017c\u0105cym roku szkolnym. Tak, jak wszystkie teatry, my r\u00f3wnie\u017c zawieszamy swoj\u0105 dzia\u0142alno\u015b\u0107 na okres wakacyjny, by od wrze\u015bnia ponownie przyst\u0105pi\u0107 do aktywnej pracy.<\/p>\n<p>Zanim to nast\u0105pi podsumujmy nasze poczynania w bie\u017c\u0105cym roku szkolnym. Wielokrotnie mieli\u015bmy przyjemno\u015b\u0107 prezentowa\u0107 si\u0119 przed lokaln\u0105 publiczno\u015bci\u0105, a by\u0142o to podczas:<\/p>\n<p>&#8211; Maratonu Siatkarskiego \u201eGramy dla Natalki\u201d,<\/p>\n<p>&#8211; spotkania integracyjnego w Z\u0142otkach,<\/p>\n<p>&#8211; Gminnych Obchod\u00f3w DNIA KOBIET,<\/p>\n<p>&#8211; Prezentacji artystycznych k\u00f3\u0142 zainteresowa\u0144 dzia\u0142aj\u0105cych w GOK-u,<\/p>\n<p>&#8211; Festynu Rodzinnego.<\/p>\n<p>Troch\u0119 tego by\u0142o!<\/p>\n<p>Na zako\u0144czenie dzi\u0119kuj\u0119 swoim AKTOROM, kt\u00f3rzy s\u0105 fantastycznymi dzieciakami, a praca z Nimi jest wielk\u0105 przyjemno\u015bci\u0105.<\/p>\n<p><strong><em>Danuta Chyli\u0144ska<\/em><\/strong><\/p>\n<p><span style=\"color: #0000ff;\"><a style=\"color: #0000ff;\" href=\"https:\/\/photos.google.com\/share\/AF1QipN1X1E2yaAaFZ_N-JOctPKr4PFUX6i09Txs9IOCIgpNcUljWPeE3YB_hV2ieo42ow?key=c1hfT19TTk13b1JoVUNQdzJFZzlzeEtkV2JzdE9n\" target=\"_blank\" rel=\"noopener noreferrer\"><strong>Zdj\u0119cia w galerii Google&gt;&gt;&gt;<\/strong><\/a><\/span><\/p>\n","protected":false},"excerpt":{"rendered":"<p>8 czerwca 2018 r. na d\u0142ugo pozostanie w pami\u0119ci opiekunki i aktor\u00f3w z Grupy Teatralnej Gminnego O\u015brodka Kultury w Sadownem.<\/p>\n","protected":false},"author":1,"featured_media":0,"comment_status":"closed","ping_status":"closed","sticky":false,"template":"","format":"standard","meta":{"footnotes":""},"categories":[5,91,6],"tags":[2824,1706,169,2316],"class_list":["post-18640","post","type-post","status-publish","format-standard","hentry","category-newsy","category-gminny-osrodek-kultury","category-kultura-rozrywka-edukacja","tag-18-mazowiecki-festiwal-teatrow-amatorskich","tag-danuta-chylinska","tag-gminny-osrodek-kultury-w-sadownem","tag-grupa-teatralna-gok-sadowne"],"views":2920,"_links":{"self":[{"href":"https:\/\/info.sadowne.pl\/index.php?rest_route=\/wp\/v2\/posts\/18640","targetHints":{"allow":["GET"]}}],"collection":[{"href":"https:\/\/info.sadowne.pl\/index.php?rest_route=\/wp\/v2\/posts"}],"about":[{"href":"https:\/\/info.sadowne.pl\/index.php?rest_route=\/wp\/v2\/types\/post"}],"author":[{"embeddable":true,"href":"https:\/\/info.sadowne.pl\/index.php?rest_route=\/wp\/v2\/users\/1"}],"replies":[{"embeddable":true,"href":"https:\/\/info.sadowne.pl\/index.php?rest_route=%2Fwp%2Fv2%2Fcomments&post=18640"}],"version-history":[{"count":2,"href":"https:\/\/info.sadowne.pl\/index.php?rest_route=\/wp\/v2\/posts\/18640\/revisions"}],"predecessor-version":[{"id":18643,"href":"https:\/\/info.sadowne.pl\/index.php?rest_route=\/wp\/v2\/posts\/18640\/revisions\/18643"}],"wp:attachment":[{"href":"https:\/\/info.sadowne.pl\/index.php?rest_route=%2Fwp%2Fv2%2Fmedia&parent=18640"}],"wp:term":[{"taxonomy":"category","embeddable":true,"href":"https:\/\/info.sadowne.pl\/index.php?rest_route=%2Fwp%2Fv2%2Fcategories&post=18640"},{"taxonomy":"post_tag","embeddable":true,"href":"https:\/\/info.sadowne.pl\/index.php?rest_route=%2Fwp%2Fv2%2Ftags&post=18640"}],"curies":[{"name":"wp","href":"https:\/\/api.w.org\/{rel}","templated":true}]}}