{"id":18685,"date":"2018-06-18T12:55:20","date_gmt":"2018-06-18T10:55:20","guid":{"rendered":"http:\/\/info.sadowne.pl\/?p=18685"},"modified":"2018-06-18T12:55:20","modified_gmt":"2018-06-18T10:55:20","slug":"nauka-nie-pojdzie-w-las","status":"publish","type":"post","link":"https:\/\/info.sadowne.pl\/?p=18685","title":{"rendered":"Nauka nie p\u00f3jdzie w las"},"content":{"rendered":"<p><strong><img loading=\"lazy\" decoding=\"async\" class=\"alignleft size-thumbnail wp-image-18686\" src=\"http:\/\/info.sadowne.pl\/wp-content\/uploads\/2018\/06\/2018.06.18.1-180x130.jpg\" alt=\"\" width=\"180\" height=\"130\" \/>Poniedzia\u0142kowe przedpo\u0142udnie dla zdrowia i poznania swojego otoczenia. Sadowie\u0144skie przedszkolaki poznawa\u0142y le\u015bne tajemnice.<\/strong><!--more--><\/p>\n<p>18 czerwca dzieciaki z Przedszkola w Sadownem ze swoimi wychowawczyniami odwiedzi\u0142y siedzib\u0119 Le\u015bnictwa Sadowne, a powitali ich tu panowie: Wojciech Zakrzewski i Rados\u0142aw Molski.<\/p>\n<p>Nie by\u0142y to zwyczajne odwiedziny, a powi\u0105zane z poznawaniem lasu i le\u015bnych zwierz\u0105t. Dzieciaki ruszy\u0142y ze swoimi przewodnikami \u015bcie\u017ck\u0105 edukacyjn\u0105 po obrze\u017cu lasu Jegiel, a g\u0142\u00f3wne has\u0142o tej w\u0119dr\u00f3wki brzmia\u0142o: \u201ePoznajemy mieszka\u0144c\u00f3w lasu\u201d. \u00a0I faktycznie poznawali, a raczej rozpoznawali, bo jak si\u0119 okazuje, dzieciaki \u015bwietnie znaj\u0105 zwierz\u0119ta \u017cyj\u0105ce w naszych lasach. Spotykane co chwil\u0119 na trakcie nowe zwierz\u0105tka wywo\u0142ywa\u0142y wiele rado\u015bci i u\u015bmiechu na twarzach przedszkolak\u00f3w, a jak jeszcze panowie le\u015bniczy dodali do tego ciekawe opowie\u015bci z \u017cycia zwierzak\u00f3w i lasu, to ju\u017c by\u0142 szczyt oczekiwa\u0144 i zadowolenia.<\/p>\n<p>Sarny, dziki, lisy\u2026 ale te\u017c mr\u00f3wki, pszczo\u0142y i inne le\u015bne \u017cyj\u0105tka. Wszystko to wzbudza\u0142o du\u017ce zainteresowanie, a droga szybko mija\u0142a i dzieciaki wkr\u00f3tce dotar\u0142y do polany Ko\u0142a \u0141owieckiego \u015bw. Huberta, gdzie przygotowano dla nich pieczone kie\u0142baski. Wzmocnione posi\u0142kiem ochoczo bra\u0142y udzia\u0142 w dalszym poznaniu le\u015bnego \u015brodowiska oraz mini zawodach, w kt\u00f3rych wszyscy byli wygranymi i wszyscy otrzymywali medale dla zwyci\u0119zc\u00f3w. A dla Pan\u00f3w Le\u015bniczych \u2013 przekazano specjalne podzi\u0119kowania za przygotowanie i przeprowadzenie wspania\u0142ej lekcji i innych atrakcji, kt\u00f3re dzieciaki zapami\u0119taj\u0105 na d\u0142ugo.<\/p>\n<p>Po udanej wycieczce, z kt\u00f3rej nauka na pewno \u201enie p\u00f3jdzie w las\u201d, czas jednak po\u017cegna\u0107 przewodnik\u00f3w, las i wraca\u0107 do przedszkolnych zaj\u0119\u0107.<\/p>\n<p><span style=\"color: #0000ff;\"><a style=\"color: #0000ff;\" href=\"https:\/\/photos.google.com\/share\/AF1QipM_gtg6nyKMUabb_L20tFsXuufg3WsetoK7fPIEMEBJLdz-MeqDzBKkAs9VFDCzYg?key=U2tkMkVZV0FXRGExM0M2dkNiYm85aFBwVUJUTTdR\" target=\"_blank\" rel=\"noopener noreferrer\"><strong>Zdj\u0119cia w galerii Google&gt;&gt;&gt;<\/strong><\/a><\/span><\/p>\n<p><strong>Tekst\/foto:<\/strong> S\u0142awek Chyli\u0144ski<\/p>\n","protected":false},"excerpt":{"rendered":"<p>Poniedzia\u0142kowe przedpo\u0142udnie dla zdrowia i poznania swojego otoczenia. Sadowie\u0144skie przedszkolaki poznawa\u0142y le\u015bne tajemnice.<\/p>\n","protected":false},"author":1,"featured_media":0,"comment_status":"closed","ping_status":"closed","sticky":false,"template":"","format":"standard","meta":{"footnotes":""},"categories":[5,1752,561],"tags":[2286,2834],"class_list":["post-18685","post","type-post","status-publish","format-standard","hentry","category-newsy","category-edukacja","category-przedszkole-w-sadownem","tag-przedszkole-w-sadownem","tag-wycieczka-do-lasu"],"views":3486,"_links":{"self":[{"href":"https:\/\/info.sadowne.pl\/index.php?rest_route=\/wp\/v2\/posts\/18685","targetHints":{"allow":["GET"]}}],"collection":[{"href":"https:\/\/info.sadowne.pl\/index.php?rest_route=\/wp\/v2\/posts"}],"about":[{"href":"https:\/\/info.sadowne.pl\/index.php?rest_route=\/wp\/v2\/types\/post"}],"author":[{"embeddable":true,"href":"https:\/\/info.sadowne.pl\/index.php?rest_route=\/wp\/v2\/users\/1"}],"replies":[{"embeddable":true,"href":"https:\/\/info.sadowne.pl\/index.php?rest_route=%2Fwp%2Fv2%2Fcomments&post=18685"}],"version-history":[{"count":1,"href":"https:\/\/info.sadowne.pl\/index.php?rest_route=\/wp\/v2\/posts\/18685\/revisions"}],"predecessor-version":[{"id":18687,"href":"https:\/\/info.sadowne.pl\/index.php?rest_route=\/wp\/v2\/posts\/18685\/revisions\/18687"}],"wp:attachment":[{"href":"https:\/\/info.sadowne.pl\/index.php?rest_route=%2Fwp%2Fv2%2Fmedia&parent=18685"}],"wp:term":[{"taxonomy":"category","embeddable":true,"href":"https:\/\/info.sadowne.pl\/index.php?rest_route=%2Fwp%2Fv2%2Fcategories&post=18685"},{"taxonomy":"post_tag","embeddable":true,"href":"https:\/\/info.sadowne.pl\/index.php?rest_route=%2Fwp%2Fv2%2Ftags&post=18685"}],"curies":[{"name":"wp","href":"https:\/\/api.w.org\/{rel}","templated":true}]}}