{"id":18691,"date":"2018-06-19T19:41:47","date_gmt":"2018-06-19T17:41:47","guid":{"rendered":"http:\/\/info.sadowne.pl\/?p=18691"},"modified":"2018-06-19T19:41:47","modified_gmt":"2018-06-19T17:41:47","slug":"kolo-muzyczne-podsumowalo","status":"publish","type":"post","link":"https:\/\/info.sadowne.pl\/?p=18691","title":{"rendered":"Ko\u0142o muzyczne podsumowa\u0142o!"},"content":{"rendered":"<p><strong><img loading=\"lazy\" decoding=\"async\" class=\"alignleft size-thumbnail wp-image-18692\" src=\"http:\/\/info.sadowne.pl\/wp-content\/uploads\/2018\/06\/2018.06.19.1-180x130.jpg\" alt=\"\" width=\"180\" height=\"130\" \/>19 czerwca w Gminnym O\u015brodku Kultury w Sadownem odby\u0142o si\u0119 kolejne spotkanie z cyklu \u201ePrezentacje artystyczne\u201d. Tym razem swoje umiej\u0119tno\u015bci prezentowali cz\u0142onkowie Ko\u0142a muzycznego.<\/strong><!--more--><\/p>\n<p>Rok zaj\u0119\u0107, rok nauki i podnoszenia umiej\u0119tno\u015bci gry na instrumentach. Wraz z zako\u0144czeniem obecnego roku szkolnego zawieszone zostaj\u0105 r\u00f3wnie\u017c zaj\u0119cia sta\u0142e w Gminnym O\u015brodku Kultury, ale jest to te\u017c dobry czas podsumowa\u0144 i zaprezentowania nabytych umiej\u0119tno\u015bci. Tym razem przed liczn\u0105 widowni\u0105 wyst\u0105pili uczestnicy zaj\u0119\u0107 muzycznych, kt\u00f3re w GOK prowadzi instruktor \u2013 p. Ewa Jakubik.<\/p>\n<p>Opis psuj\u0105 nam troch\u0119 nowe przepisy RODO, ale c\u00f3\u017c\u2026 Prezentacj\u0119 rozpocz\u0119li klawiszowcy: Iza, Krzysiek, Wiktoria i Julia, prezentuj\u0105c po dwa znane utwory, cho\u0107by \u201eSoko\u0142y\u201d, \u201eP\u0142ynie Wis\u0142a, p\u0142ynie\u201d czy \u201eP\u0142onie ognisko i szumi\u0105 knieje\u201d. Po nich nowo\u015b\u0107: prezentacja instrumentalno \u2013 wokalna, podczas kt\u00f3rej Kinga, Oliwia i Magda na gitarach akompaniowa\u0142y wokalistce \u2013 Natalii do kilku utwor\u00f3w, np.: \u201eHarcerskie idea\u0142y\u201d, \u201eMia\u0142 raz tata grata fiata\u201d czy \u201eBudujemy \u0142\u00f3d\u017a\u201d.<\/p>\n<p>Grupa najstarsza to ju\u017c \u015bwietna gra gitarowa Beaty, wspomaganej przez p. Ew\u0119 i \u015bpiew Agnieszki, Izy, Wiktorii i Zuzi.<\/p>\n<p>A na koniec \u2013 podsumowuj\u0105cy wyst\u0119p wokalno \u2013 instrumentalny.\u00a0 Na gitarach wsp\u00f3lnie zagra\u0142y: Weronika, Wiktoria, Julia, Maja, Michalina, Zuzanna, Zuzanna, Natalia, Emilia, Aleksandra i Wiktoria. Widownia us\u0142ysza\u0142a melodie utwor\u00f3w: \u201eNie chc\u0119 ci\u0119 obchodzi\u0107\u201d, \u201eDni, kt\u00f3rych nie znamy\u201d, \u201eW\u0119dr\u00f3wk\u0105 \u017cycie jest cz\u0142owieka\u201d, \u201eLec\u0119 tam\u201d, \u201eAle to ju\u017c by\u0142o\u201d, \u201eBiegnij przed siebie\u201d i \u201eAlleluja\u201d. Do melodii by\u0142 te\u017c wokal i oczywi\u015bcie w \u015bwietnym wykonaniu\u2026 Agnieszki, Zuzi, Izy i Wiktorii.<\/p>\n<p>A\u017c szkoda, \u017ce to ju\u017c podsumowanie. To by\u0142 \u015bwietny koncert \u2013 brawa dla wykonawc\u00f3w i p. Ewy, kt\u00f3ra z nimi pracuje. Naprawd\u0119 wida\u0107 post\u0119py w umiej\u0119tno\u015bciach cz\u0142onk\u00f3w Ko\u0142a muzycznego.<\/p>\n<p>Dzi\u0119kujemy za ten wyst\u0119p wykonawcom, a tak\u017ce publiczno\u015bci za przybycie. Szkoda tylko, \u017ce tym razem tatusiowie nie dopisali, ale c\u00f3\u017c \u2013 chyba niedogodna godzina tej prezentacji. A tak przy okazji \u2013 mo\u017ce lepiej by\u0142o obejrze\u0107 ten koncert, ni\u017c doznawa\u0107 nieprzyjemnych emocji?<\/p>\n<p><span style=\"color: #0000ff;\"><a style=\"color: #0000ff;\" href=\"https:\/\/photos.google.com\/share\/AF1QipOu8gKaJViLO2KV1T3O2Iw4ifrXJKebuqhc1iyJvr9INCSG_3pHOc58CvbRDXth6g?key=TGlPbGN3XzdiOHQ2NlUtZmlMN012c25RTGxZV2hR\" target=\"_blank\" rel=\"noopener noreferrer\"><strong>Zdj\u0119cia w galerii Google&gt;&gt;&gt;<\/strong><\/a><\/span><\/p>\n<p><strong>Tekst\/foto:<\/strong> S\u0142awek Chyli\u0144ski<\/p>\n","protected":false},"excerpt":{"rendered":"<p>19 czerwca w Gminnym O\u015brodku Kultury w Sadownem odby\u0142o si\u0119 kolejne spotkanie z cyklu \u201ePrezentacje artystyczne\u201d. Tym razem swoje umiej\u0119tno\u015bci prezentowali cz\u0142onkowie Ko\u0142a muzycznego.<\/p>\n","protected":false},"author":1,"featured_media":0,"comment_status":"closed","ping_status":"closed","sticky":false,"template":"","format":"standard","meta":{"footnotes":""},"categories":[5,91,6],"tags":[212,169,213,2290],"class_list":["post-18691","post","type-post","status-publish","format-standard","hentry","category-newsy","category-gminny-osrodek-kultury","category-kultura-rozrywka-edukacja","tag-ewa-jakubik","tag-gminny-osrodek-kultury-w-sadownem","tag-koncert-kola-muzycznego-w-sadownem","tag-spotkanie-z-cyklu-prezentacje-artystyczne-w-sadownem"],"views":2401,"_links":{"self":[{"href":"https:\/\/info.sadowne.pl\/index.php?rest_route=\/wp\/v2\/posts\/18691","targetHints":{"allow":["GET"]}}],"collection":[{"href":"https:\/\/info.sadowne.pl\/index.php?rest_route=\/wp\/v2\/posts"}],"about":[{"href":"https:\/\/info.sadowne.pl\/index.php?rest_route=\/wp\/v2\/types\/post"}],"author":[{"embeddable":true,"href":"https:\/\/info.sadowne.pl\/index.php?rest_route=\/wp\/v2\/users\/1"}],"replies":[{"embeddable":true,"href":"https:\/\/info.sadowne.pl\/index.php?rest_route=%2Fwp%2Fv2%2Fcomments&post=18691"}],"version-history":[{"count":1,"href":"https:\/\/info.sadowne.pl\/index.php?rest_route=\/wp\/v2\/posts\/18691\/revisions"}],"predecessor-version":[{"id":18693,"href":"https:\/\/info.sadowne.pl\/index.php?rest_route=\/wp\/v2\/posts\/18691\/revisions\/18693"}],"wp:attachment":[{"href":"https:\/\/info.sadowne.pl\/index.php?rest_route=%2Fwp%2Fv2%2Fmedia&parent=18691"}],"wp:term":[{"taxonomy":"category","embeddable":true,"href":"https:\/\/info.sadowne.pl\/index.php?rest_route=%2Fwp%2Fv2%2Fcategories&post=18691"},{"taxonomy":"post_tag","embeddable":true,"href":"https:\/\/info.sadowne.pl\/index.php?rest_route=%2Fwp%2Fv2%2Ftags&post=18691"}],"curies":[{"name":"wp","href":"https:\/\/api.w.org\/{rel}","templated":true}]}}