{"id":18706,"date":"2018-06-22T17:13:50","date_gmt":"2018-06-22T15:13:50","guid":{"rendered":"http:\/\/info.sadowne.pl\/?p=18706"},"modified":"2018-06-22T17:13:50","modified_gmt":"2018-06-22T15:13:50","slug":"wakacje-i-juz","status":"publish","type":"post","link":"https:\/\/info.sadowne.pl\/?p=18706","title":{"rendered":"Wakacje i ju\u017c!"},"content":{"rendered":"<p><strong><img loading=\"lazy\" decoding=\"async\" class=\"alignleft size-thumbnail wp-image-18707\" src=\"http:\/\/info.sadowne.pl\/wp-content\/uploads\/2018\/06\/2018.06.22.1-180x130.jpg\" alt=\"\" width=\"180\" height=\"130\" \/>&#8211; Nareszcie wakacje \u2013 da\u0142o si\u0119 s\u0142ysze\u0107 na korytarzach sadowie\u0144skiego kompleksu szkolnego.<\/strong><!--more--><\/p>\n<p>Od samego rana 22 czerwca swoje uroczysto\u015bci inauguruj\u0105ce rok szkolny przeprowadza\u0142y: Szko\u0142a Podstawowa i Gimnazjum w Sadownem \u2013 jako ostatni, uczni\u00f3w na zas\u0142u\u017cony wypoczynek wys\u0142a\u0142 Zesp\u00f3\u0142 Szk\u00f3\u0142 Ponadgimnazjalnych.<\/p>\n<p>W sali gimnastycznej, po raz ostatni w tym roku szkolnym, powita\u0142 uczni\u00f3w i go\u015bci Dyrektor ZSP w Sadownem p. S\u0142awomir Ryszawa. W swoim podsumowaniu rocznego okresu nauki podzi\u0119kowa\u0142 uczniom za osi\u0105gni\u0119te wyniki w nauce i zaanga\u017cowanie w \u017cycie szko\u0142y nie tylko na gruncie lokalnym, ale te\u017c promuj\u0105ce plac\u00f3wk\u0119 na terenie kraju poprzez udzia\u0142 i zdobywanie czo\u0142owych miejsc w konkursach, zwodach czy turniejach. Przytoczone przyk\u0142ady osi\u0105ganych wynik\u00f3w przez uczni\u00f3w Liceum Og\u00f3lnokszta\u0142c\u0105cego, Technikum \u017bywienia i Us\u0142ug Gastronomicznych i Szko\u0142y Bran\u017cowej s\u0105 naprawd\u0119 buduj\u0105ce.<\/p>\n<p>Cz\u0119\u015b\u0107 oficjalna to r\u00f3wnie\u017c wyr\u00f3\u017cnienia indywidualne, kt\u00f3re uczniowie otrzymali z ramienia Starostwa Powiatowego w W\u0119growie, jak r\u00f3wnie\u017c od Dyrektora Szko\u0142y oraz pedagog\u00f3w nadzoruj\u0105cych poszczeg\u00f3lne dziedziny dzia\u0142a\u0144 prowadzonych w ZSP. G\u0142\u00f3wne wyr\u00f3\u017cnienia to oczywi\u015bcie wysoka \u015brednia osi\u0105gana przez uczni\u00f3w i tych nagrodzono w pierwszej kolejno\u015bci, ale nie zapomniano o pozosta\u0142ych, kt\u00f3rzy byli finalistami konkurs\u00f3w, swoim zaanga\u017cowaniem wzmacniali dzia\u0142alno\u015b\u0107 np. szkolnego zespo\u0142u tanecznego, szkolnego ko\u0142a wolontariatu czy te\u017c czytelnictwa w swojej szkole.<\/p>\n<p>Jak podkre\u015bli\u0142 p. Dyrektor Ryszawa, nale\u017cy optymistycznie spojrze\u0107 na dalsze funkcjonowanie Zespo\u0142u Szk\u00f3\u0142 Ponadgimnazjalnych w Sadownem, rok szkolny zako\u0144czono z wynikiem pozytywnym, a wi\u0119c\u2026 spokojnie mo\u017cna rozpocz\u0105\u0107 wakacje. Tu\u017c po rozdaniu \u015bwiadectw w klasach, na korytarzach szkolnych da\u0142o si\u0119 tylko s\u0142ysze\u0107: Nareszcie wakacje! Wakacje i ju\u017c!<\/p>\n<p>Powodzenia moi drodzy, wypoczywajcie, bo ju\u017c 3 wrze\u015bnia znowu si\u0119 spotykamy!<\/p>\n<p><span style=\"color: #0000ff;\"><a style=\"color: #0000ff;\" href=\"https:\/\/photos.google.com\/share\/AF1QipMN1Khij1xFfOi3pioMrpI1Rr0WTkBnqh2k2e-PF7gxm-HClPiwMagtXypK8qivdg?key=R1ZZQWhSMDNFYUQyNkQ4eE8xbDJTOW9sQS1RV21n\" target=\"_blank\" rel=\"noopener noreferrer\"><strong>Zdj\u0119cia w galerii Google&gt;&gt;&gt;<\/strong><\/a><\/span><\/p>\n<p><strong>Tekst\/foto: <\/strong>S\u0142awek Chyli\u0144ski<\/p>\n","protected":false},"excerpt":{"rendered":"<p>&#8211; Nareszcie wakacje \u2013 da\u0142o si\u0119 s\u0142ysze\u0107 na korytarzach sadowie\u0144skiego kompleksu szkolnego.<\/p>\n","protected":false},"author":1,"featured_media":0,"comment_status":"closed","ping_status":"closed","sticky":false,"template":"","format":"standard","meta":{"footnotes":""},"categories":[5,1752,85],"tags":[255,2837,182],"class_list":["post-18706","post","type-post","status-publish","format-standard","hentry","category-newsy","category-edukacja","category-zsp","tag-slawomir-ryszawa","tag-zakonczenie-roku-szkolnego-w-zsp-sadowne","tag-zespol-szkol-ponadgimnazjalnych-w-sadownem"],"views":3392,"_links":{"self":[{"href":"https:\/\/info.sadowne.pl\/index.php?rest_route=\/wp\/v2\/posts\/18706","targetHints":{"allow":["GET"]}}],"collection":[{"href":"https:\/\/info.sadowne.pl\/index.php?rest_route=\/wp\/v2\/posts"}],"about":[{"href":"https:\/\/info.sadowne.pl\/index.php?rest_route=\/wp\/v2\/types\/post"}],"author":[{"embeddable":true,"href":"https:\/\/info.sadowne.pl\/index.php?rest_route=\/wp\/v2\/users\/1"}],"replies":[{"embeddable":true,"href":"https:\/\/info.sadowne.pl\/index.php?rest_route=%2Fwp%2Fv2%2Fcomments&post=18706"}],"version-history":[{"count":1,"href":"https:\/\/info.sadowne.pl\/index.php?rest_route=\/wp\/v2\/posts\/18706\/revisions"}],"predecessor-version":[{"id":18708,"href":"https:\/\/info.sadowne.pl\/index.php?rest_route=\/wp\/v2\/posts\/18706\/revisions\/18708"}],"wp:attachment":[{"href":"https:\/\/info.sadowne.pl\/index.php?rest_route=%2Fwp%2Fv2%2Fmedia&parent=18706"}],"wp:term":[{"taxonomy":"category","embeddable":true,"href":"https:\/\/info.sadowne.pl\/index.php?rest_route=%2Fwp%2Fv2%2Fcategories&post=18706"},{"taxonomy":"post_tag","embeddable":true,"href":"https:\/\/info.sadowne.pl\/index.php?rest_route=%2Fwp%2Fv2%2Ftags&post=18706"}],"curies":[{"name":"wp","href":"https:\/\/api.w.org\/{rel}","templated":true}]}}