{"id":18790,"date":"2018-07-08T19:05:47","date_gmt":"2018-07-08T17:05:47","guid":{"rendered":"http:\/\/info.sadowne.pl\/?p=18790"},"modified":"2021-09-01T21:15:51","modified_gmt":"2021-09-01T19:15:51","slug":"swieto-biegowe-w-sadownem","status":"publish","type":"post","link":"https:\/\/info.sadowne.pl\/?p=18790","title":{"rendered":"\u015awi\u0119to biegowe w Sadownem"},"content":{"rendered":"<p><strong><img loading=\"lazy\" decoding=\"async\" class=\"alignleft size-thumbnail wp-image-18791\" src=\"http:\/\/info.sadowne.pl\/wp-content\/uploads\/2018\/07\/2018.07.08.1-180x130.jpg\" alt=\"\" width=\"180\" height=\"130\" \/>Patron V Biegu w Sadownem by\u0142by zadowolony. Zainteresowanie imprez\u0105 sportow\u0105 ku czci b\u0142. E. Grzyma\u0142y przekroczy\u0142o oczekiwania Organizator\u00f3w, a Bieg wygra\u0142 p. Tomasz Lipiec z czasem 00:36:39.20.<\/strong><!--more--><\/p>\n<p>8 lipca ju\u017c po raz pi\u0105ty odby\u0142 si\u0119 Bieg ku czci b\u0142. Edwarda Grzyma\u0142y, ale Organizatorzy postanowili te\u017c uatrakcyjni\u0107 go, w\u0142\u0105czaj\u0105c do harmonogramu Marsz Nordic Walking. Zainteresowanie t\u0105 imprez\u0105 sportow\u0105 przekroczy\u0142o naj\u015bmielsze ich oczekiwania, a skutkowa\u0142o to zwi\u0119kszeniem limitu jej uczestnik\u00f3w. Ostatecznie na starcie do dziewi\u0119ciokilometrowego marszu stan\u0119\u0142o 36. zawodnik\u00f3w, a na d\u0142u\u017csz\u0105 o kilometr tras\u0119 biegu wyruszy\u0142o 104. mi\u0142o\u015bnik\u00f3w biegania, w\u015br\u00f3d kt\u00f3rych, jak wynika z listy startowej, swoj\u0105 kondycj\u0119 sprawdzali mieszka\u0144cy praktycznie wszystkich region\u00f3w Polski, r\u00f3wnie\u017c osoby, kt\u00f3re znane nam s\u0105 z og\u00f3lnopolskich medi\u00f3w.<\/p>\n<p>Warto te\u017c przypomnie\u0107, \u017ce rejestracj\u0105 i systemem elektronicznego pomiaru czasu podczas zawod\u00f3w zajmowa\u0142a si\u0119 znana ju\u017c nam firma Chiptiming, na stronie kt\u00f3rej mo\u017cemy znale\u017a\u0107 list\u0119 zawodnik\u00f3w i ostateczn\u0105 klasyfikacj\u0119 zawod\u00f3w.<\/p>\n<p><strong>Troch\u0119 informacji o zawodach\u2026<\/strong><\/p>\n<p>G\u0142\u00f3wnym celem tej imprezy by\u0142o przybli\u017cenie uczestnikom postaci zamordowanego przez hitlerowc\u00f3w b\u0142ogos\u0142awionego ksi\u0119dza doktora Edwarda Grzyma\u0142y, kt\u00f3ry urodzi\u0142 si\u0119 w Ko\u0142odzi\u0105\u017cu, w miejscu usytuowanym w \u015brodkowej cz\u0119\u015bci trasy, ale te\u017c propagowanie zdrowego trybu \u017cycia w\u015br\u00f3d lokalnej spo\u0142eczno\u015bci, popularyzacja biegania i marszu nordic walking, jako najprostszych form rekreacji fizycznej oraz promocja Sadownego i Gminy Sadowne, jako miejsc atrakcyjnych dla zdrowego wypoczynku.<\/p>\n<p>Organizatorami Biegu &#8211; tak, jak w poprzednich jego edycjach &#8211; byli: Klub Sportowy \u201eWicher\u201d Sadowne, Urz\u0105d Gminy Sadowne, Gminny O\u015brodek Kultury w Sadownem i Nadle\u015bnictwo w \u0141ochowie, a patronat medialny nad imprez\u0105 sprawowa\u0142 Portal INFO Sadowne.<\/p>\n<p>Impreza odby\u0142a si\u0119 8 lipca 2018 roku w Sadownem. Start: marsz o godz. 11.00, bieg o godz. 11.10. Start i meta zosta\u0142y usytuowane na polanie le\u015bnej przy wiacie Ko\u0142a \u0141owieckiego \u201e\u015bw. Huberta\u201d. Bieg i marsz zosta\u0142y przeprowadzone w ca\u0142o\u015bci duktami le\u015bnymi lasu \u201eJegiel\u201d, na trasie o pod\u0142o\u017cu \u017cwirowo -piaszczystym do miejsca urodzin b\u0142. Edwarda Grzyma\u0142y i z powrotem.<\/p>\n<p><strong>I podsumowanie\u2026<\/strong><\/p>\n<p>Przed rozpocz\u0119ciem zawod\u00f3w przedstawiciele Organizator\u00f3w upami\u0119tnili zapaleniem symbolicznych zniczy: Patrona Biegu b\u0142. Edwarda Grzyma\u0142\u0119 w miejscu jego urodzin, a tak\u017ce pomordowanych przez hitlerowc\u00f3w w czasie II wojny \u015bwiatowej mieszka\u0144c\u00f3w Gminy Sadowne narodowo\u015bci \u017cydowskiej i polskiej, pogrzebanych na tzw. Majdanie.<\/p>\n<p>Pogoda w niedziel\u0119 dopisywa\u0142a, widoki wok\u00f3\u0142 przepi\u0119kne, humory zawodnik\u00f3w i Organizator\u00f3w bez zastrze\u017ce\u0144 i c\u00f3\u017c\u2026 pozosta\u0142a wsp\u00f3lna rozgrzewka i oficjalne otwarcie zawod\u00f3w przez Organizator\u00f3w: p. Nadle\u015bniczego Nadle\u015bnictwa \u0141och\u00f3w Jerzego Derlickiego, p. Wicew\u00f3jta Gminy Sadowne Marcina Gr\u0119d\u0119 i przedstawiciela KS WICHER, jednocze\u015bnie prowadz\u0105cego zawody \u2013 p. Tadeusza Danaja.<\/p>\n<p>Start \u2013 na pocz\u0105tek ruszyli zawodnicy nordic walking, a po kilku minutach biegacze. Nast\u0119pnie\u2026 zmagania na trasie, rywalizacja, czas i bicie rekord\u00f3w. Jako pierwszy lini\u0119 mety po przekroczy\u0142 biegacz p. Tomasz Lipiec, kt\u00f3rego wszyscy kojarz\u0105 z olimpijskich sukces\u00f3w sportowych i politycznych\u2026 jako ministra sportu w jednym z poprzednich rz\u0105d\u00f3w. W\u015br\u00f3d zawodnik\u00f3w nordic walking najszybszym okaza\u0142 si\u0119 p. Tomasz Ko\u015bcielny.<\/p>\n<p>Po biegu i marszu pozosta\u0142o ju\u017c tylko podsumowanie i uhonorowanie zawodnik\u00f3w \u2013 wszystkich medalami pami\u0105tkowymi, kt\u00f3re przygotowa\u0142a Pracownia Ceramiki Gminnego O\u015brodka Kultury w Sadownem, a najlepszych w klasyfikacjach open i wiekowych pucharami, kt\u00f3re wr\u0119czyli przedstawiciele Organizator\u00f3w i instytucji wspieraj\u0105cych sadowie\u0144ski sport, m.in.: p. El\u017cbieta Lanc, p. Bogus\u0142aw Pi\u0105tek, p. Marcin Gr\u0119da, p. Ewa Pi\u00f3rkowska, p. Karol Pakie\u0142a\u2026<\/p>\n<p><strong>A oto klasyfikacja najlepszych zawodnik\u00f3w:<\/strong><\/p>\n<p><span style=\"color: #ff0000;\"><strong>BIEG \u2013 10 km<\/strong><\/span><\/p>\n<p><strong>KOBIETY<\/strong><\/p>\n<p><strong>Klasyfikacja open:<\/strong><\/p>\n<p>I miejsce \u2013 Anna Kesler, 00:45:19.79<\/p>\n<p>II miejsce \u2013 Magda Wysocka, 00:48:07.09<\/p>\n<p>III miejsce \u2013 Agnieszka Brogowicz St\u0119pniewska, 00:50:24.04<\/p>\n<p><strong>Klasyfikacja wiekowa 16 \u2013 29 lat<\/strong><\/p>\n<p>I miejsce \u2013 Magda Wysocka, 00:48:07.09<\/p>\n<p>II miejsce \u2013 Olga Malik, 00:56:38.54<\/p>\n<p>III miejsce \u2013 Zuzanna Sk\u0142adanek, 01:10:30.71<\/p>\n<p><strong>Klasyfikacja wiekowa 30 \u2013 45 lat<\/strong><\/p>\n<p>I miejsce \u2013 Anna Kesler, 00:45:19.79<\/p>\n<p>II miejsce \u2013 Agnieszka Brogowicz St\u0119pniewska, 00:50:24.04<\/p>\n<p>III miejsce \u2013 Agata Isasi-Kuran, 00:52:09.71<\/p>\n<p><strong>Klasyfikacja wiekowa powy\u017cej 45 lat<\/strong><\/p>\n<p>I miejsce \u2013 Wies\u0142awa Grala-M\u0105ka, 00:54:19.85<\/p>\n<p>II miejsce \u2013 Edyta Kruk, 00:54:56.41<\/p>\n<p>III miejsce \u2013 Gra\u017cyna Marczak, 00:59:04.37<\/p>\n<p><strong>M\u0118ZCZY\u0179NI<\/strong><\/p>\n<p><strong>Klasyfikacja open:<\/strong><\/p>\n<p>I miejsce \u2013 Tomasz Lipiec, 00:36:39.20<\/p>\n<p>II miejsce \u2013 Daniel Chojecki, 00:37:01.02<\/p>\n<p>III miejsce \u2013 Kamil Skorupa, 00:37:26.17<\/p>\n<p><strong>Klasyfikacja wiekowa 16 \u2013 29 lat<\/strong><\/p>\n<p>I miejsce \u2013 Daniel Chojecki, 00:37:01.02<\/p>\n<p>II miejsce \u2013 Kamil Skorupa, 00:37:26.17<\/p>\n<p>III miejsce \u2013 Pawe\u0142 Nowak, 00:40:46.25<\/p>\n<p><strong>Klasyfikacja wiekowa 30 \u2013 45 lat<\/strong><\/p>\n<p>I miejsce \u2013 Wojciech Skory, 00:37:46.07<\/p>\n<p>II miejsce \u2013 Arkadiusz Szczotka, 00:38:01.33<\/p>\n<p>III miejsce \u2013 Daniel Juniewicz, 00:40:26.69<\/p>\n<p><strong>Klasyfikacja wiekowa powy\u017cej 45 lat<\/strong><\/p>\n<p>I miejsce \u2013 Tomasz Lipiec, 00:36:39.20<\/p>\n<p>II miejsce \u2013 S\u0142awomir M\u0105ka, 00:41:09.30<\/p>\n<p>III miejsce \u2013 Rafa\u0142 K\u0142osi\u0144ski, 00:44:22.65<\/p>\n<p><span style=\"color: #ff0000;\"><strong>MARSZ NORDIC WALKING \u2013 ok. 9 km<\/strong><\/span><\/p>\n<p><strong>KOBIETY<\/strong><\/p>\n<p><strong>Klasyfikacja open:<\/strong><\/p>\n<p>I miejsce \u2013 Jolanta Zapa\u0142owska, 00:59:01.99<\/p>\n<p>II miejsce \u2013 Monika Matyszczak, 01:04:06.84<\/p>\n<p>III miejsce \u2013 Agnieszka Szczepaniak, 01:06:06.97<\/p>\n<p><strong>Klasyfikacja wiekowa 16 \u2013 45 lat<\/strong><\/p>\n<p>I miejsce \u2013 Monika Matyszczak, 01:04:06.84<\/p>\n<p>II miejsce \u2013 Agnieszka Szczepaniak, 01:06:06.97<\/p>\n<p>III miejsce \u2013 Dorota Staniak, 01:06:07.55<\/p>\n<p><strong>Klasyfikacja wiekowa powy\u017cej 45 lat<\/strong><\/p>\n<p>I miejsce \u2013 Jolanta Zapa\u0142owska, 00:59:01.99<\/p>\n<p>II miejsce \u2013 Beata Pieni\u0105\u017cek-Redli\u0144ska, 01:08:45.27<\/p>\n<p>III miejsce \u2013 Dorota D\u0105bkowska, 01:08:48.67<\/p>\n<p><strong>M\u0118ZCZY\u0179NI<\/strong><\/p>\n<p><strong>Klasyfikacja open:<\/strong><\/p>\n<p>I miejsce \u2013 Tomasz Ko\u015bcielny, 00:53:15.82<\/p>\n<p>II miejsce \u2013 Marcin Tomczak, 00:53:26.57<\/p>\n<p>III miejsce \u2013 Krzysztof Matyszczak, 00:53:45.41<\/p>\n<p><strong>Klasyfikacja wiekowa 16 \u2013 45 lat<\/strong><\/p>\n<p>I miejsce \u2013 Tomasz Ko\u015bcielny, 00:53:15.82<\/p>\n<p>II miejsce \u2013 Marcin Tomczak, 00:53:26.57<\/p>\n<p>III miejsce \u2013 Krzysztof Matyszczak, 00:53:45.41<\/p>\n<p><strong>Klasyfikacja wiekowa powy\u017cej 45 lat<\/strong><\/p>\n<p>I miejsce \u2013 Dariusz Sarza\u0142a, 00:54:02.72<\/p>\n<p>II miejsce \u2013 Andrzej Gumkowski, 00:58:40.99<\/p>\n<p>III miejsce \u2013 Zdzis\u0142aw Zarzycki, 01:00:57.69<\/p>\n<p><strong>Pe\u0142ne wyniki zawod\u00f3w na stronie Firmy Chiptiming &#8211; <span style=\"color: #0000ff;\"><a style=\"color: #0000ff;\" href=\"http:\/\/biegsadowne18.chiptiming.pl\/?#list\" target=\"_blank\" rel=\"noopener noreferrer\">http:\/\/biegsadowne18.chiptiming.pl\/?#list<\/a><\/span><\/strong><\/p>\n<p>Organizatorzy nie zapomnieli te\u017c o konieczno\u015bci regeneracji nadszarpni\u0119tych po biegu i marszu\u00a0 organizm\u00f3w zawodnik\u00f3w, dlatego te\u017c przygotowali dla nich posi\u0142ek regeneracyjny, a na deser kulinarne produkty lokalne \u2013 jagodzianki , ciasto i smalec z og\u00f3rkami kiszonymi \u2013 oczywi\u015bcie w\u0142asnej roboty. Zgodnie ju\u017c z tradycj\u0105 uczestnicy zawod\u00f3w wzi\u0119li tak\u017ce udzia\u0142 w losowaniu drobnych upomink\u00f3w zasponsorowanych przez Organizator\u00f3w i Mazowiecki Urz\u0105d Marsza\u0142kowski.<\/p>\n<p>Zawody i spotkanie na Polanie Ko\u0142a \u0141owieckiego \u015bw. Huberta w Sadownem to ju\u017c swoista, kolejna tradycja regionu sadowie\u0144skiego, kt\u00f3ra, jak wida\u0107 po liczbie uczestnik\u00f3w i kibic\u00f3w, zatacza coraz szersze kr\u0119gi, a to dzi\u0119ki \u015bwietnemu przygotowaniu i organizacji przebiegu imprezy. Dzi\u0119ki za to wymienionym wcze\u015bniej Organizatorom, ale te\u017c wspieraj\u0105cym ich i bior\u0105cym udzia\u0142 w obs\u0142udze oraz zabezpieczeniu imprezy cz\u0142onkom KS \u201eWicher\u201d Sadowne, pracownikom Gminnego O\u015brodka Kultury w Sadownem czy druhom z Jednostek: OSP w Sadownem i OSP w Sok\u00f3\u0142ce.<\/p>\n<p>Zawody w Sadownem s\u0105 te\u017c dobr\u0105 okazj\u0105 do spotkania \u201erodziny\u201d mi\u0142o\u015bnik\u00f3w bieg\u00f3w i marszu nordic walking, por\u00f3wnania swoich osi\u0105gni\u0119\u0107 i zaplanowania kolejnych spotka\u0144 sportowych, zw\u0142aszcza u nas i np. na sierpniowym Biegu i Marszu pn. \u201eNadbu\u017ca\u0144ska Sz\u00f3stka\u201d w Wilczog\u0119bach. A zapewne ju\u017c za rok, na VI Biegu i II Marszu w Sadownem trzeba b\u0119dzie zwi\u0119kszy\u0107 limity uczestnik\u00f3w\u2026 i dobrze, bo sport to si\u0142a i dla niego, jego mi\u0142o\u015bnik\u00f3w nie da si\u0119 przewidzie\u0107 oraz ustali\u0107 limit\u00f3w.<\/p>\n<p><span style=\"color: #0000ff;\"><a style=\"color: #0000ff;\" href=\"https:\/\/photos.google.com\/share\/AF1QipO_ve4GMccD6bzZGKObzBmnmZzaBcHkwcdv-FdeesblwOr6WOpURZL5cDIijBl5uA?key=VVNybGU0Zm9QeVR6dmthUzRaX1RJdGZtTFhxQmt3\" target=\"_blank\" rel=\"noopener noreferrer\"><strong>Zdj\u0119cia w galerii Google&gt;&gt;&gt;<\/strong><\/a><\/span><\/p>\n<p><strong>Tekst\/foto:<\/strong> S\u0142awek Chyli\u0144ski<\/p>\n","protected":false},"excerpt":{"rendered":"<p>Patron V Biegu w Sadownem by\u0142by zadowolony. Zainteresowanie imprez\u0105 sportow\u0105 ku czci b\u0142. E. Grzyma\u0142y przekroczy\u0142o oczekiwania Organizator\u00f3w, a Bieg wygra\u0142 p. Tomasz Lipiec z czasem 00:36:39.20.<\/p>\n","protected":false},"author":1,"featured_media":0,"comment_status":"closed","ping_status":"closed","sticky":false,"template":"","format":"standard","meta":{"footnotes":""},"categories":[5,91,6,3627],"tags":[169,2426,1161,1101,142],"class_list":["post-18790","post","type-post","status-publish","format-standard","hentry","category-newsy","category-gminny-osrodek-kultury","category-kultura-rozrywka-edukacja","category-nordic-walking","tag-gminny-osrodek-kultury-w-sadownem","tag-iv-bieg-ku-czci-bl-edwarda-grzymaly-w-sadownem","tag-klub-sportowy-wicher-sadowne","tag-nadlesnictwo-lochow","tag-urzad-gminy-sadowne"],"views":3152,"_links":{"self":[{"href":"https:\/\/info.sadowne.pl\/index.php?rest_route=\/wp\/v2\/posts\/18790","targetHints":{"allow":["GET"]}}],"collection":[{"href":"https:\/\/info.sadowne.pl\/index.php?rest_route=\/wp\/v2\/posts"}],"about":[{"href":"https:\/\/info.sadowne.pl\/index.php?rest_route=\/wp\/v2\/types\/post"}],"author":[{"embeddable":true,"href":"https:\/\/info.sadowne.pl\/index.php?rest_route=\/wp\/v2\/users\/1"}],"replies":[{"embeddable":true,"href":"https:\/\/info.sadowne.pl\/index.php?rest_route=%2Fwp%2Fv2%2Fcomments&post=18790"}],"version-history":[{"count":1,"href":"https:\/\/info.sadowne.pl\/index.php?rest_route=\/wp\/v2\/posts\/18790\/revisions"}],"predecessor-version":[{"id":18792,"href":"https:\/\/info.sadowne.pl\/index.php?rest_route=\/wp\/v2\/posts\/18790\/revisions\/18792"}],"wp:attachment":[{"href":"https:\/\/info.sadowne.pl\/index.php?rest_route=%2Fwp%2Fv2%2Fmedia&parent=18790"}],"wp:term":[{"taxonomy":"category","embeddable":true,"href":"https:\/\/info.sadowne.pl\/index.php?rest_route=%2Fwp%2Fv2%2Fcategories&post=18790"},{"taxonomy":"post_tag","embeddable":true,"href":"https:\/\/info.sadowne.pl\/index.php?rest_route=%2Fwp%2Fv2%2Ftags&post=18790"}],"curies":[{"name":"wp","href":"https:\/\/api.w.org\/{rel}","templated":true}]}}