{"id":18888,"date":"2018-08-05T15:41:14","date_gmt":"2018-08-05T13:41:14","guid":{"rendered":"http:\/\/info.sadowne.pl\/?p=18888"},"modified":"2018-08-05T15:41:14","modified_gmt":"2018-08-05T13:41:14","slug":"retro-moto-show-po-raz-czwarty-w-sadownem","status":"publish","type":"post","link":"https:\/\/info.sadowne.pl\/?p=18888","title":{"rendered":"Retro Moto Show po raz czwarty w Sadownem"},"content":{"rendered":"<p><strong><img loading=\"lazy\" decoding=\"async\" class=\"alignleft size-thumbnail wp-image-18889\" src=\"http:\/\/info.sadowne.pl\/wp-content\/uploads\/2018\/08\/2018.08.05.1-180x130.jpg\" alt=\"\" width=\"180\" height=\"130\" \/>5 sierpnia w Sadownem odby\u0142a si\u0119 ju\u017c czwarta edycja zlotu pojazd\u00f3w, kt\u00f3re ju\u017c dawno prze\u017cy\u0142y swoj\u0105 m\u0142odo\u015b\u0107. <\/strong><!--more--><\/p>\n<p>Retro Moto Show znalaz\u0142o tym razem now\u0105 lokalizacj\u0119 \u2013 pojazdy \u015bwietnie eksponowa\u0142y si\u0119 na nowym placu targowym tu\u017c za ko\u015bcio\u0142em w Sadownem. Jak co roku, Organizatorami imprezy byli panowie: Tomasz Ga\u0142\u0105zka i \u0141ukasz Kami\u0144ski, a patronat nad ni\u0105 obj\u0105\u0142 W\u00f3jt Gminy Sadowne p. Waldemar Cyran.<\/p>\n<p>Sadowie\u0144skie Retro Moto Show zyskuje renom\u0119, st\u0105d bior\u0105 w nim udzia\u0142 coraz liczniej mi\u0142o\u015bnicy starych motocykli, samochod\u00f3w i traktor\u00f3w. Dziesi\u0105tki tych pojazd\u00f3w pi\u0119knie prezentowa\u0142o si\u0119 na placu, ku uciesze licznie odwiedzaj\u0105cej Zlot publiczno\u015bci.<\/p>\n<p>Atrakcj\u0105 tegorocznego Zlotu by\u0142 te\u017c udzia\u0142 w nim p. Macieja Wis\u0142awskiego, legendy polskiego sportu samochodowego, jednego z najbardziej utytu\u0142owanych i do\u015bwiadczonych pilot\u00f3w rajdowych w Polsce, rajdowego Mistrz Europy 1997, czternastokrotnego Mistrza Polski, kt\u00f3ry \u2013 jak twierdzi \u2013 od wielu lat zwi\u0105zany jest z Gmin\u0105 Sadowne. Tym razem, jako go\u015b\u0107 specjalny wraz z p. W\u00f3jtem i Organizatorami imprezy, dokona\u0142 jej uroczystego otwarcia oraz nagrodzenia w\u0142a\u015bcicieli pojazd\u00f3w w poszczeg\u00f3lnych kategoriach Zlotu.<\/p>\n<p>W po\u0142udnie, jak podczas dotychczasowych imprez, pojazdy ruszy\u0142y w korow\u00f3d ulicami Sadownego, a tu\u017c po powrocie wr\u0119czono statuetki IV-go Zlotu w kategoriach:<\/p>\n<p>&#8211; Najstarszy pojazd Zlotu \u2013 Citroen AC4, rok prod. 1929, w\u0142a\u015bciciel p. Janusz Borkowski ,<\/p>\n<p>&#8211; Auto Zlotu \u2013 Opel Record, rok prod. 1962, w\u0142a\u015bciciel p. Jaros\u0142aw Zalewski,<\/p>\n<p>&#8211; Traktor Zlotu \u2013 Zetor, rok prod. 1966, w\u0142a\u015bciciel p. Grzegorz Matusik,<\/p>\n<p>&#8211; Motocykl Zlotu \u2013 WFM Osa, rok prod. 1964, w\u0142a\u015bciciel p. Dariusz Kopania.<\/p>\n<p>Organizatorzy w tym roku utworzyli te\u017c now\u0105 kategori\u0119 o nazwie \u201ePosta\u0107 Zlotu\u201d i tu zosta\u0142 oczywi\u015bcie uhonorowany statuetk\u0105 tegoroczny go\u015b\u0107 specjalny p. Maciej Wis\u0142awski.<\/p>\n<p>Ju\u017c teraz zapraszamy na kolejny Zlot starych pojazd\u00f3w, kt\u00f3ry na pewno odb\u0119dzie si\u0119 za rok w Sadownem, gdy\u017c Retro Moto Show sta\u0142o si\u0119 now\u0105 sadowie\u0144sk\u0105 tradycj\u0105 i na sta\u0142e wpisa\u0142o si\u0119 harmonogram cyklicznych imprez gminnych.<\/p>\n<p><span style=\"color: #0000ff;\"><a style=\"color: #0000ff;\" href=\"https:\/\/photos.google.com\/share\/AF1QipMpoeA88lmK_1Z_BUtFWRnaILXEJAnWYuFKZCyPxMIEEtqVo_7DYeNpu6CJFbtE1Q?key=cEFmY1RpN0VFSWZJc29IaXZTZjJUWHJNUG1JZ0pn\" target=\"_blank\" rel=\"noopener noreferrer\"><strong>Zdj\u0119cia w galerii Google&gt;&gt;&gt;<\/strong><\/a><\/span><\/p>\n<p><span style=\"color: #0000ff;\"><a style=\"color: #0000ff;\" href=\"https:\/\/youtu.be\/n57I2QssQKE\" target=\"_blank\" rel=\"noopener noreferrer\"><strong>Zobacz te\u017c film&gt;&gt;&gt;<\/strong><\/a><\/span><\/p>\n<p><strong>Tekst\/foto:<\/strong> S\u0142awek Chyli\u0144ski<\/p>\n","protected":false},"excerpt":{"rendered":"<p>5 sierpnia w Sadownem odby\u0142a si\u0119 ju\u017c czwarta edycja zlotu pojazd\u00f3w, kt\u00f3re ju\u017c dawno prze\u017cy\u0142y swoj\u0105 m\u0142odo\u015b\u0107.<\/p>\n","protected":false},"author":1,"featured_media":0,"comment_status":"closed","ping_status":"closed","sticky":false,"template":"","format":"standard","meta":{"footnotes":""},"categories":[5,41],"tags":[2864,25],"class_list":["post-18888","post","type-post","status-publish","format-standard","hentry","category-newsy","category-wiesci-gminne","tag-iv-retro-moto-show-w-sadownem","tag-sadowne"],"views":3737,"_links":{"self":[{"href":"https:\/\/info.sadowne.pl\/index.php?rest_route=\/wp\/v2\/posts\/18888","targetHints":{"allow":["GET"]}}],"collection":[{"href":"https:\/\/info.sadowne.pl\/index.php?rest_route=\/wp\/v2\/posts"}],"about":[{"href":"https:\/\/info.sadowne.pl\/index.php?rest_route=\/wp\/v2\/types\/post"}],"author":[{"embeddable":true,"href":"https:\/\/info.sadowne.pl\/index.php?rest_route=\/wp\/v2\/users\/1"}],"replies":[{"embeddable":true,"href":"https:\/\/info.sadowne.pl\/index.php?rest_route=%2Fwp%2Fv2%2Fcomments&post=18888"}],"version-history":[{"count":1,"href":"https:\/\/info.sadowne.pl\/index.php?rest_route=\/wp\/v2\/posts\/18888\/revisions"}],"predecessor-version":[{"id":18890,"href":"https:\/\/info.sadowne.pl\/index.php?rest_route=\/wp\/v2\/posts\/18888\/revisions\/18890"}],"wp:attachment":[{"href":"https:\/\/info.sadowne.pl\/index.php?rest_route=%2Fwp%2Fv2%2Fmedia&parent=18888"}],"wp:term":[{"taxonomy":"category","embeddable":true,"href":"https:\/\/info.sadowne.pl\/index.php?rest_route=%2Fwp%2Fv2%2Fcategories&post=18888"},{"taxonomy":"post_tag","embeddable":true,"href":"https:\/\/info.sadowne.pl\/index.php?rest_route=%2Fwp%2Fv2%2Ftags&post=18888"}],"curies":[{"name":"wp","href":"https:\/\/api.w.org\/{rel}","templated":true}]}}