{"id":18957,"date":"2018-08-15T16:16:06","date_gmt":"2018-08-15T14:16:06","guid":{"rendered":"http:\/\/info.sadowne.pl\/?p=18957"},"modified":"2018-08-15T16:16:06","modified_gmt":"2018-08-15T14:16:06","slug":"sadowne-godnie-uczcilo-caloroczna-prace-rolnikow","status":"publish","type":"post","link":"https:\/\/info.sadowne.pl\/?p=18957","title":{"rendered":"Sadowne godnie uczci\u0142o ca\u0142oroczn\u0105 prac\u0119 rolnik\u00f3w"},"content":{"rendered":"<p><strong><img loading=\"lazy\" decoding=\"async\" class=\"alignleft size-thumbnail wp-image-18958\" src=\"http:\/\/info.sadowne.pl\/wp-content\/uploads\/2018\/08\/2018.08.15.1-180x130.jpg\" alt=\"\" width=\"180\" height=\"130\" \/>15 sierpnia w Sadownem odby\u0142y si\u0119 Do\u017cynki Gminno \u2013 Parafialne, stanowi\u0105ce wa\u017cny element obchod\u00f3w Roku Niepodleg\u0142o\u015bci w Gminie Sadowne. <\/strong><!--more--><\/p>\n<p><strong>Has\u0142o przewodnie tegorocznych Do\u017cynek to: \u201eDzi\u0119kuj i \u015bwi\u0119tuj z nami!\u201d, a ich gospodarzem by\u0142o so\u0142ectwo P\u0142atkownica.<\/strong><\/p>\n<p>Uroczysto\u015bci do\u017cynkowe rozpocz\u0119\u0142y si\u0119 msz\u0105 \u015bw. w miejscowym ko\u015bciele parafialnym, celebrowan\u0105 przez ks. Stanis\u0142awa Wojciechowskiego w intencji uczestnik\u00f3w Do\u017cynek, a honorowe miejsce w naszej \u015bwi\u0105tyni zaj\u0119\u0142y wie\u0144ce do\u017cynkowe, wykonane przez poszczeg\u00f3lne so\u0142ectwa, wraz z asystami. Wprowadzili je do ko\u015bcio\u0142a Starostowie Do\u017cynek \u2013 Pa\u0144stwo Hanna i Tomasz Szymanikowie z P\u0142atkownicy.<\/p>\n<p>Po mszy korow\u00f3d uczestnik\u00f3w Do\u017cynek Gminno \u2013 Parafialnych przemaszerowa\u0142 na Plac Ko\u015bcielny, gdzie kontynuowano ju\u017c bardziej \u015bwieckie uroczysto\u015bci, kt\u00f3re poprowadzi\u0142 Zast\u0119pca W\u00f3jta Gminy Sadowne p. Marcin Gr\u0119da.<\/p>\n<p>Po oficjalnym powitaniu, publiczno\u015b\u0107 mia\u0142a okazj\u0119 podzieli\u0107 si\u0119 symbolicznie z W\u00f3jtem Gminy Sadowne p. Waldemarem Cyranem, jego ma\u0142\u017conk\u0105 oraz Starostami Do\u017cynek chlebem upieczonym z tegorocznych zbior\u00f3w zb\u00f3\u017c, a chwil\u0119 t\u0119 u\u015bwietni\u0142 wyst\u0119p Zespo\u0142u \u015apiewaczego \u201eSadowianki\u201d. Powo\u0142ana przez Organizator\u00f3w Komisja Konkursowa w sk\u0142adzie pp.: Marcin Gr\u0119da, Ewa Pi\u00f3rkowska, Danuta Chyli\u0144ska i ks. Bartosz Ojdana, oceni\u0142a wie\u0144ce do\u017cynkowe. W tym roku za najpi\u0119kniejsze wie\u0144ce nagrodzono so\u0142ectwa: \u00a0I miejsce- P\u0142atkownica, II \u2013 Sojk\u00f3wek, III \u2013 Sadole\u015b, wyr\u00f3\u017cnienia: Oci\u0119te, Krupi\u0144skie i Morzyczyn W\u0142\u00f3ki. Przedstawiciele laureat\u00f3w Konkursu oraz jego uczestnik\u00f3w odebrali statuetki i dyplomy z r\u0105k p. Marsza\u0142ek Wojew\u00f3dztwa Mazowieckiego El\u017cbiety Lanc, proboszcza parafii Sadowne ks. Stanis\u0142awa Wojciechowskiego i W\u00f3jta Gminy Sadowne p. Waldemara Cyrana. Specjalne podzi\u0119kowanie za swoj\u0105 dzia\u0142alno\u015b\u0107 otrzyma\u0142 te\u017c Zesp\u00f3\u0142 \u015apiewaczy \u201eSadowianki\u201d.<\/p>\n<p>Warto te\u017c podkre\u015bli\u0107, \u017ce tegoroczne Do\u017cynki sta\u0142y si\u0119 jednym z element\u00f3w obchod\u00f3w Roku Niepodleg\u0142o\u015bci w Gminie Sadowne. Setna rocznica odzyskania przez Polsk\u0119 niepodleg\u0142o\u015bci to te\u017c szczeg\u00f3lna okazja do zwr\u00f3cenia uwagi i wyr\u00f3\u017cnienia patriotycznego wysi\u0142ku wsi polskiej, a tak\u017ce wyra\u017cenia uznanie dla pe\u0142nej po\u015bwi\u0119cenia bie\u017c\u0105cej pracy naszych rolnik\u00f3w i podkre\u015blenia ich silnego przywi\u0105zanie do tradycji oraz najbardziej fundamentalnych warto\u015bci.<\/p>\n<p>I na zako\u0144czenie \u2013 wiersz p. El\u017cbiety S\u00f3wki, kt\u00f3ry nasza poetka napisa\u0142a specjalnie na t\u0119 okazj\u0119:<\/p>\n<p><strong>Na \u015bwi\u0119to Gospodarzy<\/strong><\/p>\n<p>Pi\u0119tnastego sierpnia<br \/>\nPi\u0119kne \u015bwi\u0119to mamy<br \/>\nWie\u0144cem do\u017cynkowym<br \/>\nDzi\u015b wszystkich witamy<\/p>\n<p>Ka\u017cdy dzisiaj powie<br \/>\n\u017be warto \u015bwi\u0119towa\u0107<br \/>\nZa plony zebrane<br \/>\nPi\u0119knie podzi\u0119kowa\u0107<\/p>\n<p>Wszystkie wioski w gminie<br \/>\nWie\u0144ce nam uwi\u0142y<br \/>\nI w ten spos\u00f3b prac\u0119<br \/>\nBardziej uwieczni\u0142y<\/p>\n<p>Przy tej to okazji<br \/>\nB\u0119d\u0105 i nagrody<br \/>\nKa\u017cdy by chcia\u0142 zdoby\u0107<br \/>\nZa sw\u00f3j wieniec drogi<\/p>\n<p>B\u0119dziemy podziwia\u0107<br \/>\nNasze pi\u0119kne plony<br \/>\nTo jest trud rolnik\u00f3w<br \/>\nWci\u0105\u017c niedoceniony<\/p>\n<p>B\u0119d\u0105 i wyst\u0119py<br \/>\nOrkiestra b\u0119dzie gra\u0142a<br \/>\nNiech nam \u017cyje Gmina<br \/>\nZ mieszka\u0144cami ca\u0142a<\/p>\n<p><strong>A na podsumowanie \u2013 zaproszenie na Do\u017cynki Diecezjalno \u2013 Powiatowe, kt\u00f3re odb\u0119d\u0105 si\u0119 ju\u017c 8 wrze\u015bnia br. w Sadownem.<\/strong><\/p>\n<p><span style=\"color: #0000ff;\"><a style=\"color: #0000ff;\" href=\"https:\/\/photos.google.com\/share\/AF1QipNpF5sEkzc_Y4-HDEs9arehaeLTvbdSvq8C_HPiuq_WFcAbs9ETrUfCsj_QJ2qkjA?key=bDVFNDRvX1RLX1hoY3FCekdfb0JHd0h0SEFXNUxR\" target=\"_blank\" rel=\"noopener noreferrer\"><strong>Zdj\u0119cia w galerii Google&gt;&gt;&gt;<\/strong><\/a><\/span><\/p>\n<p><strong>Tekst\/foto:\u00a0<\/strong>S\u0142awek Chyli\u0144ski<\/p>\n","protected":false},"excerpt":{"rendered":"<p>15 sierpnia w Sadownem odby\u0142y si\u0119 Do\u017cynki Gminno \u2013 Parafialne, stanowi\u0105ce wa\u017cny element obchod\u00f3w Roku Niepodleg\u0142o\u015bci w Gminie Sadowne.<\/p>\n","protected":false},"author":1,"featured_media":0,"comment_status":"closed","ping_status":"closed","sticky":false,"template":"","format":"standard","meta":{"footnotes":""},"categories":[5,41],"tags":[2100,25],"class_list":["post-18957","post","type-post","status-publish","format-standard","hentry","category-newsy","category-wiesci-gminne","tag-dozynki-gminno-parafialne-w-sadownem","tag-sadowne"],"views":4598,"_links":{"self":[{"href":"https:\/\/info.sadowne.pl\/index.php?rest_route=\/wp\/v2\/posts\/18957","targetHints":{"allow":["GET"]}}],"collection":[{"href":"https:\/\/info.sadowne.pl\/index.php?rest_route=\/wp\/v2\/posts"}],"about":[{"href":"https:\/\/info.sadowne.pl\/index.php?rest_route=\/wp\/v2\/types\/post"}],"author":[{"embeddable":true,"href":"https:\/\/info.sadowne.pl\/index.php?rest_route=\/wp\/v2\/users\/1"}],"replies":[{"embeddable":true,"href":"https:\/\/info.sadowne.pl\/index.php?rest_route=%2Fwp%2Fv2%2Fcomments&post=18957"}],"version-history":[{"count":1,"href":"https:\/\/info.sadowne.pl\/index.php?rest_route=\/wp\/v2\/posts\/18957\/revisions"}],"predecessor-version":[{"id":18959,"href":"https:\/\/info.sadowne.pl\/index.php?rest_route=\/wp\/v2\/posts\/18957\/revisions\/18959"}],"wp:attachment":[{"href":"https:\/\/info.sadowne.pl\/index.php?rest_route=%2Fwp%2Fv2%2Fmedia&parent=18957"}],"wp:term":[{"taxonomy":"category","embeddable":true,"href":"https:\/\/info.sadowne.pl\/index.php?rest_route=%2Fwp%2Fv2%2Fcategories&post=18957"},{"taxonomy":"post_tag","embeddable":true,"href":"https:\/\/info.sadowne.pl\/index.php?rest_route=%2Fwp%2Fv2%2Ftags&post=18957"}],"curies":[{"name":"wp","href":"https:\/\/api.w.org\/{rel}","templated":true}]}}