{"id":19032,"date":"2018-08-31T17:12:47","date_gmt":"2018-08-31T15:12:47","guid":{"rendered":"http:\/\/info.sadowne.pl\/?p=19032"},"modified":"2018-08-31T17:13:17","modified_gmt":"2018-08-31T15:13:17","slug":"bezpieczny-dom","status":"publish","type":"post","link":"https:\/\/info.sadowne.pl\/?p=19032","title":{"rendered":"Bezpieczny Dom"},"content":{"rendered":"<p><strong><a href=\"http:\/\/info.sadowne.pl\/wp-content\/uploads\/2018\/08\/strefapociech.jpg\" target=\"_blank\" rel=\"noopener noreferrer\"><img loading=\"lazy\" decoding=\"async\" class=\"alignleft wp-image-19033 size-thumbnail\" src=\"http:\/\/info.sadowne.pl\/wp-content\/uploads\/2018\/08\/strefapociech-180x130.jpg\" alt=\"\" width=\"180\" height=\"130\" \/><\/a>Po raz kolejny w W\u0119growie w Niepublicznej Poradni Psychologiczno &#8211; Pedagogicznej \u201eCentrum Wspieranie Rozwoju\u201d, ul. Szamoty 42A, realizowany jest projekt Fundacji Strefa Pociech.<\/strong> \u00a0<!--more--><\/p>\n<p>Zadanie dofinansowane ze \u015brodk\u00f3w bud\u017cetu Wojew\u00f3dztwa Mazowieckiego nosi nazw\u0119 \u201eBezpieczny Dom\u201d i skierowane jest do os\u00f3b, wobec kt\u00f3rych kierowane s\u0105 agresywne zachowania oraz takich, kt\u00f3rym trudno czasem zapanowa\u0107 nad z\u0142o\u015bci\u0105 i wyra\u017caj\u0105c j\u0105 krzywdz\u0105 innych.<\/p>\n<p><img loading=\"lazy\" decoding=\"async\" class=\"aligncenter size-full wp-image-18556\" src=\"http:\/\/info.sadowne.pl\/wp-content\/uploads\/2018\/05\/2018.05.24.2.jpg\" alt=\"\" width=\"250\" height=\"67\" \/><\/p>\n<p>Projekt ma na celu zintensyfikowanie dzia\u0142a\u0144 profilaktycznych w zakresie przeciwdzia\u0142ania przemocy w rodzinie oraz poszerzenie wiedzy mieszka\u0144c\u00f3w wojew\u00f3dztwa mazowieckiego w tym zakresie.<\/p>\n<p><strong><em><img loading=\"lazy\" decoding=\"async\" class=\"alignright size-full wp-image-19034\" src=\"http:\/\/info.sadowne.pl\/wp-content\/uploads\/2018\/08\/MD.jpg\" alt=\"\" width=\"128\" height=\"149\" \/><\/em><\/strong><em>Przemoc w rodzinie uznawana w polskim prawie za przest\u0119pstwo mo\u017ce by\u0107 nast\u0119pstwem b\u0142\u0119d\u00f3w wychowawczych, nawyk\u00f3w i stereotyp\u00f3w wyniesionych z domu, niskiego poczucia w\u0142asnej warto\u015bci zar\u00f3wno sprawcy, jak i ofiary przemocy, nadu\u017cywania substancji psychoaktywnych, takich jak alkohol czy narkotyki, nadmiernego stresu w \u017cyciu codziennym, np. z powodu trudno\u015bci w znalezieniu pracy.<\/em><\/p>\n<p><em>Cz\u0119sto kojarzy si\u0119 z agresj\u0105 fizyczn\u0105, awanturami. Zapominamy o tym, \u017ce mo\u017cna zrani\u0107 cz\u0142owieka na wiele sposob\u00f3w, \u201ew bia\u0142ych r\u0119kawiczkach\u201d. Nie zdajemy sobie sprawy, \u017ce ci\u0105g\u0142a krytyka, poni\u017canie, ok\u0142amywanie, a nawet nadmierna opieku\u0144czo\u015b\u0107 s\u0105 przejawami przemocy.\u00a0 Takie zachowania obni\u017caj\u0105 r\u00f3wnie\u017c poczucie w\u0142asnej warto\u015bci u os\u00f3b, kt\u00f3re tego do\u015bwiadczaj\u0105.\u00a0 Mog\u0105 rani\u0107 i pozostawia\u0107 \u015blady w psychice na d\u0142ugie lata.<\/em><\/p>\n<p><strong>W ostatnim czasie coraz cz\u0119\u015bciej pojawia si\u0119 r\u00f3wnie\u017c problem agresji i wybuch\u00f3w z\u0142o\u015bci u dzieci.<\/strong> Rodzice cz\u0119sto nie wiedz\u0105, jak sobie z tym radzi\u0107. Wp\u0119dzaj\u0105 si\u0119 w poczucie winy, w b\u0142\u0119dne ko\u0142o kar i nagr\u00f3d, wstydu przed opini\u0105 otoczenia. I tu te\u017c wa\u017cna jest profilaktyka i edukowanie rodzic\u00f3w, co do mo\u017cliwych przyczyn trudnych zachowa\u0144 i skutecznych metod radzenia sobie z nimi, ale tak\u017ce z pojawiaj\u0105cym si\u0119 stresem.<\/p>\n<p><strong>Nie ma ludzi doskona\u0142ych i ka\u017cdy z nas ma prawo pope\u0142nia\u0107 b\u0142\u0119dy.<\/strong> I nie chodzi o to, \u017ceby si\u0119 obwinia\u0107, ale \u017ceby podj\u0105\u0107 dzia\u0142ania i spr\u00f3bowa\u0107 zmieni\u0107 co\u015b w swoim \u017cyciu. Dlatego tak wa\u017cna jest profilaktyka, u\u015bwiadamianie sobie, \u017ce pope\u0142niamy b\u0142\u0119dy i ch\u0119\u0107 ich naprawienia.<\/p>\n<p><strong>W ramach zadania zaplanowane zosta\u0142y nast\u0119puj\u0105ce formy wsparcia:<\/strong><\/p>\n<p>&#8211; konsultacje z psychologiem (dla dzieci i rodzic\u00f3w),<\/p>\n<p>&#8211; Warsztaty tematyczne: Obud\u017a w sobie Olbrzyma- sposoby budowania poczucia w\u0142asnej warto\u015bci, Wy\u0142\u0105cz napi\u0119cie &#8211; w\u0142\u0105cz zasilanie, Komunikacja serca, Warsztaty radzenia sobie ze z\u0142o\u015bci\u0105,<\/p>\n<p>&#8211; Warsztaty Umiej\u0119tno\u015bci Wychowawczych dla rodzic\u00f3w i opieka dla dzieci w formie rozwijaj\u0105cych zaj\u0119\u0107 grupowych,<\/p>\n<p>&#8211; Warsztaty profilaktyczne dla dzieci i m\u0142odzie\u017cy,<\/p>\n<p>&#8211; cykl artyku\u0142\u00f3w w lokalnych gazetach nawi\u0105zuj\u0105cych w swej tematyce do problem\u00f3w przemocy i wychowania.<\/p>\n<p><strong>Monika E. Doktorska<\/strong><\/p>\n<p><img loading=\"lazy\" decoding=\"async\" class=\"aligncenter size-full wp-image-19035\" src=\"http:\/\/info.sadowne.pl\/wp-content\/uploads\/2018\/08\/cwr.jpg\" alt=\"\" width=\"594\" height=\"208\" srcset=\"https:\/\/info.sadowne.pl\/wp-content\/uploads\/2018\/08\/cwr.jpg 594w, https:\/\/info.sadowne.pl\/wp-content\/uploads\/2018\/08\/cwr-300x105.jpg 300w\" sizes=\"auto, (max-width: 594px) 100vw, 594px\" \/><\/p>\n","protected":false},"excerpt":{"rendered":"<p>Po raz kolejny w W\u0119growie w Niepublicznej Poradni Psychologiczno &#8211; Pedagogicznej \u201eCentrum Wspieranie Rozwoju\u201d, ul. Szamoty 42A, realizowany jest projekt Fundacji Strefa Pociech. \u00a0<\/p>\n","protected":false},"author":1,"featured_media":0,"comment_status":"closed","ping_status":"closed","sticky":false,"template":"","format":"standard","meta":{"footnotes":""},"categories":[5,1406,1408],"tags":[2877,2526,2883,2327],"class_list":["post-19032","post","type-post","status-publish","format-standard","hentry","category-newsy","category-czy-wiesz","category-zdrowie","tag-monika-doktorska","tag-niepubliczna-poradnia-psychologiczno-pedagogiczna-w-wegrowie","tag-projekt-bezpieczny-dom","tag-zdrowie-dziecka"],"views":2909,"_links":{"self":[{"href":"https:\/\/info.sadowne.pl\/index.php?rest_route=\/wp\/v2\/posts\/19032","targetHints":{"allow":["GET"]}}],"collection":[{"href":"https:\/\/info.sadowne.pl\/index.php?rest_route=\/wp\/v2\/posts"}],"about":[{"href":"https:\/\/info.sadowne.pl\/index.php?rest_route=\/wp\/v2\/types\/post"}],"author":[{"embeddable":true,"href":"https:\/\/info.sadowne.pl\/index.php?rest_route=\/wp\/v2\/users\/1"}],"replies":[{"embeddable":true,"href":"https:\/\/info.sadowne.pl\/index.php?rest_route=%2Fwp%2Fv2%2Fcomments&post=19032"}],"version-history":[{"count":2,"href":"https:\/\/info.sadowne.pl\/index.php?rest_route=\/wp\/v2\/posts\/19032\/revisions"}],"predecessor-version":[{"id":19037,"href":"https:\/\/info.sadowne.pl\/index.php?rest_route=\/wp\/v2\/posts\/19032\/revisions\/19037"}],"wp:attachment":[{"href":"https:\/\/info.sadowne.pl\/index.php?rest_route=%2Fwp%2Fv2%2Fmedia&parent=19032"}],"wp:term":[{"taxonomy":"category","embeddable":true,"href":"https:\/\/info.sadowne.pl\/index.php?rest_route=%2Fwp%2Fv2%2Fcategories&post=19032"},{"taxonomy":"post_tag","embeddable":true,"href":"https:\/\/info.sadowne.pl\/index.php?rest_route=%2Fwp%2Fv2%2Ftags&post=19032"}],"curies":[{"name":"wp","href":"https:\/\/api.w.org\/{rel}","templated":true}]}}