{"id":19065,"date":"2018-09-05T19:58:04","date_gmt":"2018-09-05T17:58:04","guid":{"rendered":"http:\/\/info.sadowne.pl\/?p=19065"},"modified":"2018-09-05T19:58:04","modified_gmt":"2018-09-05T17:58:04","slug":"jubileusz-100-urodzin-pani-eugenii-podgorskiej-z-orzelka","status":"publish","type":"post","link":"https:\/\/info.sadowne.pl\/?p=19065","title":{"rendered":"Jubileusz 100 urodzin Pani Eugenii Podg\u00f3rskiej z Orze\u0142ka"},"content":{"rendered":"<p><strong><img loading=\"lazy\" decoding=\"async\" class=\"alignleft size-thumbnail wp-image-19067\" src=\"http:\/\/info.sadowne.pl\/wp-content\/uploads\/2018\/09\/2018.09.05-2-180x130.jpg\" alt=\"\" width=\"180\" height=\"130\" \/>W dniu 4 wrze\u015bnia 2018 r. w miejscowo\u015bci Orze\u0142ek mia\u0142o miejsce niecodzienne wydarzenie &#8211; setne urodziny obchodzi\u0142a mieszkanka naszej gminy Pani Eugenia Podg\u00f3rska.\u00a0<\/strong><!--more--><\/p>\n<p>Z okazji tak uroczystego Jubileuszu najlepsze \u017cyczenia dalszych d\u0142ugich lat w szcz\u0119\u015bciu, zdrowiu i wszelkiej pomy\u015blno\u015bci na kolejne lata z\u0142o\u017cyli Jubilatce: W\u00f3jt Gminy Sadowne Waldemar Cyran oraz Z-ca Kierownika Urz\u0119du Stanu Cywilnego Renata Urbankowska wr\u0119czaj\u0105c kwiaty, okoliczno\u015bciowy dyplom i upominek. Do \u017cycze\u0144 Dostojnej Jubilatce do\u0142\u0105czy\u0142 si\u0119 r\u00f3wnie\u017c Kierownik Delegatury Mazowieckiego Urz\u0119du Wojew\u00f3dzkiego w Siedlcach Pan Marek Renik.<br \/>\nW tej wzruszaj\u0105cej uroczysto\u015bci Jubilatce towarzyszy\u0142a rodzina. Uroczysto\u015b\u0107 wype\u0142niona szeregiem interesuj\u0105cych wspomnie\u0144 Jubilatki, przebieg\u0142a w mi\u0142ej, rodzinnej atmosferze. Dope\u0142nieniem uroczysto\u015bci jubileuszowej by\u0142 tort urodzinowy.<br \/>\nSetne urodziny to pi\u0119kny wiek wype\u0142niony codziennymi rado\u015bciami i troskami, ale tak\u017ce prac\u0105 i po\u015bwi\u0119ceniem dla dobra bliskich. Jak stwierdzi\u0142a Jubilatka, to w\u0142a\u015bnie praca i pogodne usposobienie jest recept\u0105 na d\u0142ugowieczno\u015b\u0107. Pani Eugenia cieszy si\u0119 dobrym zdrowiem i nadal jest w dobrej kondycji.<br \/>\n<strong>Pani Eugenii Podg\u00f3rskiej jeszcze raz gratulujemy tego pi\u0119knego Jubileuszu, jednocze\u015bnie \u017cyczymy du\u017co zdrowia, by ka\u017cdy kolejny dzie\u0144 by\u0142 radosny, pe\u0142en \u017cyczliwo\u015bci i mi\u0142o\u015bci.<\/strong><\/p>\n\n\t\t<style type=\"text\/css\">\n\t\t\t#gallery-1 {\n\t\t\t\tmargin: auto;\n\t\t\t}\n\t\t\t#gallery-1 .gallery-item {\n\t\t\t\tfloat: left;\n\t\t\t\tmargin-top: 10px;\n\t\t\t\ttext-align: center;\n\t\t\t\twidth: 33%;\n\t\t\t}\n\t\t\t#gallery-1 img {\n\t\t\t\tborder: 2px solid #cfcfcf;\n\t\t\t}\n\t\t\t#gallery-1 .gallery-caption {\n\t\t\t\tmargin-left: 0;\n\t\t\t}\n\t\t\t\/* see gallery_shortcode() in wp-includes\/media.php *\/\n\t\t<\/style>\n\t\t<div id='gallery-1' class='gallery galleryid-19065 gallery-columns-3 gallery-size-thumbnail'><dl class='gallery-item'>\n\t\t\t<dt class='gallery-icon landscape'>\n\t\t\t\t<a href='https:\/\/info.sadowne.pl\/wp-content\/uploads\/2018\/09\/2018.09.05-1.jpg'><img loading=\"lazy\" decoding=\"async\" width=\"180\" height=\"130\" src=\"https:\/\/info.sadowne.pl\/wp-content\/uploads\/2018\/09\/2018.09.05-1-180x130.jpg\" class=\"attachment-thumbnail size-thumbnail\" alt=\"\" \/><\/a>\n\t\t\t<\/dt><\/dl><dl class='gallery-item'>\n\t\t\t<dt class='gallery-icon landscape'>\n\t\t\t\t<a href='https:\/\/info.sadowne.pl\/wp-content\/uploads\/2018\/09\/2018.09.05-2.jpg'><img loading=\"lazy\" decoding=\"async\" width=\"180\" height=\"130\" src=\"https:\/\/info.sadowne.pl\/wp-content\/uploads\/2018\/09\/2018.09.05-2-180x130.jpg\" class=\"attachment-thumbnail size-thumbnail\" alt=\"\" \/><\/a>\n\t\t\t<\/dt><\/dl><dl class='gallery-item'>\n\t\t\t<dt class='gallery-icon landscape'>\n\t\t\t\t<a href='https:\/\/info.sadowne.pl\/wp-content\/uploads\/2018\/09\/2018.09.05-3.jpg'><img loading=\"lazy\" decoding=\"async\" width=\"180\" height=\"130\" src=\"https:\/\/info.sadowne.pl\/wp-content\/uploads\/2018\/09\/2018.09.05-3-180x130.jpg\" class=\"attachment-thumbnail size-thumbnail\" alt=\"\" \/><\/a>\n\t\t\t<\/dt><\/dl><br style=\"clear: both\" \/><dl class='gallery-item'>\n\t\t\t<dt class='gallery-icon landscape'>\n\t\t\t\t<a href='https:\/\/info.sadowne.pl\/wp-content\/uploads\/2018\/09\/2018.09.05-4.jpg'><img loading=\"lazy\" decoding=\"async\" width=\"180\" height=\"130\" src=\"https:\/\/info.sadowne.pl\/wp-content\/uploads\/2018\/09\/2018.09.05-4-180x130.jpg\" class=\"attachment-thumbnail size-thumbnail\" alt=\"\" \/><\/a>\n\t\t\t<\/dt><\/dl><dl class='gallery-item'>\n\t\t\t<dt class='gallery-icon landscape'>\n\t\t\t\t<a href='https:\/\/info.sadowne.pl\/wp-content\/uploads\/2018\/09\/2018.09.05-5.jpg'><img loading=\"lazy\" decoding=\"async\" width=\"180\" height=\"130\" src=\"https:\/\/info.sadowne.pl\/wp-content\/uploads\/2018\/09\/2018.09.05-5-180x130.jpg\" class=\"attachment-thumbnail size-thumbnail\" alt=\"\" \/><\/a>\n\t\t\t<\/dt><\/dl><dl class='gallery-item'>\n\t\t\t<dt class='gallery-icon landscape'>\n\t\t\t\t<a href='https:\/\/info.sadowne.pl\/wp-content\/uploads\/2018\/09\/2018.09.05-6.jpg'><img loading=\"lazy\" decoding=\"async\" width=\"180\" height=\"130\" src=\"https:\/\/info.sadowne.pl\/wp-content\/uploads\/2018\/09\/2018.09.05-6-180x130.jpg\" class=\"attachment-thumbnail size-thumbnail\" alt=\"\" \/><\/a>\n\t\t\t<\/dt><\/dl><br style=\"clear: both\" \/>\n\t\t<\/div>\n\n<p><a href=\"https:\/\/www.facebook.com\/gsadowne\/photos\/pcb.1366478796816696\/1366476083483634\/?type=3\"><br \/>\n<\/a><strong>\u0179r\u00f3d\u0142o:<\/strong> <a href=\"https:\/\/www.facebook.com\/gsadowne\/\" target=\"_blank\" rel=\"noopener noreferrer\">https:\/\/www.facebook.com\/gsadowne\/<\/a><\/p>\n","protected":false},"excerpt":{"rendered":"<p>W dniu 4 wrze\u015bnia 2018 r. w miejscowo\u015bci Orze\u0142ek mia\u0142o miejsce niecodzienne wydarzenie &#8211; setne urodziny obchodzi\u0142a mieszkanka naszej gminy Pani Eugenia Podg\u00f3rska.\u00a0<\/p>\n","protected":false},"author":1,"featured_media":0,"comment_status":"closed","ping_status":"closed","sticky":false,"template":"","format":"standard","meta":{"footnotes":""},"categories":[5,41],"tags":[2887,155,25],"class_list":["post-19065","post","type-post","status-publish","format-standard","hentry","category-newsy","category-wiesci-gminne","tag-100-lat-w-orzelku","tag-orzelek","tag-sadowne"],"views":3221,"_links":{"self":[{"href":"https:\/\/info.sadowne.pl\/index.php?rest_route=\/wp\/v2\/posts\/19065","targetHints":{"allow":["GET"]}}],"collection":[{"href":"https:\/\/info.sadowne.pl\/index.php?rest_route=\/wp\/v2\/posts"}],"about":[{"href":"https:\/\/info.sadowne.pl\/index.php?rest_route=\/wp\/v2\/types\/post"}],"author":[{"embeddable":true,"href":"https:\/\/info.sadowne.pl\/index.php?rest_route=\/wp\/v2\/users\/1"}],"replies":[{"embeddable":true,"href":"https:\/\/info.sadowne.pl\/index.php?rest_route=%2Fwp%2Fv2%2Fcomments&post=19065"}],"version-history":[{"count":1,"href":"https:\/\/info.sadowne.pl\/index.php?rest_route=\/wp\/v2\/posts\/19065\/revisions"}],"predecessor-version":[{"id":19072,"href":"https:\/\/info.sadowne.pl\/index.php?rest_route=\/wp\/v2\/posts\/19065\/revisions\/19072"}],"wp:attachment":[{"href":"https:\/\/info.sadowne.pl\/index.php?rest_route=%2Fwp%2Fv2%2Fmedia&parent=19065"}],"wp:term":[{"taxonomy":"category","embeddable":true,"href":"https:\/\/info.sadowne.pl\/index.php?rest_route=%2Fwp%2Fv2%2Fcategories&post=19065"},{"taxonomy":"post_tag","embeddable":true,"href":"https:\/\/info.sadowne.pl\/index.php?rest_route=%2Fwp%2Fv2%2Ftags&post=19065"}],"curies":[{"name":"wp","href":"https:\/\/api.w.org\/{rel}","templated":true}]}}