{"id":19078,"date":"2018-09-09T12:03:07","date_gmt":"2018-09-09T10:03:07","guid":{"rendered":"http:\/\/info.sadowne.pl\/?p=19078"},"modified":"2018-09-09T12:03:07","modified_gmt":"2018-09-09T10:03:07","slug":"dozynki-diecezjalne","status":"publish","type":"post","link":"https:\/\/info.sadowne.pl\/?p=19078","title":{"rendered":"Do\u017cynki Diecezjalne"},"content":{"rendered":"<p><strong><img loading=\"lazy\" decoding=\"async\" class=\"alignleft size-thumbnail wp-image-19079\" src=\"http:\/\/info.sadowne.pl\/wp-content\/uploads\/2018\/09\/2018.09.09.1-180x130.jpg\" alt=\"\" width=\"180\" height=\"130\" \/>8 wrze\u015bnia w Sadownem rolnicy Diecezji Drohiczy\u0144skiej wsp\u00f3lnie dzi\u0119kowali Bogu za tegoroczne plony. Do\u017cynki wyra\u017ca\u0142y r\u00f3wnie\u017c uznanie za trud pracy rolniczej.<\/strong><!--more--><\/p>\n<p>8 wrze\u015bnia ju\u017c przed godz. 10.00 do Sadownego zacz\u0119\u0142y przybywa\u0107 pierwsze delegacje z parafii Diecezji Drohiczy\u0144skiej, kt\u00f3re podj\u0119\u0142y zaproszenie na wsp\u00f3lne uczestnictwo w uroczysto\u015bci dzi\u0119kczynnej za otrzymane tegoroczne plony ziemi. Delegacje przywioz\u0142y ze sob\u0105 wie\u0144ce do\u017cynkowe, kt\u00f3re powsta\u0142y z lokalnych p\u0142od\u00f3w rolnych, ale te\u017c nawi\u0105zywa\u0142y do 100. rocznicy odzyskania przez Polsk\u0119 niepodleg\u0142o\u015bci. Wesz\u0142y one w sk\u0142ad procesji liturgicznej, kt\u00f3ra ruszy\u0142a spod ko\u015bcio\u0142a na plac celebry &#8211; nowy plac targowy znajduj\u0105cy si\u0119 na ty\u0142ach ko\u015bcio\u0142a parafialnego.<\/p>\n<p>W pi\u0119knej scenerii do\u017cynkowej, przy asy\u015bcie licznych poczt\u00f3w sztandarowych, odby\u0142a si\u0119 tu g\u0142\u00f3wna cz\u0119\u015b\u0107 uroczysto\u015bci \u2013 msza \u015bw. sprawowana pod przewodnictwem ks. bpa Tadeusza Pikusa. Tu\u017c przed ni\u0105 duchowie\u0144stwo i wiernych powita\u0142 proboszcz sadowie\u0144skiej parafii ks. Stanis\u0142aw Wojciechowski, a W\u00f3jt Gminy Sadowne p. Waldemara Cyran \u2013 przedstawicieli w\u0142adz pa\u0144stwowych i samorz\u0105dowych, m.in.: wiceministra rolnictwa\u00a0p. Tadeusza Roma\u0144czuka, senatora\u00a0RP p. Waldemara Krask\u0119, pos\u0142\u00f3w:\u00a0p. Krystyn\u0119 Paw\u0142owicz<strong>\u00a0<\/strong>i p. Marka Sawickiego, wicemarsza\u0142ek wojew\u00f3dztwa mazowieckiego<strong>\u00a0<\/strong>p. Janin\u0119 Ew\u0119 Orze\u0142owsk\u0105,\u00a0 cz\u0142onka zarz\u0105du wojew\u00f3dztwa\u00a0mazowieckiego p. El\u017cbiet\u0119 Lanc, starost\u0119 w\u0119growskego\u00a0p. Krzysztofa Fedorczyka<strong>, <\/strong>wicestarost\u0119\u00a0p. Halina Uli\u0144sk\u0105, burmistrz\u00f3w, w\u00f3jt\u00f3w z Diecezji Drohiczy\u0144skiej, a tak\u017ce radnych i so\u0142tys\u00f3w powiatu w\u0119growskiego. Zast\u0119pca W\u00f3jta Gminy Sadowne p. Marcin Gr\u0119da odczyta\u0142 list Prezydenta RP p. Andrzeja Dudy, kt\u00f3ry obj\u0105\u0142 uroczysto\u015bci sadowie\u0144skie patronatem honorowym, a p. Marek Renik, kierownik Delegatury Mazowieckiego Urz\u0119du Wojew\u00f3dzkiego w Siedlcach &#8211; list od p. senator RP Marii Koc.<\/p>\n<p>Tu\u017c po godz. 11.00 rozpocz\u0119\u0142a si\u0119 uroczysta msza \u015bw., podczas kt\u00f3rej &#8211; na pro\u015bb\u0119 starost\u00f3w do\u017cynek: Hanny i Tomasza Szymanik\u00f3w z P\u0142atkownicy &#8211; odby\u0142o si\u0119 b\u0142ogos\u0142awie\u0144stwo wie\u0144c\u00f3w i ziarna siewnego przez ks. Biskupa. Podczas po\u015bwi\u0119cenia delegacje przechodzi\u0142y procesyjnie przed o\u0142tarzem i ustawia\u0142y si\u0119 wok\u00f3\u0142 placu celebry.<\/p>\n<p>Homilia ks. bpa to nawi\u0105zanie do obchodzonego tego dnia \u015bwi\u0119ta\u00a0Narodzenia Naj\u015bwi\u0119tszej Maryi Panny, ale te\u017c\u00a0 100. rocznicy odzyskania przez Polsk\u0119 niepodleg\u0142o\u015bci i znaczenie w obecnych czasach prawdziwego patriotyzmu. Jak stwierdzi\u0142, \u201eopr\u00f3cz wi\u0119zi z ziemi\u0105 ojczyst\u0105, z domem rodzinnym, z tradycj\u0105, patriotyzm to dobrze rozumiana duma i rado\u015b\u0107 bycia Polakiem, troska o pi\u0119kno j\u0119zyka ojczystego, przywi\u0105zanie do warto\u015bci wypracowanych przez poprzednie pokolenia\u201d.<\/p>\n<p>W dalszej cz\u0119\u015bci mszy \u015bw., kt\u00f3rej pi\u0119kn\u0105 opraw\u0119 muzyczn\u0105 przygotowa\u0142 pod kierunkiem dyrygenta p. Mieczys\u0142awa Osiadacza ch\u00f3r \u201eBelcanto\u201d i organista naszej parafii p. Marcin Bocian, odby\u0142a si\u0119 procesja z darami dla Diecezji oraz b\u0142ogos\u0142awie\u0144stwo ziarna siewnego i chleb\u00f3w, kt\u00f3rymi p\u00f3\u017aniej podzielili si\u0119 uczestnicy uroczysto\u015bci.<\/p>\n<p>Ks. Biskup odznaczy\u0142\u00a0 r\u00f3wnie\u017c \u201eBr\u0105zowym Medalem Benemerenti Diecezji Drohiczy\u0144skiej\u201d osoby zas\u0142u\u017cone: Mari\u0119 Kalbarczyk z par. Sadowne, Tadeusza Kalbarczyka z par. Sadowne, Hann\u0119 Koro\u015b z par. Sadowne, Zofi\u0119 Murawsk\u0105 z par. Wniebowzi\u0119cia NMP w W\u0119growie, El\u017cbiet\u0119 Ogonowsk\u0105 z par. Sadowne, Jana Ogonowskiego z par. Sadowne, Krystyn\u0119 Popowsk\u0105\u00a0z par. Wniebowzi\u0119cia NMP w W\u0119growie. Wr\u0119czono r\u00f3wnie\u017c stosowne wyr\u00f3\u017cnienia.<\/p>\n<p>Komisja, w sk\u0142ad kt\u00f3rej weszli: p. Bo\u017cena Gierej \u2013 Naczelnik Wydzia\u0142u \u015arodowiska, Rolnictwa i Le\u015bnictwa Starostwa Powiatowego w W\u0119growie, wikariusz parafii Sadowne ks. Karol Lipczy\u0144ski i diakon Bartosz Ojdana, wybra\u0142a najpi\u0119kniejszy wieniec do\u017cynkowy \u2013 ten konkurs wygra\u0142a parafia Wyroz\u0119by. Nagrody za kolejne miejsca oraz wyr\u00f3\u017cnienia Starosty W\u0119growskiego i W\u00f3jta Gminy Sadowne otrzyma\u0142y r\u00f3wnie\u017c inne diecezjalne delegacje.<\/p>\n<p>Do wiernych zwr\u00f3ci\u0142 si\u0119 tak\u017ce diecezjalny duszpasterz rolnik\u00f3w ks. kan. Andrzej Sieczkiewicz, a s\u0142owa wdzi\u0119czno\u015bci za do\u017cynkowe uroczysto\u015bci wszystkim przyby\u0142ym z\u0142o\u017cy\u0142 starosta Powiatu W\u0119growskiego p. Krzysztof Fedorczyk.<\/p>\n<p>Po mszy \u015bw. rozpocz\u0119\u0142a si\u0119 druga cz\u0119\u015b\u0107 uroczysto\u015bci, podczas kt\u00f3rej organizatorzy zaprosili obecnych na zwiedzanie stoisk wystawowych, wyst\u0119py artystyczne i pocz\u0119stunek, przygotowany przez Gminny O\u015brodek Kultury w Sadownem oraz wszystkie so\u0142ectwa gminy Sadowne. Cz\u0119\u015b\u0107 artystyczn\u0105 poprowadzi\u0142a p. Sylwia Lewandowska.<\/p>\n<p>W czasie wsp\u00f3lnego biesiadowania mogli\u015bmy zobaczy\u0107 i pos\u0142ucha\u0107 Zespo\u0142u Ludowego \u201eW\u0119growianie\u201d, p. El\u017cbiety S\u00f3wki prezentuj\u0105cej swoje wiersze, w ta\u0144cach podlaskich i polonezie Grup\u0119 Taneczn\u0105 \u201eSadowne\u201d z Zespo\u0142u Szk\u00f3\u0142 Ponadgimnazjalnych w Sadownem, prowadzon\u0105 przez pa\u0144stwa Miros\u0142aw\u0119 i Marka Renik\u00f3w, Zesp\u00f3\u0142 \u015apiewaczy \u201eSadowianki\u201d i Zesp\u00f3\u0142 Taneczny \u201eCyganeria\u201d dzia\u0142aj\u0105cy przy MDK w Ostrowi Mazowieckiej.<\/p>\n<p>Po zespo\u0142ach ludowych przedstawiciele KRUS w W\u0119growie rozstrzygn\u0119li prowadzony przez siebie podczas do\u017cynek konkurs wiedzy rolniczej, po czym wyst\u0105pi\u0142 Zesp\u00f3\u0142 \u201eDejw\u201d z Wyszkowa z repertuarem disco polo, a Gminna Biblioteka Publiczna w Sadownem w\u0142\u0105czy\u0142a si\u0119 w akcj\u0119 Narodowego Czytania &#8211; w tym roku us\u0142yszeli\u015bmy\u201ePrzedwio\u015bnie\u201d Stefana \u017beromskiego, a patronat nad t\u0105 akcj\u0105 obj\u0119\u0142a Para Prezydencka RP. Na sadowie\u0144skiej scenie akcj\u0119 poprowadzi\u0142y panie: Danuta Chyli\u0144ska i Monika K\u0105dziela, a fragmenty \u201ePrzedwio\u015bnia\u201d przeczytali dla nas pp.: Marcin Gr\u0119da, El\u017cbieta D\u0119bkowska \u2013 Akonom, S\u0142awomir Akonom, Barbara Klimek, Hanna \u0141ojek i Anna Ogonowska.<\/p>\n<p>Pomimo padaj\u0105cego deszczu, rzesze publiczno\u015bci przyci\u0105gn\u0119\u0142y wyst\u0119py kolejnych artyst\u00f3w: Neli Zawadzkiej z W\u0119growa, finalistki popularnego programu TVP \u201eThe Voice Kids\u201d, zespo\u0142u rockowo &#8211; bluesowego \u201eWysokie St\u0119\u017cenie Bluesa\u201d, zespo\u0142u disco polo \u201ePower Boy\u201d z Ostro\u0142\u0119ki, zespo\u0142u \u201eKolorowe Gitary\u201d \u2013 jednej z najlepszych polskich grup muzycznych wykonuj\u0105cych przeboje Czerwonych Gitar i Trzech Koron oraz zespo\u0142u \u201eSTART\u201d z Wo\u0142omina prezentuj\u0105cego muzyk\u0119 disco polo\/dance.<\/p>\n<p>I to chyba wszystko. Pi\u0119kna i donios\u0142a uroczysto\u015b\u0107, kt\u00f3r\u0105 po raz pierwszy w Sadownem przygotowa\u0142y wsp\u00f3lnie Diecezja Drohiczy\u0144ska, Powiat W\u0119growski i Gmina Sadowne, ale\u2026 jak podkre\u015bli\u0142 to bp Tadeusz Pikus, Starosta p. Krzysztof Fedorczyk i W\u00f3jt Gminy Sadowne p. Waldemar Cyran, najwi\u0119ksze podzi\u0119kowania nale\u017c\u0105 si\u0119 tym mieszka\u0144com Gminy Sadowne i parafianom, kt\u00f3rzy od wielu tygodni intensywnie pracowali nad przygotowaniem tej uroczysto\u015bci. A jak to wypad\u0142o? Sami widzieli\u015bmy \u2013 wielkie brawa i dzi\u0119ki! Uroczysto\u015b\u0107 podsumowa\u0142 w kilku s\u0142owach Biskup Drohiczy\u0144ski: \u201eNa pewno wyje\u017cd\u017caj\u0105cy z Sadownego go\u015bcie b\u0119d\u0105 zadowoleni, ale i nie b\u0119d\u0105\u2026 g\u0142odni\u201d.<\/p>\n<p><span style=\"color: #0000ff;\"><a style=\"color: #0000ff;\" href=\"https:\/\/photos.google.com\/share\/AF1QipM7AkMgeoWuqPmhTkDeWLAhID7FJ0YhgLeOhqMa6ooVhU3yFy4pVaMQjypQJA-rMw?key=ZzFGVjVsQUM2WmlhZ0M3bkpqWmt5dm0tdWg4S1d3\" target=\"_blank\" rel=\"noopener noreferrer\"><strong>Zdj\u0119cia w galerii Google&gt;&gt;&gt;<\/strong><\/a><\/span><\/p>\n<p><strong>Tekst\/foto:<\/strong> S\u0142awek Chyli\u0144ski<\/p>\n","protected":false},"excerpt":{"rendered":"<p>8 wrze\u015bnia w Sadownem rolnicy Diecezji Drohiczy\u0144skiej wsp\u00f3lnie dzi\u0119kowali Bogu za tegoroczne plony. Do\u017cynki wyra\u017ca\u0142y r\u00f3wnie\u017c uznanie za trud pracy rolniczej.<\/p>\n","protected":false},"author":1,"featured_media":0,"comment_status":"closed","ping_status":"closed","sticky":false,"template":"","format":"standard","meta":{"footnotes":""},"categories":[5,91,6],"tags":[2881,25],"class_list":["post-19078","post","type-post","status-publish","format-standard","hentry","category-newsy","category-gminny-osrodek-kultury","category-kultura-rozrywka-edukacja","tag-dozynki-diecezjalne-w-sadownem","tag-sadowne"],"views":3680,"_links":{"self":[{"href":"https:\/\/info.sadowne.pl\/index.php?rest_route=\/wp\/v2\/posts\/19078","targetHints":{"allow":["GET"]}}],"collection":[{"href":"https:\/\/info.sadowne.pl\/index.php?rest_route=\/wp\/v2\/posts"}],"about":[{"href":"https:\/\/info.sadowne.pl\/index.php?rest_route=\/wp\/v2\/types\/post"}],"author":[{"embeddable":true,"href":"https:\/\/info.sadowne.pl\/index.php?rest_route=\/wp\/v2\/users\/1"}],"replies":[{"embeddable":true,"href":"https:\/\/info.sadowne.pl\/index.php?rest_route=%2Fwp%2Fv2%2Fcomments&post=19078"}],"version-history":[{"count":1,"href":"https:\/\/info.sadowne.pl\/index.php?rest_route=\/wp\/v2\/posts\/19078\/revisions"}],"predecessor-version":[{"id":19080,"href":"https:\/\/info.sadowne.pl\/index.php?rest_route=\/wp\/v2\/posts\/19078\/revisions\/19080"}],"wp:attachment":[{"href":"https:\/\/info.sadowne.pl\/index.php?rest_route=%2Fwp%2Fv2%2Fmedia&parent=19078"}],"wp:term":[{"taxonomy":"category","embeddable":true,"href":"https:\/\/info.sadowne.pl\/index.php?rest_route=%2Fwp%2Fv2%2Fcategories&post=19078"},{"taxonomy":"post_tag","embeddable":true,"href":"https:\/\/info.sadowne.pl\/index.php?rest_route=%2Fwp%2Fv2%2Ftags&post=19078"}],"curies":[{"name":"wp","href":"https:\/\/api.w.org\/{rel}","templated":true}]}}