{"id":19086,"date":"2018-09-09T20:30:02","date_gmt":"2018-09-09T18:30:02","guid":{"rendered":"http:\/\/info.sadowne.pl\/?p=19086"},"modified":"2018-09-09T20:30:02","modified_gmt":"2018-09-09T18:30:02","slug":"ociete-ma-ii-miejsce","status":"publish","type":"post","link":"https:\/\/info.sadowne.pl\/?p=19086","title":{"rendered":"Oci\u0119te ma II miejsce"},"content":{"rendered":"<p><strong><a href=\"http:\/\/info.sadowne.pl\/wp-content\/uploads\/2018\/09\/2018.09.09-3.jpg\" target=\"_blank\" rel=\"noopener noreferrer\"><img loading=\"lazy\" decoding=\"async\" class=\"alignleft wp-image-19087 size-thumbnail\" src=\"http:\/\/info.sadowne.pl\/wp-content\/uploads\/2018\/09\/2018.09.09-3-180x130.jpg\" alt=\"\" width=\"180\" height=\"130\" srcset=\"https:\/\/info.sadowne.pl\/wp-content\/uploads\/2018\/09\/2018.09.09-3-180x130.jpg 180w, https:\/\/info.sadowne.pl\/wp-content\/uploads\/2018\/09\/2018.09.09-3-300x215.jpg 300w, https:\/\/info.sadowne.pl\/wp-content\/uploads\/2018\/09\/2018.09.09-3-768x549.jpg 768w, https:\/\/info.sadowne.pl\/wp-content\/uploads\/2018\/09\/2018.09.09-3.jpg 780w\" sizes=\"auto, (max-width: 180px) 100vw, 180px\" \/><\/a>9 wrze\u015bnia w W\u0119growie ju\u017c po raz kolejny odby\u0142o si\u0119 Mazowieckie \u015awi\u0119to Chleba i Sera, czyli Do\u017cynki Powiatu W\u0119growskiego. Nasi r\u00f3wnie\u017c tam byli!<\/strong><!--more--><\/p>\n<p><a href=\"http:\/\/info.sadowne.pl\/wp-content\/uploads\/2018\/09\/2018.09.09-1.jpg\" target=\"_blank\" rel=\"noopener noreferrer\"><img loading=\"lazy\" decoding=\"async\" class=\"alignright wp-image-19088 size-thumbnail\" src=\"http:\/\/info.sadowne.pl\/wp-content\/uploads\/2018\/09\/2018.09.09-1-180x130.jpg\" alt=\"\" width=\"180\" height=\"130\" \/><\/a>Organizatorzy przygotowali wiele atrakcji, wyst\u0119p\u00f3w scenicznych gwiazd muzycznych, w tym Sylwii Grzeszczak. Imprez\u0119 prowadzi\u0142a p. Katarzyna Zabada\u0142a \u2013 Dyrektor W\u0119growskiego O\u015brodka Kultury, a jej uczestnicy mogli te\u017c skorzysta\u0107 z r\u00f3\u017cnych form doradztwa rolniczego, a tak\u017ce stoisk Jarmarku R\u0119kodzie\u0142a Ludowego i imprez towarzysz\u0105cych.<\/p>\n<p><a href=\"http:\/\/info.sadowne.pl\/wp-content\/uploads\/2018\/09\/2018.09.09-2.jpg\" target=\"_blank\" rel=\"noopener noreferrer\"><img loading=\"lazy\" decoding=\"async\" class=\"alignleft wp-image-19089 size-thumbnail\" src=\"http:\/\/info.sadowne.pl\/wp-content\/uploads\/2018\/09\/2018.09.09-2-180x130.jpg\" alt=\"\" width=\"180\" height=\"130\" \/><\/a>\u015awi\u0119to Chleba rozpocz\u0119\u0142a uroczysta msza \u015bw. w w\u0119growskiej Bazylice Mniejszej, gdzie r\u00f3wnie\u017c prezentowano i po\u015bwi\u0119cono wie\u0144ce do\u017cynkowe powiatu w\u0119growskiego. Uczestniczy\u0142y one nast\u0119pnie w Konkursie na \u201eNajpi\u0119kniejszy wieniec do\u017cynkowy\u201d.<\/p>\n<p><strong><a href=\"http:\/\/info.sadowne.pl\/wp-content\/uploads\/2018\/09\/2018.09.09-4.jpg\" target=\"_blank\" rel=\"noopener noreferrer\"><img loading=\"lazy\" decoding=\"async\" class=\"alignright wp-image-19090 size-thumbnail\" src=\"http:\/\/info.sadowne.pl\/wp-content\/uploads\/2018\/09\/2018.09.09-4-180x130.jpg\" alt=\"\" width=\"180\" height=\"130\" \/><\/a>Mi\u0142o nam poinformowa\u0107, i\u017c w Mazowieckim \u015awi\u0119cie Chleba reprezentowa\u0142y nas dwie delegacje z wie\u0144cami do\u017cynkowymi, kt\u00f3re zebra\u0142y najwy\u017csze oceny Komisji Konkursowej.<\/strong><\/p>\n<p><strong><a href=\"http:\/\/info.sadowne.pl\/wp-content\/uploads\/2018\/09\/2018.09.09-5.jpg\" target=\"_blank\" rel=\"noopener noreferrer\"><img loading=\"lazy\" decoding=\"async\" class=\"alignleft wp-image-19091 size-thumbnail\" src=\"http:\/\/info.sadowne.pl\/wp-content\/uploads\/2018\/09\/2018.09.09-5-180x130.jpg\" alt=\"\" width=\"180\" height=\"130\" \/><\/a>W kategorii tradycyjnych wie\u0144c\u00f3w do\u017cynkowych wyr\u00f3\u017cnienie otrzyma\u0142 wieniec wykonany przez Zesp\u00f3\u0142 \u015apiewaczy \u201eSadowianki\u201d, natomiast w kategorii wie\u0144c\u00f3w o formatach obcych tradycji ludowej wieniec wsi Oci\u0119te zaj\u0105\u0142 wysokie II miejsce. Brawo!<\/strong><\/p>\n<p><strong>Tekst: <\/strong>S\u0142awek Chyli\u0144ski<\/p>\n<p><strong>Foto: <\/strong>DCh\/SCh<\/p>\n","protected":false},"excerpt":{"rendered":"<p>9 wrze\u015bnia w W\u0119growie ju\u017c po raz kolejny odby\u0142o si\u0119 Mazowieckie \u015awi\u0119to Chleba i Sera, czyli Do\u017cynki Powiatu W\u0119growskiego. Nasi r\u00f3wnie\u017c tam byli!<\/p>\n","protected":false},"author":1,"featured_media":0,"comment_status":"closed","ping_status":"closed","sticky":false,"template":"","format":"standard","meta":{"footnotes":""},"categories":[5,91,6],"tags":[948,180,960],"class_list":["post-19086","post","type-post","status-publish","format-standard","hentry","category-newsy","category-gminny-osrodek-kultury","category-kultura-rozrywka-edukacja","tag-mazowieckie-swieto-chleba","tag-ociete","tag-zespol-spiewaczy-sadowianki"],"views":3013,"_links":{"self":[{"href":"https:\/\/info.sadowne.pl\/index.php?rest_route=\/wp\/v2\/posts\/19086","targetHints":{"allow":["GET"]}}],"collection":[{"href":"https:\/\/info.sadowne.pl\/index.php?rest_route=\/wp\/v2\/posts"}],"about":[{"href":"https:\/\/info.sadowne.pl\/index.php?rest_route=\/wp\/v2\/types\/post"}],"author":[{"embeddable":true,"href":"https:\/\/info.sadowne.pl\/index.php?rest_route=\/wp\/v2\/users\/1"}],"replies":[{"embeddable":true,"href":"https:\/\/info.sadowne.pl\/index.php?rest_route=%2Fwp%2Fv2%2Fcomments&post=19086"}],"version-history":[{"count":1,"href":"https:\/\/info.sadowne.pl\/index.php?rest_route=\/wp\/v2\/posts\/19086\/revisions"}],"predecessor-version":[{"id":19092,"href":"https:\/\/info.sadowne.pl\/index.php?rest_route=\/wp\/v2\/posts\/19086\/revisions\/19092"}],"wp:attachment":[{"href":"https:\/\/info.sadowne.pl\/index.php?rest_route=%2Fwp%2Fv2%2Fmedia&parent=19086"}],"wp:term":[{"taxonomy":"category","embeddable":true,"href":"https:\/\/info.sadowne.pl\/index.php?rest_route=%2Fwp%2Fv2%2Fcategories&post=19086"},{"taxonomy":"post_tag","embeddable":true,"href":"https:\/\/info.sadowne.pl\/index.php?rest_route=%2Fwp%2Fv2%2Ftags&post=19086"}],"curies":[{"name":"wp","href":"https:\/\/api.w.org\/{rel}","templated":true}]}}