{"id":19104,"date":"2018-09-10T15:12:24","date_gmt":"2018-09-10T13:12:24","guid":{"rendered":"http:\/\/info.sadowne.pl\/?p=19104"},"modified":"2018-09-10T15:12:24","modified_gmt":"2018-09-10T13:12:24","slug":"podziekowanie-3","status":"publish","type":"post","link":"https:\/\/info.sadowne.pl\/?p=19104","title":{"rendered":"PODZI\u0118KOWANIE"},"content":{"rendered":"<p><strong><img loading=\"lazy\" decoding=\"async\" class=\"alignleft size-thumbnail wp-image-19105\" src=\"http:\/\/info.sadowne.pl\/wp-content\/uploads\/2018\/09\/2018.09.10.10-180x130.jpg\" alt=\"\" width=\"180\" height=\"130\" \/>W imieniu mieszka\u0144c\u00f3w Gminy Sadowne oraz w\u0142asnym, chcia\u0142bym bardzo podzi\u0119kowa\u0107 wszystkim za przybycie i u\u015bwietnienie uroczysto\u015bci&#8230;<\/strong><!--more--><\/p>\n<p><img loading=\"lazy\" decoding=\"async\" class=\"aligncenter size-full wp-image-19105\" src=\"http:\/\/info.sadowne.pl\/wp-content\/uploads\/2018\/09\/2018.09.10.10.jpg\" alt=\"\" width=\"603\" height=\"872\" srcset=\"https:\/\/info.sadowne.pl\/wp-content\/uploads\/2018\/09\/2018.09.10.10.jpg 603w, https:\/\/info.sadowne.pl\/wp-content\/uploads\/2018\/09\/2018.09.10.10-207x300.jpg 207w\" sizes=\"auto, (max-width: 603px) 100vw, 603px\" \/><\/p>\n","protected":false},"excerpt":{"rendered":"<p>W imieniu mieszka\u0144c\u00f3w Gminy Sadowne oraz w\u0142asnym, chcia\u0142bym bardzo podzi\u0119kowa\u0107 wszystkim za przybycie i u\u015bwietnienie uroczysto\u015bci&#8230;<\/p>\n","protected":false},"author":1,"featured_media":0,"comment_status":"closed","ping_status":"closed","sticky":false,"template":"","format":"standard","meta":{"footnotes":""},"categories":[5,41],"tags":[2881,237,1033,614],"class_list":["post-19104","post","type-post","status-publish","format-standard","hentry","category-newsy","category-wiesci-gminne","tag-dozynki-diecezjalne-w-sadownem","tag-podziekowanie","tag-waldemar-cyran","tag-wojt-gminy-sadowne"],"views":3369,"_links":{"self":[{"href":"https:\/\/info.sadowne.pl\/index.php?rest_route=\/wp\/v2\/posts\/19104","targetHints":{"allow":["GET"]}}],"collection":[{"href":"https:\/\/info.sadowne.pl\/index.php?rest_route=\/wp\/v2\/posts"}],"about":[{"href":"https:\/\/info.sadowne.pl\/index.php?rest_route=\/wp\/v2\/types\/post"}],"author":[{"embeddable":true,"href":"https:\/\/info.sadowne.pl\/index.php?rest_route=\/wp\/v2\/users\/1"}],"replies":[{"embeddable":true,"href":"https:\/\/info.sadowne.pl\/index.php?rest_route=%2Fwp%2Fv2%2Fcomments&post=19104"}],"version-history":[{"count":1,"href":"https:\/\/info.sadowne.pl\/index.php?rest_route=\/wp\/v2\/posts\/19104\/revisions"}],"predecessor-version":[{"id":19106,"href":"https:\/\/info.sadowne.pl\/index.php?rest_route=\/wp\/v2\/posts\/19104\/revisions\/19106"}],"wp:attachment":[{"href":"https:\/\/info.sadowne.pl\/index.php?rest_route=%2Fwp%2Fv2%2Fmedia&parent=19104"}],"wp:term":[{"taxonomy":"category","embeddable":true,"href":"https:\/\/info.sadowne.pl\/index.php?rest_route=%2Fwp%2Fv2%2Fcategories&post=19104"},{"taxonomy":"post_tag","embeddable":true,"href":"https:\/\/info.sadowne.pl\/index.php?rest_route=%2Fwp%2Fv2%2Ftags&post=19104"}],"curies":[{"name":"wp","href":"https:\/\/api.w.org\/{rel}","templated":true}]}}