{"id":19128,"date":"2018-09-15T20:08:23","date_gmt":"2018-09-15T18:08:23","guid":{"rendered":"http:\/\/info.sadowne.pl\/?p=19128"},"modified":"2018-09-15T20:08:23","modified_gmt":"2018-09-15T18:08:23","slug":"i-krupinskie-swietowalo","status":"publish","type":"post","link":"https:\/\/info.sadowne.pl\/?p=19128","title":{"rendered":"I Krupi\u0144skie \u015bwi\u0119towa\u0142o!"},"content":{"rendered":"<p><strong><img loading=\"lazy\" decoding=\"async\" class=\"alignleft size-thumbnail wp-image-19129\" src=\"http:\/\/info.sadowne.pl\/wp-content\/uploads\/2018\/09\/2018.09.15.1-180x130.jpg\" alt=\"\" width=\"180\" height=\"130\" \/>A by\u0142o co \u015bwi\u0119towa\u0107 \u2013 100-lecie niepodleg\u0142o\u015bci, kt\u00f3re sta\u0142o si\u0119 okazj\u0105 do nadania imienia \u201eD\u0105b Niepodleg\u0142o\u015bci\u201d pomnikowi przyrody rosn\u0105cemu od 100 lat w centrum Krupi\u0144skiego.<\/strong><!--more--><\/p>\n<p>15 wrze\u015bnia w Krupi\u0144skiem odby\u0142a si\u0119 wa\u017cna uroczysto\u015b\u0107 zwi\u0105zana z obchodami 100-lecia niepodleg\u0142o\u015bci Polski. Mieszka\u0144cy wsi postanowili tak donios\u0142\u0105 rocznic\u0119 uczci\u0107 poprzez zorganizowanie u siebie uroczysto\u015bci, podczas kt\u00f3rej nadano imi\u0119 \u201eD\u0105b Niepodleg\u0142o\u015bci\u201d drzewu z gatunku d\u0105b szypu\u0142kowy, uznanemu za pomnik przyrody.<\/p>\n<p>Fakt ten zosta\u0142 r\u00f3wnie\u017c unormowany Uchwa\u0142\u0105 Nr XLIX\/260\/2018 Rady Gminy Sadowne z dnia 6 wrze\u015bnia 2018 roku. A tak tylko dla ciekawo\u015bci &#8211; przedmiotowy pomnik przyrody, d\u0105b szypu\u0142kowy znajduje si\u0119 na skrzy\u017cowaniu przy wje\u017adzie do m. Krupi\u0144skie i posiada wymiary: obw\u00f3d pnia &#8211; 390 cm, wysoko\u015b\u0107 \u2013 22 m. Jak twierdz\u0105 najstarsi mieszka\u0144cy Krupi\u0144skiego i zosta\u0142o to udokumentowane, d\u0105b zosta\u0142 posadzony w roku odzyskania przez Polsk\u0119 niepodleg\u0142o\u015bci.<\/p>\n<p>W sobotnie popo\u0142udnie na uroczysto\u015b\u0107 przybyli chyba wszyscy mieszka\u0144cy Krupi\u0144skiego &#8211; niekt\u00f3rzy w strojach historycznych, ale te\u017c s\u0105siedzi z gminy Sadowne i zaproszeni go\u015bcie. Uroczysto\u015b\u0107 przygotowa\u0142a Rada So\u0142ecka wsi Krupi\u0144skie z p. so\u0142tys Barbar\u0105 Laska na czele, a prowadzi\u0142a j\u0105 p. Anna P\u0142ocharska.<\/p>\n<p>Po od\u015bpiewaniu hymnu pa\u0144stwowego, powitaniu uczestnik\u00f3w uroczysto\u015bci przez p. So\u0142tys i odczytaniu przez Przewodnicz\u0105cego Rady Gminy Sadowne p. Piotra Olkowskiego wspomnianej wcze\u015bniej Uchwa\u0142y, nast\u0105pi\u0142o uroczyste ods\u0142oni\u0119cie tablicy pami\u0105tkowej. Dokonali tego: p. Marsza\u0142ek El\u017cbieta Lanc, p. W\u00f3jt Waldemar Cyran, p. So\u0142tys Barbara Laska i p. Edward Danaj &#8211; fundator tablicy, po czym ks. Stanis\u0142aw Wojciechowski dokona\u0142 jej po\u015bwi\u0119cenia.<\/p>\n<p>Jeszcze tylko oficjalne gratulacje oraz podzi\u0119kowania dla mieszka\u0144c\u00f3w za pi\u0119kn\u0105 inicjatyw\u0119 i uczestnicy uroczysto\u015bci mogli przyst\u0105pi\u0107 do korzystania z przygotowanych dla nich atrakcji. Na dzieci czeka\u0142 m.in. plac zabaw, malowanie twarzy, stoiska z r\u00f3\u017cnymi grami i warsztatami, a na wszystkich pocz\u0119stunek, zwiedzanie m\u0142yna p. Jana Ufnala i ku\u017ani kowala artystycznego p. Edwarda Danaja oraz oczywi\u015bcie wyst\u0119py naszych artyst\u00f3w: Julii Urbankowskiej i Andrzeja Oltona. Dalej zabaw\u0119 kontynuowano przy muzyce DJ-a.<\/p>\n<p>Wspania\u0142a uroczysto\u015b\u0107, kt\u00f3r\u0105 przygotowali nam mieszka\u0144cy Krupi\u0144skiego. Wa\u017cne jest te\u017c, \u017ce tak wspania\u0142y pomnik przyrody, kt\u00f3ry zwany by\u0142 ju\u017c wcze\u015bniej przez mieszka\u0144c\u00f3w \u201eD\u0119bem Niepodleg\u0142o\u015bci\u201d, utrwali\u0142 swoj\u0105 nazw\u0119 za pomoc\u0105 aktu prawa lokalnego. Od dzisiaj, dzi\u0119ki tej uroczysto\u015bci, s\u0142owo \u201eniepodleg\u0142o\u015b\u0107\u201d by\u0107 mo\u017ce b\u0119dzie cz\u0119\u015bciej go\u015bci\u0142o na naszych ustach.<\/p>\n<p><span style=\"color: #0000ff;\"><a style=\"color: #0000ff;\" href=\"https:\/\/photos.google.com\/share\/AF1QipOj8spkw4gr69WZmPOBwGKU-LI-WXTa76BOH7-cgk0Lfx2Alfm7zJSNCJh0mHH_6A?key=bnFJUXkzTVdBR2RZOGwwdUU2cVB4NHQzZWlCbjhB\" target=\"_blank\" rel=\"noopener noreferrer\"><strong>Zdj\u0119cia w galerii Google&gt;&gt;&gt;<\/strong><\/a><\/span><\/p>\n<p><strong>Tekst\/foto: <\/strong>S\u0142awek Chyli\u0144ski<\/p>\n","protected":false},"excerpt":{"rendered":"<p>A by\u0142o co \u015bwi\u0119towa\u0107 \u2013 100-lecie niepodleg\u0142o\u015bci, kt\u00f3re sta\u0142o si\u0119 okazj\u0105 do nadania imienia \u201eD\u0105b Niepodleg\u0142o\u015bci\u201d pomnikowi przyrody rosn\u0105cemu od 100 lat w centrum Krupi\u0144skiego.<\/p>\n","protected":false},"author":1,"featured_media":0,"comment_status":"closed","ping_status":"closed","sticky":false,"template":"","format":"standard","meta":{"footnotes":""},"categories":[5,41],"tags":[2893,2732,2892,2889],"class_list":["post-19128","post","type-post","status-publish","format-standard","hentry","category-newsy","category-wiesci-gminne","tag-dab-niepodleglosci","tag-krupinskie","tag-rada-solecka-wsi-krupinskie","tag-uroczyste-obchody-100-lecia-odzyskania-niepodleglosci"],"views":3995,"_links":{"self":[{"href":"https:\/\/info.sadowne.pl\/index.php?rest_route=\/wp\/v2\/posts\/19128","targetHints":{"allow":["GET"]}}],"collection":[{"href":"https:\/\/info.sadowne.pl\/index.php?rest_route=\/wp\/v2\/posts"}],"about":[{"href":"https:\/\/info.sadowne.pl\/index.php?rest_route=\/wp\/v2\/types\/post"}],"author":[{"embeddable":true,"href":"https:\/\/info.sadowne.pl\/index.php?rest_route=\/wp\/v2\/users\/1"}],"replies":[{"embeddable":true,"href":"https:\/\/info.sadowne.pl\/index.php?rest_route=%2Fwp%2Fv2%2Fcomments&post=19128"}],"version-history":[{"count":1,"href":"https:\/\/info.sadowne.pl\/index.php?rest_route=\/wp\/v2\/posts\/19128\/revisions"}],"predecessor-version":[{"id":19130,"href":"https:\/\/info.sadowne.pl\/index.php?rest_route=\/wp\/v2\/posts\/19128\/revisions\/19130"}],"wp:attachment":[{"href":"https:\/\/info.sadowne.pl\/index.php?rest_route=%2Fwp%2Fv2%2Fmedia&parent=19128"}],"wp:term":[{"taxonomy":"category","embeddable":true,"href":"https:\/\/info.sadowne.pl\/index.php?rest_route=%2Fwp%2Fv2%2Fcategories&post=19128"},{"taxonomy":"post_tag","embeddable":true,"href":"https:\/\/info.sadowne.pl\/index.php?rest_route=%2Fwp%2Fv2%2Ftags&post=19128"}],"curies":[{"name":"wp","href":"https:\/\/api.w.org\/{rel}","templated":true}]}}