{"id":19131,"date":"2018-09-16T12:50:02","date_gmt":"2018-09-16T10:50:02","guid":{"rendered":"http:\/\/info.sadowne.pl\/?p=19131"},"modified":"2018-09-16T13:59:36","modified_gmt":"2018-09-16T11:59:36","slug":"czy-sadowne-skrywa-tajemnice","status":"publish","type":"post","link":"https:\/\/info.sadowne.pl\/?p=19131","title":{"rendered":"Czy Sadowne skrywa tajemnice?"},"content":{"rendered":"<p><strong><img loading=\"lazy\" decoding=\"async\" class=\"alignleft size-thumbnail wp-image-19132\" src=\"http:\/\/info.sadowne.pl\/wp-content\/uploads\/2018\/09\/2018.09.16.11-180x130.jpg\" alt=\"\" width=\"180\" height=\"130\" \/>By\u0107 mo\u017ce nie, ale nie mamy do ko\u0144ca pewno\u015bci w tej kwestii. Mo\u017ce o czym\u015b nie wiemy?<\/strong><!--more--><\/p>\n<p><img loading=\"lazy\" decoding=\"async\" class=\"alignright size-full wp-image-19133\" src=\"http:\/\/info.sadowne.pl\/wp-content\/uploads\/2018\/09\/2018.09.16.12.jpg\" alt=\"\" width=\"240\" height=\"197\" \/>Ostatnio, za spraw\u0105 przygotowanej do publikacji ksi\u0105\u017cki pt. \u201eDziedzictwo\u201d, wkrad\u0142 si\u0119 w sadowie\u0144sk\u0105 sielsko\u015b\u0107 w\u0105tek tajemniczo\u015bci. Autor tej ksi\u0105\u017cki, Grzegorz Go\u0142\u0119biowski \u2013 doktor habilitowany, ekonomista, nauczyciel akademicki, urz\u0119dnik pa\u0144stwowy i\u2026 pisarz (wi\u0119cej o autorze na stronie <span style=\"color: #0000ff;\"><strong><a style=\"color: #0000ff;\" href=\"https:\/\/pl.wikipedia.org\/wiki\/Grzegorz_Go%C5%82%C4%99biowski\" target=\"_blank\" rel=\"noopener noreferrer\">https:\/\/pl.wikipedia.org\/wiki\/Grzegorz_Go%C5%82%C4%99biowski<\/a><\/strong><\/span>), podaje, \u017ce akcja jego nowej, sensacyjnej powie\u015bci jest fikcj\u0105 literack\u0105, osadzon\u0105 w istniej\u0105cych miejscowo\u015bciach i ich historii, a toczy si\u0119 \u2013 tu ciekawostka &#8211; w Sadownem oraz okolicznych miejscowo\u015bciach, a tak\u017ce w Ostrowi Mazowieckiej i Warszawie.<\/p>\n<p><a href=\"http:\/\/info.sadowne.pl\/wp-content\/uploads\/2018\/09\/2018.09.16.14.jpg\" target=\"_blank\" rel=\"noopener noreferrer\"><img loading=\"lazy\" decoding=\"async\" class=\"alignleft wp-image-19134 size-thumbnail\" src=\"http:\/\/info.sadowne.pl\/wp-content\/uploads\/2018\/09\/2018.09.16.14-180x130.jpg\" alt=\"\" width=\"180\" height=\"130\" \/><\/a><strong>Cho\u0107 to fikcja literacka, ale warto wr\u00f3ci\u0107 do jej pierwszej cz\u0119\u015bci, kt\u00f3ra pod r\u00f3wnie tajemniczym tytu\u0142em &#8211; \u201eCie\u0144 przesz\u0142o\u015bci\u201d &#8211; ukaza\u0142a si\u0119 na rynku wydawniczym w bie\u017c\u0105cym roku.<\/strong> Jej g\u0142\u00f3wnym bohaterem jest Adam Floria\u0144ski, m\u0142ody, zapalony genealog. Pewnego dnia odwiedza on Archiwum G\u0142\u00f3wne Akt Dawnych i przypadkiem spotyka staruszka przegl\u0105daj\u0105cego materia\u0142y z tej samej parafii, co on. Nie podejrzewa w\u00f3wczas, jak bardzo zawa\u017cy na jego \u017cyciu ten splot okoliczno\u015bci i dalsze wydarzenia \u2013 pozostawiona przez staruszka walizka ze starymi mapami wojennymi i\u2026 zaszyfrowany pendrive, na kt\u00f3re poluj\u0105 niebezpieczni ludzie. Dalej \u2013 niecodzienne zdarzenia i tajemnica Dolnego \u015al\u0105ska, a konkretnie ukrytych skarb\u00f3w przez opuszczaj\u0105cych tereny Polski pod koniec II wojny \u015bwiatowej nazist\u00f3w. \u00a0Fikcja??? Tak, ale poparta materia\u0142ami archiwalnymi, na kt\u00f3rych do dzisiaj bazuj\u0105 poszukiwacze skarb\u00f3w Dolnego \u015al\u0105ska.<\/p>\n<p><img loading=\"lazy\" decoding=\"async\" class=\"alignright size-thumbnail wp-image-19135\" src=\"http:\/\/info.sadowne.pl\/wp-content\/uploads\/2018\/09\/2018.09.16.13-180x130.jpg\" alt=\"\" width=\"180\" height=\"130\" \/><strong>Ale wr\u00f3\u0107my do zapowiadanego \u201eDziedzictwa\u201d, kt\u00f3re jest kontynuacj\u0105 \u201eCienia przesz\u0142o\u015bci\u201d.<\/strong> \u00a0I tu &#8211; ten sam bohater, Adam Floria\u0144ski b\u0119dzie przegl\u0105da\u0142 ksi\u0119gi metrykalne w parafii Sadowne, m.in. z lat 1852-1865, dla kt\u00f3rych skorowidz\/indeks zosta\u0142 r\u00f3wnie\u017c zamieszczony na Portalu\u00a0Info Sadowne. W jakim celu je sprawdza? Jak podaje autor, jest to zwi\u0105zane z postaci\u0105 fikcyjn\u0105 Tomasza Dupczaka, kt\u00f3ra jest wprawdzie postaci\u0105 trzecioplanow\u0105, ale \u0142\u0105czy \u201eCie\u0144 przesz\u0142o\u015bci\u201d z \u201eDziedzictwem\u201d.<\/p>\n<p><strong>Akcja \u201eDziedzictwa\u201d nabierze rozmachu na skutek tego zlecenia. G\u0142\u00f3wny bohater, Adam, zostanie poproszony o ustalenie powi\u0105za\u0144 rodzinnych i drzewa genealogicznego Anastazji Kalbarczyk zmar\u0142ej w USA. I w\u00f3wczas\u2026<\/strong> prawdopodobnie, (bo tego jeszcze nie wiemy) nast\u0105pi\u0105 po sobie nowe, sensacyjne wydarzenia. Z zapowiedzi wiemy, \u017ce b\u0119dzie chodzi\u0142o o rzekome samob\u00f3jstwo, tajemnic\u0119 pewnego szanowanego polityka i burzliwe dzieje male\u0144kiej wsi na Mazowszu. Oczywi\u015bcie chodzi tu prawdopodobnie o Sadowne, a za zwrot \u201emale\u0144ka wie\u015b\u201d autor ju\u017c przeprasza na swoim facebooku.<\/p>\n<p><strong>C\u00f3\u017c za tajemnice Regionu Sadowie\u0144skiego mo\u017cemy odkry\u0107 w \u201eDziedzictwie\u201d?<\/strong> Tego nie wiemy, cho\u0107 na bazie \u201eCienia przesz\u0142o\u015bci\u201d mo\u017cemy domy\u015bla\u0107 si\u0119, \u017ce w gr\u0119 wchodzi genealogia, historia terenu, a tak\u017ce.. by\u0107 mo\u017ce, ukryte skarby \u2013 nawet w rodzaju wa\u0142brzyskiego \u201ez\u0142otego poci\u0105gu\u201d. No c\u00f3\u017c, nawet lokalne, sadowie\u0144skie ustne przekazy zawiera\u0142y pewne elementy tajemniczo\u015bci z burzliwej historii Naszej Gminy czy z okresu np. zamieszkiwania na naszym terenie kolonist\u00f3w niemieckich, kt\u00f3rzy znikn\u0119li st\u0105d na pocz\u0105tku II wojny \u015bwiatowej, ale pozosta\u0142y po nich opuszczone cmentarze i siedliska. Mo\u017ce tam skrywa si\u0119 tajemnica i ukryty skarb, kt\u00f3rym do dzi\u015b, jak w \u201eCieniu przesz\u0142o\u015bci\u201d, opiekuj\u0105 si\u0119 osadzeni tu nadzorcy.<\/p>\n<p><strong>Zobaczymy. P. Grzegorz Go\u0142\u0119biowski zapowiada, i\u017c \u201eDziedzictwo\u201d uka\u017ce si\u0119 na rynku ok. 10 listopada br. Jest ju\u017c zaproszony do Sadownego na spotkanie autorskie, na kt\u00f3re deklaruje przywiezienie ze sob\u0105 kilku egzemplarzy nowej ksi\u0105\u017cki.<\/strong> Ju\u017c teraz zapraszamy na to spotkanie wszystkich zainteresowanych rozwik\u0142aniem zagadki \u201eDziedzictwa\u201d. Wskazane jest te\u017c, by by\u0107 w temacie, wcze\u015bniejsze zapoznanie si\u0119 z pierwsz\u0105 cz\u0119\u015bci\u0105 tej intryguj\u0105cej opowie\u015bci, czyli \u201eCieniem przesz\u0142o\u015bci\u201d \u2013 ksi\u0105\u017cka dost\u0119pna jest w zbiorach Gminnej Biblioteki Publicznej w Sadownem. Zapraszamy!<\/p>\n<p><strong>Tekst:<\/strong> S\u0142awek Chyli\u0144ski<\/p>\n<p><strong>\u0179r\u00f3d\u0142a\/Foto: <\/strong><\/p>\n<p><span style=\"color: #0000ff;\"><strong><a style=\"color: #0000ff;\" href=\"https:\/\/pl.wikipedia.org\/wiki\/Grzegorz_Go%C5%82%C4%99biowski\" target=\"_blank\" rel=\"noopener noreferrer\">https:\/\/pl.wikipedia.org\/wiki\/Grzegorz_Go%C5%82%C4%99biowski<\/a><\/strong><\/span><\/p>\n<p><span style=\"color: #0000ff;\"><strong><a style=\"color: #0000ff;\" href=\"https:\/\/www.facebook.com\/grzegorzgolebiowskiautor\/\" target=\"_blank\" rel=\"noopener noreferrer\">https:\/\/www.facebook.com\/grzegorzgolebiowskiautor\/<\/a><\/strong><\/span><\/p>\n","protected":false},"excerpt":{"rendered":"<p>By\u0107 mo\u017ce nie, ale nie mamy do ko\u0144ca pewno\u015bci w tej kwestii. Mo\u017ce o czym\u015b nie wiemy?<\/p>\n","protected":false},"author":1,"featured_media":0,"comment_status":"closed","ping_status":"closed","sticky":false,"template":"","format":"standard","meta":{"footnotes":""},"categories":[5,2149,6],"tags":[2896,2895,113,2894],"class_list":["post-19131","post","type-post","status-publish","format-standard","hentry","category-newsy","category-gminna-biblioteka-publiczna","category-kultura-rozrywka-edukacja","tag-cien-przeszlosci","tag-dziedzictwo","tag-gminna-biblioteka-publiczna-w-sadownem","tag-grzegorz-golebiowski"],"views":3391,"_links":{"self":[{"href":"https:\/\/info.sadowne.pl\/index.php?rest_route=\/wp\/v2\/posts\/19131","targetHints":{"allow":["GET"]}}],"collection":[{"href":"https:\/\/info.sadowne.pl\/index.php?rest_route=\/wp\/v2\/posts"}],"about":[{"href":"https:\/\/info.sadowne.pl\/index.php?rest_route=\/wp\/v2\/types\/post"}],"author":[{"embeddable":true,"href":"https:\/\/info.sadowne.pl\/index.php?rest_route=\/wp\/v2\/users\/1"}],"replies":[{"embeddable":true,"href":"https:\/\/info.sadowne.pl\/index.php?rest_route=%2Fwp%2Fv2%2Fcomments&post=19131"}],"version-history":[{"count":2,"href":"https:\/\/info.sadowne.pl\/index.php?rest_route=\/wp\/v2\/posts\/19131\/revisions"}],"predecessor-version":[{"id":19137,"href":"https:\/\/info.sadowne.pl\/index.php?rest_route=\/wp\/v2\/posts\/19131\/revisions\/19137"}],"wp:attachment":[{"href":"https:\/\/info.sadowne.pl\/index.php?rest_route=%2Fwp%2Fv2%2Fmedia&parent=19131"}],"wp:term":[{"taxonomy":"category","embeddable":true,"href":"https:\/\/info.sadowne.pl\/index.php?rest_route=%2Fwp%2Fv2%2Fcategories&post=19131"},{"taxonomy":"post_tag","embeddable":true,"href":"https:\/\/info.sadowne.pl\/index.php?rest_route=%2Fwp%2Fv2%2Ftags&post=19131"}],"curies":[{"name":"wp","href":"https:\/\/api.w.org\/{rel}","templated":true}]}}