{"id":19210,"date":"2018-09-29T21:30:05","date_gmt":"2018-09-29T19:30:05","guid":{"rendered":"http:\/\/info.sadowne.pl\/?p=19210"},"modified":"2018-09-29T21:30:05","modified_gmt":"2018-09-29T19:30:05","slug":"w-sadownem-walczyli-karatecy","status":"publish","type":"post","link":"https:\/\/info.sadowne.pl\/?p=19210","title":{"rendered":"W Sadownem walczyli karatecy"},"content":{"rendered":"<p><strong><img loading=\"lazy\" decoding=\"async\" class=\"alignleft size-thumbnail wp-image-19211\" src=\"http:\/\/info.sadowne.pl\/wp-content\/uploads\/2018\/09\/2018.09.29.11-180x130.jpg\" alt=\"\" width=\"180\" height=\"130\" \/>29 wrze\u015bnia w sadowie\u0144skiej Gminnej Hali Sportowej odby\u0142 si\u0119 X Og\u00f3lnopolski Turniej Karate Kyokushin.<\/strong><!--more--><\/p>\n<p>Organizatorem Turnieju dla dzieci i m\u0142odzie\u017cy by\u0142 Brokowski Klub Karate Kyokushinkai, kt\u00f3rego sekcja dzia\u0142a r\u00f3wnie\u017c w Sadownem, a jego prezesem jest p. Zbigniew W\u00f3jcicki. Patronat honorowy nad zawodami obj\u0105\u0142 Marsza\u0142ek Wojew\u00f3dztwa Mazowieckiego i W\u00f3jt Gminy Sadowne.<\/p>\n<p>Opr\u00f3cz zawodnik\u00f3w BKKK w Broku, w zawodach brali r\u00f3wnie\u017c udzia\u0142 karatecy m.in. z klub\u00f3w w Bia\u0142ymstoku, W\u0142oc\u0142awku, Zambrowie, Augustowie i W\u0119gorzewie, a nad przebiegiem Turnieju czuwa\u0142a profesjonalna komisja s\u0119dziowska.<\/p>\n<p>Turniej rozpocz\u0105\u0142 si\u0119 od konkurencji kata, po czym odby\u0142y si\u0119 walki eliminacyjne w poszczeg\u00f3lnych kategoriach wiekowych ch\u0142opc\u00f3w i dziewcz\u0105t. Po oficjalnym otwarciu zawod\u00f3w, fina\u0142owe walki wy\u0142oni\u0142y najlepszych karatek\u00f3w, kt\u00f3rych na zako\u0144czenie Turnieju nagrodzono pucharami, medalami i dyplomami. Dekoracji dokonali organizatorzy oraz gospodarze terenu i obiektu: p. Waldemar Cyran i p. Ma\u0142gorzata Zy\u015bk.<\/p>\n<p>Imprez\u0119 sportow\u0105 zako\u0144czono wsp\u00f3lnym zdj\u0119ciem. Brawa za pomys\u0142 i organizacj\u0119!<\/p>\n<p>Szczeg\u00f3\u0142owe wyniki Turnieju b\u0119d\u0105 opublikowane na stronie <span style=\"color: #0000ff;\"><a style=\"color: #0000ff;\" href=\"http:\/\/www.karate-brok.pl\/\" target=\"_blank\" rel=\"noopener noreferrer\"><strong>Brokowskiego Klubu Karate Kyokushinkai&gt;&gt;&gt;<\/strong><\/a><\/span><\/p>\n<p><span style=\"color: #0000ff;\"><a style=\"color: #0000ff;\" href=\"https:\/\/photos.google.com\/share\/AF1QipOMgvjg1LP7uMTgptHBdCu42ChobxXcMQZZ3kXnXOuaXHaGkmM6hn9WMfru_RvdMA?key=a1pxZTc0b1ZmdlY0Q1RRSXM3ZkxoZC1CQk5rZmpR\" target=\"_blank\" rel=\"noopener noreferrer\"><strong>Zdj\u0119cia w galerii Google&gt;&gt;&gt;<\/strong><\/a><\/span><\/p>\n<p><span style=\"color: #0000ff;\"><a style=\"color: #0000ff;\" href=\"https:\/\/youtu.be\/iAqpbWc59S8\" target=\"_blank\" rel=\"noopener noreferrer\"><strong>Zobacz te\u017c film&gt;&gt;&gt;<\/strong><\/a><\/span><\/p>\n<p><strong>Tekst\/foto:<\/strong> S\u0142awek Chyli\u0144ski<\/p>\n","protected":false},"excerpt":{"rendered":"<p>29 wrze\u015bnia w sadowie\u0144skiej Gminnej Hali Sportowej odby\u0142 si\u0119 X Og\u00f3lnopolski Turniej Karate Kyokushin.<\/p>\n","protected":false},"author":1,"featured_media":0,"comment_status":"closed","ping_status":"closed","sticky":false,"template":"","format":"standard","meta":{"footnotes":""},"categories":[5,2029,7],"tags":[794,2897],"class_list":["post-19210","post","type-post","status-publish","format-standard","hentry","category-newsy","category-karate","category-sport","tag-brokowski-klub-karate-kyokushinkai","tag-x-ogolnopolski-turniej-karate-kyokushin-w-sadownem"],"views":2650,"_links":{"self":[{"href":"https:\/\/info.sadowne.pl\/index.php?rest_route=\/wp\/v2\/posts\/19210","targetHints":{"allow":["GET"]}}],"collection":[{"href":"https:\/\/info.sadowne.pl\/index.php?rest_route=\/wp\/v2\/posts"}],"about":[{"href":"https:\/\/info.sadowne.pl\/index.php?rest_route=\/wp\/v2\/types\/post"}],"author":[{"embeddable":true,"href":"https:\/\/info.sadowne.pl\/index.php?rest_route=\/wp\/v2\/users\/1"}],"replies":[{"embeddable":true,"href":"https:\/\/info.sadowne.pl\/index.php?rest_route=%2Fwp%2Fv2%2Fcomments&post=19210"}],"version-history":[{"count":1,"href":"https:\/\/info.sadowne.pl\/index.php?rest_route=\/wp\/v2\/posts\/19210\/revisions"}],"predecessor-version":[{"id":19212,"href":"https:\/\/info.sadowne.pl\/index.php?rest_route=\/wp\/v2\/posts\/19210\/revisions\/19212"}],"wp:attachment":[{"href":"https:\/\/info.sadowne.pl\/index.php?rest_route=%2Fwp%2Fv2%2Fmedia&parent=19210"}],"wp:term":[{"taxonomy":"category","embeddable":true,"href":"https:\/\/info.sadowne.pl\/index.php?rest_route=%2Fwp%2Fv2%2Fcategories&post=19210"},{"taxonomy":"post_tag","embeddable":true,"href":"https:\/\/info.sadowne.pl\/index.php?rest_route=%2Fwp%2Fv2%2Ftags&post=19210"}],"curies":[{"name":"wp","href":"https:\/\/api.w.org\/{rel}","templated":true}]}}