{"id":19219,"date":"2018-09-30T20:22:36","date_gmt":"2018-09-30T18:22:36","guid":{"rendered":"http:\/\/info.sadowne.pl\/?p=19219"},"modified":"2021-09-01T21:14:04","modified_gmt":"2021-09-01T19:14:04","slug":"ziemniak-czy-kartofel","status":"publish","type":"post","link":"https:\/\/info.sadowne.pl\/?p=19219","title":{"rendered":"Ziemniak czy kartofel?"},"content":{"rendered":"<p><strong><img loading=\"lazy\" decoding=\"async\" class=\"alignleft size-thumbnail wp-image-19220\" src=\"http:\/\/info.sadowne.pl\/wp-content\/uploads\/2018\/09\/2018.09.30.12-180x130.jpg\" alt=\"\" width=\"180\" height=\"130\" \/>Pytanie trudne, ale\u2026 nazewnictwo jest uzale\u017cnione od miejsca zamieszkania. Wa\u017cne, \u017ce jest to niemal\u017ce narodowe warzywo.<\/strong><!--more--><\/p>\n<p>30 wrze\u015bnia Rada So\u0142ecka Wsi Krupi\u0144skie zorganizowa\u0142a u siebie \u201e\u015awi\u0119to Pieczonego Ziemniaka\u201d, a wi\u0119c wszystko jasne \u2013 u nas jest to ziemniak. Nie chodzi\u0142o tu o wyja\u015bnienie nazwy tego warzywa, ale o tradycj\u0119 zwi\u0105zan\u0105 z zako\u0144czeniem tzw. wykopek, z kt\u00f3rymi nieod\u0142\u0105cznie kojarzono tak\u017ce pieczenie w ognisku zebranych ziemniak\u00f3w.<\/p>\n<p>Opowiedzia\u0142a o tym na \u201eg\u00f3rce piaskowej\u201d w Krupi\u0144skiem p. so\u0142tys Barbara Laska, rozpoczynaj\u0105c wsp\u00f3lnie z mieszka\u0144cami pieczenie ziemniak\u00f3w. By\u0142y te\u017c tam oczywi\u015bcie i inne warzywa oraz lokalne produkty, kt\u00f3re ch\u0119tnie biesiadnicy przy muzyce m.in. p. Janusza Urbankowskiego spo\u017cywali. Dzieci natomiast ruszy\u0142y na g\u00f3rk\u0119 w poszukiwaniu ukrytych ziemniak\u00f3w, za znalezienie kt\u00f3rych czeka\u0142a s\u0142odka nagroda.<\/p>\n<p>Na imprez\u0119 dotarli te\u017c mi\u0142o\u015bnicy nordic walking z Sadownego. W ramach organizowanego przez Gminny O\u015brodek Kultury w Sadownem tego dnia marszu, postanowili zrobi\u0107 sobie przystanek na odpoczynek w\u0142a\u015bnie na \u201e\u015awi\u0119cie Pieczonego Ziemniaka\u201d. S\u0142uszna decyzja!<\/p>\n<p>Grunt to tradycja! Piel\u0119gnujmy wszelkie jej odmiany, a dobrze jest te\u017c\u2026 czasami si\u0119 pointegrowa\u0107.<\/p>\n<p><span style=\"color: #0000ff;\"><a style=\"color: #0000ff;\" href=\"https:\/\/photos.google.com\/share\/AF1QipN8Kw5DWuno3D4DS8qSqSI0FtUQ18C_8ZiWbnZYkZT0Jly1yzLGtMmxpBHLb4GNbA?key=YnFna1pZdzlCZTJrc0Etb0tNN2cxUmxRQW9hUGNB\" target=\"_blank\" rel=\"noopener noreferrer\"><strong>Zdj\u0119cia w galerii Google&gt;&gt;&gt;<\/strong><\/a><\/span><\/p>\n<p><strong>Tekst\/foto:<\/strong> S\u0142awek Chyli\u0144ski<\/p>\n","protected":false},"excerpt":{"rendered":"<p>Pytanie trudne, ale\u2026 nazewnictwo jest uzale\u017cnione od miejsca zamieszkania. Wa\u017cne, \u017ce jest to niemal\u017ce narodowe warzywo.<\/p>\n","protected":false},"author":1,"featured_media":0,"comment_status":"closed","ping_status":"closed","sticky":false,"template":"","format":"standard","meta":{"footnotes":""},"categories":[5,91,6,3627],"tags":[169,2846,2892,2910],"class_list":["post-19219","post","type-post","status-publish","format-standard","hentry","category-newsy","category-gminny-osrodek-kultury","category-kultura-rozrywka-edukacja","category-nordic-walking","tag-gminny-osrodek-kultury-w-sadownem","tag-marsz-nordic-walking","tag-rada-solecka-wsi-krupinskie","tag-swieto-pieczonego-ziemniaka-w-krupinskiem"],"views":2853,"_links":{"self":[{"href":"https:\/\/info.sadowne.pl\/index.php?rest_route=\/wp\/v2\/posts\/19219","targetHints":{"allow":["GET"]}}],"collection":[{"href":"https:\/\/info.sadowne.pl\/index.php?rest_route=\/wp\/v2\/posts"}],"about":[{"href":"https:\/\/info.sadowne.pl\/index.php?rest_route=\/wp\/v2\/types\/post"}],"author":[{"embeddable":true,"href":"https:\/\/info.sadowne.pl\/index.php?rest_route=\/wp\/v2\/users\/1"}],"replies":[{"embeddable":true,"href":"https:\/\/info.sadowne.pl\/index.php?rest_route=%2Fwp%2Fv2%2Fcomments&post=19219"}],"version-history":[{"count":1,"href":"https:\/\/info.sadowne.pl\/index.php?rest_route=\/wp\/v2\/posts\/19219\/revisions"}],"predecessor-version":[{"id":19221,"href":"https:\/\/info.sadowne.pl\/index.php?rest_route=\/wp\/v2\/posts\/19219\/revisions\/19221"}],"wp:attachment":[{"href":"https:\/\/info.sadowne.pl\/index.php?rest_route=%2Fwp%2Fv2%2Fmedia&parent=19219"}],"wp:term":[{"taxonomy":"category","embeddable":true,"href":"https:\/\/info.sadowne.pl\/index.php?rest_route=%2Fwp%2Fv2%2Fcategories&post=19219"},{"taxonomy":"post_tag","embeddable":true,"href":"https:\/\/info.sadowne.pl\/index.php?rest_route=%2Fwp%2Fv2%2Ftags&post=19219"}],"curies":[{"name":"wp","href":"https:\/\/api.w.org\/{rel}","templated":true}]}}