{"id":19233,"date":"2018-10-05T19:57:55","date_gmt":"2018-10-05T17:57:55","guid":{"rendered":"http:\/\/info.sadowne.pl\/?p=19233"},"modified":"2018-10-05T19:57:55","modified_gmt":"2018-10-05T17:57:55","slug":"turystyka-kulturowa","status":"publish","type":"post","link":"https:\/\/info.sadowne.pl\/?p=19233","title":{"rendered":"Turystyka kulturowa"},"content":{"rendered":"<p><strong><img loading=\"lazy\" decoding=\"async\" class=\"alignleft size-thumbnail wp-image-19234\" src=\"http:\/\/info.sadowne.pl\/wp-content\/uploads\/2018\/10\/2018.10.05.1-180x130.jpg\" alt=\"\" width=\"180\" height=\"130\" \/>5 pa\u017adziernika w W\u0119growskim O\u015brodku Kultury odby\u0142 si\u0119 III Kongres Turystyczny Powiatu W\u0119growskiego.<\/strong><!--more--><\/p>\n<p>Opr\u00f3cz np. oficjalnych wyst\u0105pie\u0144 organizator\u00f3w, w tym ich pomys\u0142odawcy p. Wicestarosty Haliny Uli\u0144skiej i go\u015bci, prezentacji film\u00f3w o ciekawych miejscach oraz wydarzeniach w Powiecie W\u0119growskim, uczestnicy Kongresu mieli te\u017c okazj\u0119 obejrze\u0107 wyst\u0119py artystyczne grup tanecznych ze szk\u00f3\u0142 \u015brednich Powiatu.<\/p>\n<p>Na scenie zaprezentowa\u0142y si\u0119 kolejno: Zesp\u00f3\u0142 Ludowy \u201eZawierucha\u201d z I Liceum Og\u00f3lnokszta\u0142c\u0105cego im. A. Mickiewicza w W\u0119growie, Zesp\u00f3\u0142 \u201eSadzewiczowa\u201d z Zespo\u0142u Szk\u00f3\u0142 Ponadgimnazjalnych w \u0141ochowie i\u2026 Grupa Taneczna \u201eSadowne\u201d z Zespo\u0142u Szk\u00f3\u0142 Ponadgimnazjalnych w Sadownem.<\/p>\n<p>Wspania\u0142a prezentacja ta\u0144c\u00f3w ludowych, a w wykonaniu naszej Grupy Tanecznej, kt\u00f3r\u0105 przygotowa\u0142a p. Miros\u0142awa Renik, r\u00f3wnie\u017c solowego wykonania pie\u015bni ludowych jako podk\u0142adu do ta\u0144ca, wzbudzi\u0142y zachwyt widowni. Brawom nie by\u0142o ko\u0144ca, a ocena poziomu wyst\u0119p\u00f3w poszczeg\u00f3lnych Zespo\u0142\u00f3w pozostaje w gestii widz\u00f3w. Na pewno mo\u017cemy by\u0107 dumni z naszych artyst\u00f3w. Brawo Grupa Taneczna \u201eSadowne\u201d.<\/p>\n<p><span style=\"color: #0000ff;\"><a style=\"color: #0000ff;\" href=\"https:\/\/photos.google.com\/share\/AF1QipPjjyNrWxJd6UMA-SYL5L05FEupDh9JykG7b68hD0BRe5nnsIzmvaRJ6eCswTsPkQ?key=Q0pSSGZ2TzFQQWNMQnBSMmVFZDZ6VkoyM09oUEFB\" target=\"_blank\" rel=\"noopener noreferrer\"><strong>Zdj\u0119cia w galerii Google&gt;&gt;&gt;<\/strong><\/a><\/span><\/p>\n<p><strong>Tekst\/foto:<\/strong> S\u0142awek Chyli\u0144ski<\/p>\n","protected":false},"excerpt":{"rendered":"<p>5 pa\u017adziernika w W\u0119growskim O\u015brodku Kultury odby\u0142 si\u0119 III Kongres Turystyczny Powiatu W\u0119growskiego.<\/p>\n","protected":false},"author":1,"featured_media":0,"comment_status":"closed","ping_status":"closed","sticky":false,"template":"","format":"standard","meta":{"footnotes":""},"categories":[5,1752,85],"tags":[2550,2907,428,182],"class_list":["post-19233","post","type-post","status-publish","format-standard","hentry","category-newsy","category-edukacja","category-zsp","tag-grupa-taneczna-sadowne","tag-iii-kongres-turystyczny-powiatu-wegrowskiego","tag-miroslawa-renik","tag-zespol-szkol-ponadgimnazjalnych-w-sadownem"],"views":2467,"_links":{"self":[{"href":"https:\/\/info.sadowne.pl\/index.php?rest_route=\/wp\/v2\/posts\/19233","targetHints":{"allow":["GET"]}}],"collection":[{"href":"https:\/\/info.sadowne.pl\/index.php?rest_route=\/wp\/v2\/posts"}],"about":[{"href":"https:\/\/info.sadowne.pl\/index.php?rest_route=\/wp\/v2\/types\/post"}],"author":[{"embeddable":true,"href":"https:\/\/info.sadowne.pl\/index.php?rest_route=\/wp\/v2\/users\/1"}],"replies":[{"embeddable":true,"href":"https:\/\/info.sadowne.pl\/index.php?rest_route=%2Fwp%2Fv2%2Fcomments&post=19233"}],"version-history":[{"count":1,"href":"https:\/\/info.sadowne.pl\/index.php?rest_route=\/wp\/v2\/posts\/19233\/revisions"}],"predecessor-version":[{"id":19235,"href":"https:\/\/info.sadowne.pl\/index.php?rest_route=\/wp\/v2\/posts\/19233\/revisions\/19235"}],"wp:attachment":[{"href":"https:\/\/info.sadowne.pl\/index.php?rest_route=%2Fwp%2Fv2%2Fmedia&parent=19233"}],"wp:term":[{"taxonomy":"category","embeddable":true,"href":"https:\/\/info.sadowne.pl\/index.php?rest_route=%2Fwp%2Fv2%2Fcategories&post=19233"},{"taxonomy":"post_tag","embeddable":true,"href":"https:\/\/info.sadowne.pl\/index.php?rest_route=%2Fwp%2Fv2%2Ftags&post=19233"}],"curies":[{"name":"wp","href":"https:\/\/api.w.org\/{rel}","templated":true}]}}