{"id":19274,"date":"2018-10-12T20:00:02","date_gmt":"2018-10-12T18:00:02","guid":{"rendered":"http:\/\/info.sadowne.pl\/?p=19274"},"modified":"2018-10-12T20:00:02","modified_gmt":"2018-10-12T18:00:02","slug":"po-raz-osmy-i-ostatni","status":"publish","type":"post","link":"https:\/\/info.sadowne.pl\/?p=19274","title":{"rendered":"Po raz \u00f3smy i\u2026 ostatni"},"content":{"rendered":"<p><strong><img loading=\"lazy\" decoding=\"async\" class=\"alignleft size-thumbnail wp-image-19275\" src=\"http:\/\/info.sadowne.pl\/wp-content\/uploads\/2018\/10\/2018.10.12.1-180x130.jpg\" alt=\"\" width=\"180\" height=\"130\" \/>12 pa\u017adziernika w sadowie\u0144skim Gimnazjum uroczy\u015bcie obchodzono Dzie\u0144 Patrona Szko\u0142y \u2013 b\u0142. ks. Edwarda Grzyma\u0142y. <\/strong><!--more--><\/p>\n<p>W przeddzie\u0144 rocznicy nadania szkole imienia b\u0142. ks. Edwarda Grzyma\u0142y sadowie\u0144skie Gimnazjum uroczy\u015bcie obchodzi\u0142o ju\u017c po raz \u00f3smy Dzie\u0144 Patrona. Uroczysto\u015bci rozpocz\u0119\u0142a przedpo\u0142udniowa msza \u015bwi\u0119ta w ko\u015bciele p.w. \u015bw. Jana Chrzciciela, a uczestniczyli w niej uczniowie sadowie\u0144skiego Gimnazjum wraz ze swoimi pedagogami, a tak\u017ce zaproszeni go\u015bcie i mieszka\u0144cy Sadownego. Msza odprawiona zosta\u0142a w intencji b\u0142ogos\u0142awionego ks. Edwarda Grzyma\u0142y, jak te\u017c nauczycieli i uczni\u00f3w gimnazjum Jego imienia.<\/p>\n<p>Po mszy dalsze uroczysto\u015bci przenios\u0142y si\u0119 do Gminnej Hali Sportowej, gdzie \u2013 po oficjalnym powitaniu przez p. Dyrektor Ma\u0142gorzat\u0119 Zy\u015bk \u2013 zebrani mieli okazj\u0119 przypomnie\u0107 sobie histori\u0119 miejscowo\u015bci, a tak\u017ce wa\u017cne fakty z \u017cycia b\u0142ogos\u0142awionego. Zadba\u0142 o to p. S\u0142awomir Akonom, kt\u00f3ry wraz z uczniami przygotowa\u0142 tematyczny monta\u017c s\u0142owno \u2013 muzyczny, a w rol\u0119 akompaniatora wcieli\u0142 si\u0119 p. Kamil Kie\u0142ek.<\/p>\n<p>Po tej cz\u0119\u015bci uroczysto\u015bci, ju\u017c tradycyjnie, odby\u0142 si\u0119 test wiedzy z \u017cycia ks. Grzyma\u0142y \u2013 tym razem w formie znanego programu telewizyjnego pt. \u201eMilionerzy\u201d \u2013 oczywi\u015bcie z nagrodami, a nast\u0119pnie p. S\u0142awek opowiedzia\u0142 o parafii Sadowne i jej urokach, wspomagaj\u0105c si\u0119 przygotowan\u0105 przez siebie prezentacj\u0105 multimedialn\u0105 pt. \u201eParafia Sadowne \u2013 dom dobrych serc\u201d.<\/p>\n<p>Uroczysto\u015b\u0107 by\u0142a te\u017c okazj\u0105 do nagrodzenia uczni\u00f3w i pracownik\u00f3w Gimnazjum wsp\u00f3\u0142pracuj\u0105cych z p. Akonomem, w tym w zakresie podtrzymywania i upowszechniania historii o Patronie Szko\u0142y, ale te\u017c os\u00f3b na bie\u017c\u0105co wsp\u00f3\u0142pracuj\u0105cych z sadowie\u0144skim Gimnazjum.<\/p>\n<p>Wspania\u0142a uroczysto\u015b\u0107 i \u015bwietnie przygotowana. \u017bal tylko, \u017ce odby\u0142a si\u0119 po raz ostatni w Gimnazjum im. b\u0142. ks. Edwarda Grzyma\u0142y \u2013 za rok Gimnazjum nie b\u0119dzie istnia\u0142o.<\/p>\n<p><span style=\"color: #0000ff;\"><a style=\"color: #0000ff;\" href=\"https:\/\/photos.google.com\/share\/AF1QipMuNa5HsTy2LNCqpfiAlr_wK6pGGt-tyg9InPT3j0EOYI6EYpAwe5N9pfreEljH0w?key=VlhPMmMxZ3hGMnVDeE5UU1FVS0FIUXBuOWVUVDdn\" target=\"_blank\" rel=\"noopener noreferrer\"><strong>Zdj\u0119cia w galerii Google&gt;&gt;&gt;<\/strong><\/a><\/span><\/p>\n<p><strong>Tekst\/foto:<\/strong> S\u0142awek Chyli\u0144ski<\/p>\n","protected":false},"excerpt":{"rendered":"<p>12 pa\u017adziernika w sadowie\u0144skim Gimnazjum uroczy\u015bcie obchodzono Dzie\u0144 Patrona Szko\u0142y \u2013 b\u0142. ks. Edwarda Grzyma\u0142y.<\/p>\n","protected":false},"author":1,"featured_media":0,"comment_status":"closed","ping_status":"closed","sticky":false,"template":"","format":"standard","meta":{"footnotes":""},"categories":[5,83,1752],"tags":[1598,71],"class_list":["post-19274","post","type-post","status-publish","format-standard","hentry","category-newsy","category-gimnazjum","category-edukacja","tag-dzien-patrona-gimnazjum-w-sadownem","tag-gimnazjum-sadowne"],"views":2957,"_links":{"self":[{"href":"https:\/\/info.sadowne.pl\/index.php?rest_route=\/wp\/v2\/posts\/19274","targetHints":{"allow":["GET"]}}],"collection":[{"href":"https:\/\/info.sadowne.pl\/index.php?rest_route=\/wp\/v2\/posts"}],"about":[{"href":"https:\/\/info.sadowne.pl\/index.php?rest_route=\/wp\/v2\/types\/post"}],"author":[{"embeddable":true,"href":"https:\/\/info.sadowne.pl\/index.php?rest_route=\/wp\/v2\/users\/1"}],"replies":[{"embeddable":true,"href":"https:\/\/info.sadowne.pl\/index.php?rest_route=%2Fwp%2Fv2%2Fcomments&post=19274"}],"version-history":[{"count":1,"href":"https:\/\/info.sadowne.pl\/index.php?rest_route=\/wp\/v2\/posts\/19274\/revisions"}],"predecessor-version":[{"id":19276,"href":"https:\/\/info.sadowne.pl\/index.php?rest_route=\/wp\/v2\/posts\/19274\/revisions\/19276"}],"wp:attachment":[{"href":"https:\/\/info.sadowne.pl\/index.php?rest_route=%2Fwp%2Fv2%2Fmedia&parent=19274"}],"wp:term":[{"taxonomy":"category","embeddable":true,"href":"https:\/\/info.sadowne.pl\/index.php?rest_route=%2Fwp%2Fv2%2Fcategories&post=19274"},{"taxonomy":"post_tag","embeddable":true,"href":"https:\/\/info.sadowne.pl\/index.php?rest_route=%2Fwp%2Fv2%2Ftags&post=19274"}],"curies":[{"name":"wp","href":"https:\/\/api.w.org\/{rel}","templated":true}]}}