{"id":19297,"date":"2018-10-15T12:33:13","date_gmt":"2018-10-15T10:33:13","guid":{"rendered":"http:\/\/info.sadowne.pl\/?p=19297"},"modified":"2018-10-15T12:37:50","modified_gmt":"2018-10-15T10:37:50","slug":"czy-uroda-jest-najwazniejsza","status":"publish","type":"post","link":"https:\/\/info.sadowne.pl\/?p=19297","title":{"rendered":"Czy uroda jest najwa\u017cniejsza?"},"content":{"rendered":"<p><strong><a href=\"http:\/\/info.sadowne.pl\/wp-content\/uploads\/2018\/10\/2018.10.15.1.jpg\" target=\"_blank\" rel=\"noopener noreferrer\"><img loading=\"lazy\" decoding=\"async\" class=\"alignleft wp-image-19298 size-thumbnail\" src=\"http:\/\/info.sadowne.pl\/wp-content\/uploads\/2018\/10\/2018.10.15.1-180x130.jpg\" alt=\"\" width=\"180\" height=\"130\" \/><\/a>11 pa\u017adziernika 2018 roku w Szkole Podstawowej w Grabinach go\u015bcili aktorzy ze studia artystycznego AKADA z Suwa\u0142k. <\/strong><!--more--><\/p>\n<p>Wyst\u0105pili ze sztuk\u0105 teatraln\u0105\u00a0pt. \u201eKto jest najpi\u0119kniejszy?\u201d, a jej odbiorcami by\u0142y dzieci z przedszkola i klas I \u2013 III.<\/p>\n<p>Przes\u0142aniem spektaklu by\u0142o to, \u017ce uroda w \u017cyciu nie jest najwa\u017cniejsza, liczy si\u0119 pomoc i dobre serce.<\/p>\n<p>Wi\u0119cej na stronie <span style=\"color: #0000ff;\"><strong><a style=\"color: #0000ff;\" href=\"http:\/\/zspgrabiny.pl\/szkola-podstawowa\/2018\/10\/11\/kto-jest-najpiekniejszy\/#more-2298\" target=\"_blank\" rel=\"noopener noreferrer\">http:\/\/zspgrabiny.pl\/szkola-podstawowa\/2018\/10\/11\/kto-jest-najpiekniejszy\/#more-2298<\/a><\/strong><\/span><\/p>\n<p><strong>Tekst:<\/strong> S\u0142awek Chyli\u0144ski<\/p>\n<p><strong>\u0179r\u00f3d\u0142o\/foto:<\/strong> <a href=\"http:\/\/zspgrabiny.pl\/szkola-podstawowa\/\" target=\"_blank\" rel=\"noopener noreferrer\">http:\/\/zspgrabiny.pl\/szkola-podstawowa\/<\/a><\/p>\n","protected":false},"excerpt":{"rendered":"<p>11 pa\u017adziernika 2018 roku w Szkole Podstawowej w Grabinach go\u015bcili aktorzy ze studia artystycznego AKADA z Suwa\u0142k.<\/p>\n","protected":false},"author":1,"featured_media":0,"comment_status":"closed","ping_status":"closed","sticky":false,"template":"","format":"standard","meta":{"footnotes":""},"categories":[5,1752,1120],"tags":[566,2797],"class_list":["post-19297","post","type-post","status-publish","format-standard","hentry","category-newsy","category-edukacja","category-zespol-szkolno-przedszkolny-w-grabinach","tag-przedstawienie","tag-szkola-podstawowa-im-ks-jana-twardowskiego-w-grabinach"],"views":2671,"_links":{"self":[{"href":"https:\/\/info.sadowne.pl\/index.php?rest_route=\/wp\/v2\/posts\/19297","targetHints":{"allow":["GET"]}}],"collection":[{"href":"https:\/\/info.sadowne.pl\/index.php?rest_route=\/wp\/v2\/posts"}],"about":[{"href":"https:\/\/info.sadowne.pl\/index.php?rest_route=\/wp\/v2\/types\/post"}],"author":[{"embeddable":true,"href":"https:\/\/info.sadowne.pl\/index.php?rest_route=\/wp\/v2\/users\/1"}],"replies":[{"embeddable":true,"href":"https:\/\/info.sadowne.pl\/index.php?rest_route=%2Fwp%2Fv2%2Fcomments&post=19297"}],"version-history":[{"count":2,"href":"https:\/\/info.sadowne.pl\/index.php?rest_route=\/wp\/v2\/posts\/19297\/revisions"}],"predecessor-version":[{"id":19300,"href":"https:\/\/info.sadowne.pl\/index.php?rest_route=\/wp\/v2\/posts\/19297\/revisions\/19300"}],"wp:attachment":[{"href":"https:\/\/info.sadowne.pl\/index.php?rest_route=%2Fwp%2Fv2%2Fmedia&parent=19297"}],"wp:term":[{"taxonomy":"category","embeddable":true,"href":"https:\/\/info.sadowne.pl\/index.php?rest_route=%2Fwp%2Fv2%2Fcategories&post=19297"},{"taxonomy":"post_tag","embeddable":true,"href":"https:\/\/info.sadowne.pl\/index.php?rest_route=%2Fwp%2Fv2%2Ftags&post=19297"}],"curies":[{"name":"wp","href":"https:\/\/api.w.org\/{rel}","templated":true}]}}