{"id":19306,"date":"2018-10-15T18:20:33","date_gmt":"2018-10-15T16:20:33","guid":{"rendered":"http:\/\/info.sadowne.pl\/?p=19306"},"modified":"2018-10-15T18:21:00","modified_gmt":"2018-10-15T16:21:00","slug":"plener-malarski-w-krupinskiem","status":"publish","type":"post","link":"https:\/\/info.sadowne.pl\/?p=19306","title":{"rendered":"Plener Malarski w Krupi\u0144skiem"},"content":{"rendered":"<p><strong><img loading=\"lazy\" decoding=\"async\" class=\"alignleft size-thumbnail wp-image-19307\" src=\"http:\/\/info.sadowne.pl\/wp-content\/uploads\/2018\/10\/2018.10.15.21-180x130.jpg\" alt=\"\" width=\"180\" height=\"130\" \/>W niedziel\u0119 14 pa\u017adziernika we wsi Krupi\u0144skie odby\u0142 si\u0119 plener malarski. Dopisa\u0142a pogoda, jak i uczestnicy. <\/strong><!--more--><\/p>\n<p>Ka\u017cdy m\u00f3g\u0142 wybra\u0107 odpowiedni\u0105 dla siebie technik\u0119 malowanie, rysunek w\u0119glem lub o\u0142\u00f3wkiem. Obiektami prac uczestnik\u00f3w by\u0142y zabytkowy m\u0142yn, stuletni d\u0105b, wydmy, ku\u017ania oraz staw. Dla wszystkich uczestnik\u00f3w zosta\u0142 przygotowany pocz\u0119stunek. Prace wezm\u0105 udzia\u0142 w konkursie, a po wernisa\u017cu zostan\u0105 przekazane \u015bwietlicy wiejskiej we wsi Krupi\u0144skie oraz Gminnemu O\u015brodkowi Kultury w Sadownem.<\/p>\n<p>Plener rozpocz\u0105\u0142 realizowany przez fundacj\u0119 Akomodacja projekt \u201eEtno-design ziemi sadowie\u0144skiej\u201d dofinansowany ze \u015brodk\u00f3w z bud\u017cetu Narodowego Centrum Kultury w ramach programu Kultura &#8211; Interwencje 2018 EtnoPolska.<\/p>\n<p><strong>Tamara Szewczak<\/strong><\/p>\n<p><strong>Fot. <\/strong>Wioletta Urynowicz<\/p>\n<p><span style=\"color: #0000ff;\"><a style=\"color: #0000ff;\" href=\"https:\/\/photos.google.com\/share\/AF1QipPkwmDevbfOu-mFKPcFU9EGqN8ViAtU-W0FJqztwNTCMsNdtilwsybJfe8jX3jxHg?key=ZmJHUWNla2dqRU4xbmlRTmhia0xrMTNKT0owMXR3\" target=\"_blank\" rel=\"noopener noreferrer\"><strong>Zdj\u0119cia w galerii Google&gt;&gt;&gt;<\/strong><\/a><\/span><\/p>\n","protected":false},"excerpt":{"rendered":"<p>W niedziel\u0119 14 pa\u017adziernika we wsi Krupi\u0144skie odby\u0142 si\u0119 plener malarski. Dopisa\u0142a pogoda, jak i uczestnicy.<\/p>\n","protected":false},"author":1,"featured_media":0,"comment_status":"closed","ping_status":"closed","sticky":false,"template":"","format":"standard","meta":{"footnotes":""},"categories":[5,91,6],"tags":[169,2732,2924],"class_list":["post-19306","post","type-post","status-publish","format-standard","hentry","category-newsy","category-gminny-osrodek-kultury","category-kultura-rozrywka-edukacja","tag-gminny-osrodek-kultury-w-sadownem","tag-krupinskie","tag-plener-malarski-w-krupinskiem"],"views":2762,"_links":{"self":[{"href":"https:\/\/info.sadowne.pl\/index.php?rest_route=\/wp\/v2\/posts\/19306","targetHints":{"allow":["GET"]}}],"collection":[{"href":"https:\/\/info.sadowne.pl\/index.php?rest_route=\/wp\/v2\/posts"}],"about":[{"href":"https:\/\/info.sadowne.pl\/index.php?rest_route=\/wp\/v2\/types\/post"}],"author":[{"embeddable":true,"href":"https:\/\/info.sadowne.pl\/index.php?rest_route=\/wp\/v2\/users\/1"}],"replies":[{"embeddable":true,"href":"https:\/\/info.sadowne.pl\/index.php?rest_route=%2Fwp%2Fv2%2Fcomments&post=19306"}],"version-history":[{"count":2,"href":"https:\/\/info.sadowne.pl\/index.php?rest_route=\/wp\/v2\/posts\/19306\/revisions"}],"predecessor-version":[{"id":19309,"href":"https:\/\/info.sadowne.pl\/index.php?rest_route=\/wp\/v2\/posts\/19306\/revisions\/19309"}],"wp:attachment":[{"href":"https:\/\/info.sadowne.pl\/index.php?rest_route=%2Fwp%2Fv2%2Fmedia&parent=19306"}],"wp:term":[{"taxonomy":"category","embeddable":true,"href":"https:\/\/info.sadowne.pl\/index.php?rest_route=%2Fwp%2Fv2%2Fcategories&post=19306"},{"taxonomy":"post_tag","embeddable":true,"href":"https:\/\/info.sadowne.pl\/index.php?rest_route=%2Fwp%2Fv2%2Ftags&post=19306"}],"curies":[{"name":"wp","href":"https:\/\/api.w.org\/{rel}","templated":true}]}}