{"id":19313,"date":"2018-10-16T19:11:36","date_gmt":"2018-10-16T17:11:36","guid":{"rendered":"http:\/\/info.sadowne.pl\/?p=19313"},"modified":"2018-10-16T19:11:36","modified_gmt":"2018-10-16T17:11:36","slug":"i-to-nazywa-sie-integracja","status":"publish","type":"post","link":"https:\/\/info.sadowne.pl\/?p=19313","title":{"rendered":"I to nazywa si\u0119 integracja\u2026"},"content":{"rendered":"<p><strong><img loading=\"lazy\" decoding=\"async\" class=\"alignleft size-thumbnail wp-image-19314\" src=\"http:\/\/info.sadowne.pl\/wp-content\/uploads\/2018\/10\/2018.10.16.1-180x130.jpg\" alt=\"\" width=\"180\" height=\"130\" \/>Dziadkowie i wnukowie, rodzice i dzieci, go\u015bcie, seniorzy \u2013 wszyscy wybrali si\u0119 na Piknik Integracyjny, kt\u00f3ry odby\u0142 si\u0119 w Sadownem.<\/strong><!--more--><\/p>\n<p>Stowarzyszenie \u201eSadowie\u0144ski Klub Seniora\u201d od prawie p\u00f3\u0142 roku realizuje projekt pn. \u201eAktywny senior\u201d, w ramach kt\u00f3rego odbywaj\u0105 si\u0119 m.in. zaj\u0119cia sportowe, zaj\u0119cia tematyczne dotycz\u0105cych zdrowego od\u017cywiania, chor\u00f3b spo\u0142ecznych, bezpiecze\u0144stwa itp., a tak\u017ce zorganizowano dwudniowy wyjazd integracyjny do Kazimierza Dolnego, Na\u0142\u0119czowa i Koz\u0142\u00f3wki. Uczestnikami projektu s\u0105 seniorzy z terenu gminy Sadowne, cz\u0142onkowie Sadowie\u0144skiego Klubu Seniora, ale te\u017c inni ch\u0119tni seniorzy \u2013 osoby w wieku 55+.<\/p>\n<p><strong>Sadowie\u0144ski Klub Seniora, dzia\u0142aj\u0105cy pod kierunkiem p. Gra\u017cyny K\u0105dzieli, zaplanowa\u0142 r\u00f3wnie\u017c mi\u0119dzypokoleniowy Piknik Integracyjny.<\/strong> Odby\u0142 si\u0119 on 16 pa\u017adziernika w sadowie\u0144skiej Sali OSP, a w jego organizacj\u0119 czynnie w\u0142\u0105czy\u0142 si\u0119 Gminny O\u015brodek Pomocy Spo\u0142ecznej w Sadownem wraz ze swoj\u0105 szefow\u0105 p. Jadwig\u0105 Gutowsk\u0105. Organizatorzy zadbali o wszelkie atrakcje zar\u00f3wno dla dzieci, jak i troch\u0119 starszych uczestnik\u00f3w Pikniku.<\/p>\n<p><strong>Po oficjalnym otwarciu<\/strong>, swoj\u0105 cz\u0119\u015b\u0107 artystyczn\u0105 przedstawi\u0142y dzieciaki z sadowie\u0144skiego Przedszkola. Maluchy zaprezentowa\u0142y inscenizacj\u0119 pt. \u201eBabuszki\u201d, a \u201eTeatr rodzica\u201d, w kt\u00f3rym aktorami s\u0105 rodzice i dziadkowie dzieci z tego Przedszkola, przedstawi\u0142 humorystyczn\u0105 interpretacj\u0119 \u201eRzepki\u201d Juliana Tuwima. Tu\u017c za nimi zaprezentowa\u0142a si\u0119 Grupa Teatralna z Gminnego O\u015brodka Kultury w Sadownem, kt\u00f3r\u0105 kieruje p. Danuta Chyli\u0144ska. M\u0142odzi aktorzy wcielili si\u0119 w role senior\u00f3w, przedstawili scenk\u0119 \u201eSpotkanie w Klubie Seniora\u201d, podczas kt\u00f3rej zaproponowali obecnym na sali seniorom zaskakuj\u0105c\u0105 recept\u0119 na ciekawe oraz aktywne \u017cycie i d\u0142ugowieczno\u015b\u0107. Wyst\u0119p zako\u0144czy\u0142 si\u0119 wsp\u00f3lnie od\u015bpiewan\u0105 piosenk\u0105.<\/p>\n<p><strong>A w mi\u0119dzyczasie i potem? Jak by\u0142o w planach<\/strong> \u2013 co\u015b na ciep\u0142o, na zimno, na s\u0142odko, po prostu \u2013 wsp\u00f3lne, integracyjne biesiadowanie i oczywi\u015bcie zabawa, kt\u00f3r\u0105 prowadzi\u0142 DJ. Aktywno\u015bci\u0105 wykazywali si\u0119 tu wszyscy i co wa\u017cne \u2013 troch\u0119 musieli rywalizowa\u0107, bo organizatorzy przygotowali nagrody dla zwyci\u0119zc\u00f3w, ale\u2026 te\u017c i dla wszystkich uczestnik\u00f3w.<\/p>\n<p><strong>Wspania\u0142y Piknik Integracyjny \u2013 rodzinny, ciep\u0142y, weso\u0142y i \u015bwietnie przygotowany. I to nazywa si\u0119 integracja\u2026 Brawa dla organizator\u00f3w i prosimy o wi\u0119cej!<\/strong><\/p>\n<p><span style=\"color: #0000ff;\"><a style=\"color: #0000ff;\" href=\"https:\/\/photos.google.com\/share\/AF1QipNYIkYl18bzoiKBgHogrk8QVeIkhFWoM42G5kUuW6lWojPhx9PxSRaC7IX7ERMYgg?key=UGF0NmtFVnUzcGJGMVdXUVpQNFpaUzR5VTBDd013\" target=\"_blank\" rel=\"noopener noreferrer\"><strong>Zdj\u0119cia w galerii Google&gt;&gt;&gt;<\/strong><\/a><\/span><\/p>\n<p><strong>Tekst\/foto:<\/strong> S\u0142awek Chyli\u0144ski<\/p>\n","protected":false},"excerpt":{"rendered":"<p>Dziadkowie i wnukowie, rodzice i dzieci, go\u015bcie, seniorzy \u2013 wszyscy wybrali si\u0119 na Piknik Integracyjny, kt\u00f3ry odby\u0142 si\u0119 w Sadownem.<\/p>\n","protected":false},"author":1,"featured_media":0,"comment_status":"closed","ping_status":"closed","sticky":false,"template":"","format":"standard","meta":{"footnotes":""},"categories":[5,91,6],"tags":[1881,2915,2808,2494],"class_list":["post-19313","post","type-post","status-publish","format-standard","hentry","category-newsy","category-gminny-osrodek-kultury","category-kultura-rozrywka-edukacja","tag-gminny-osrodek-pomocy-spolecznej-w-sadownem","tag-piknik-integracyjny-w-sadownem","tag-projekt-aktywny-senior","tag-stowarzyszenie-sadowienski-klub-seniora"],"views":3099,"_links":{"self":[{"href":"https:\/\/info.sadowne.pl\/index.php?rest_route=\/wp\/v2\/posts\/19313","targetHints":{"allow":["GET"]}}],"collection":[{"href":"https:\/\/info.sadowne.pl\/index.php?rest_route=\/wp\/v2\/posts"}],"about":[{"href":"https:\/\/info.sadowne.pl\/index.php?rest_route=\/wp\/v2\/types\/post"}],"author":[{"embeddable":true,"href":"https:\/\/info.sadowne.pl\/index.php?rest_route=\/wp\/v2\/users\/1"}],"replies":[{"embeddable":true,"href":"https:\/\/info.sadowne.pl\/index.php?rest_route=%2Fwp%2Fv2%2Fcomments&post=19313"}],"version-history":[{"count":1,"href":"https:\/\/info.sadowne.pl\/index.php?rest_route=\/wp\/v2\/posts\/19313\/revisions"}],"predecessor-version":[{"id":19315,"href":"https:\/\/info.sadowne.pl\/index.php?rest_route=\/wp\/v2\/posts\/19313\/revisions\/19315"}],"wp:attachment":[{"href":"https:\/\/info.sadowne.pl\/index.php?rest_route=%2Fwp%2Fv2%2Fmedia&parent=19313"}],"wp:term":[{"taxonomy":"category","embeddable":true,"href":"https:\/\/info.sadowne.pl\/index.php?rest_route=%2Fwp%2Fv2%2Fcategories&post=19313"},{"taxonomy":"post_tag","embeddable":true,"href":"https:\/\/info.sadowne.pl\/index.php?rest_route=%2Fwp%2Fv2%2Ftags&post=19313"}],"curies":[{"name":"wp","href":"https:\/\/api.w.org\/{rel}","templated":true}]}}